{"id":27929,"date":"2021-12-07T08:50:26","date_gmt":"2021-12-07T11:50:26","guid":{"rendered":"https:\/\/temucotelevision.cl\/web\/?p=27929"},"modified":"2021-12-07T08:50:27","modified_gmt":"2021-12-07T11:50:27","slug":"lil-geremi-sorprende-con-nuevo-feat-con-alex-got","status":"publish","type":"post","link":"https:\/\/temucotelevision.cl\/web\/2021\/12\/07\/lil-geremi-sorprende-con-nuevo-feat-con-alex-got\/","title":{"rendered":"Lil Geremi sorprende con nuevo feat. con Alex Got"},"content":{"rendered":"<div class=\"pvc_clear\"><\/div><p id=\"pvc_stats_27929\" class=\"pvc_stats total_only  \" data-element-id=\"27929\" style=\"\"><i class=\"pvc-stats-icon large\" aria-hidden=\"true\"><svg aria-hidden=\"true\" focusable=\"false\" data-prefix=\"far\" data-icon=\"chart-bar\" role=\"img\" xmlns=\"http:\/\/www.w3.org\/2000\/svg\" viewBox=\"0 0 512 512\" class=\"svg-inline--fa fa-chart-bar fa-w-16 fa-2x\"><path fill=\"currentColor\" d=\"M396.8 352h22.4c6.4 0 12.8-6.4 12.8-12.8V108.8c0-6.4-6.4-12.8-12.8-12.8h-22.4c-6.4 0-12.8 6.4-12.8 12.8v230.4c0 6.4 6.4 12.8 12.8 12.8zm-192 0h22.4c6.4 0 12.8-6.4 12.8-12.8V140.8c0-6.4-6.4-12.8-12.8-12.8h-22.4c-6.4 0-12.8 6.4-12.8 12.8v198.4c0 6.4 6.4 12.8 12.8 12.8zm96 0h22.4c6.4 0 12.8-6.4 12.8-12.8V204.8c0-6.4-6.4-12.8-12.8-12.8h-22.4c-6.4 0-12.8 6.4-12.8 12.8v134.4c0 6.4 6.4 12.8 12.8 12.8zM496 400H48V80c0-8.84-7.16-16-16-16H16C7.16 64 0 71.16 0 80v336c0 17.67 14.33 32 32 32h464c8.84 0 16-7.16 16-16v-16c0-8.84-7.16-16-16-16zm-387.2-48h22.4c6.4 0 12.8-6.4 12.8-12.8v-70.4c0-6.4-6.4-12.8-12.8-12.8h-22.4c-6.4 0-12.8 6.4-12.8 12.8v70.4c0 6.4 6.4 12.8 12.8 12.8z\" class=\"\"><\/path><\/svg><\/i> <img loading=\"lazy\" decoding=\"async\" width=\"16\" height=\"16\" alt=\"Loading\" src=\"https:\/\/temucotelevision.cl\/web\/wp-content\/plugins\/page-views-count\/ajax-loader-2x.gif\" border=0 \/><\/p><div class=\"pvc_clear\"><\/div>\n<p><strong>Dos de los j\u00f3venes exponentes del g\u00e9nero urbano se unen en \u201cTranquilo\u201d, single con el que seguir\u00e1n abri\u00e9ndose paso en la escena nacional.<\/strong><\/p>\n\n\n\n<iframe loading=\"lazy\" width=\"560\" height=\"315\" src=\"https:\/\/www.youtube.com\/embed\/KE9NRcA-b_M\" title=\"YouTube video player\" frameborder=\"0\" allow=\"accelerometer; autoplay; clipboard-write; encrypted-media; gyroscope; picture-in-picture\" allowfullscreen><\/iframe>\n\n\n\n<p>Gerem\u00edas Ampuero es Lil Geremi, rapero nacional que desde La Pintana ha desarrollado su proyecto musical con gran \u00e9xito. Poseedor de un gran talento y desbordante energ\u00eda, Lil Geremi se est\u00e1 haciendo de un nombre en la escena nacional, apoyado por el sello Ebi Music y d\u00e1ndose a conocer mediante colaboraciones con otros artistas nacionales.&nbsp;<strong>\u201cTranquilo\u201d es una muestra de aquello y su nueva apuesta junto a su amigo Alex Got<\/strong>.<\/p>\n\n\n\n<p>Este single es un dembow, donde ambos cantantes se lucen con su estilo y carisma.<strong>&nbsp;El video clip, fue grabado en Miami&nbsp;<\/strong>con una producci\u00f3n de gran inversi\u00f3n y excelente factura, calidad que se puede apreciar en su imagen y sonido.<\/p>\n\n\n\n<p>Asimismo, en este registro muestran una diferencia en su propuesta, ya que al contrario de lo que el p\u00fablico est\u00e1 acostumbrado a ver en los videos de dembow, en&nbsp;<strong>\u201cTranquilo\u201d no existen im\u00e1genes explicitas de mujeres y se presenta como un carrete entre amigos&nbsp;<\/strong>donde no se muestra m\u00e1s de la cuenta.<\/p>\n\n\n\n<p>Con s\u00f3lo 19 a\u00f1os, Lil Geremy ya cuenta con una importante trayectoria en la m\u00fasica urbana hecha en Chile.<strong>&nbsp;Logr\u00f3 ser reconocido en 2019 con su sencillo \u201cNo habli maldito\u201d y con su posterior Remix con destacados artistas nacionales, as\u00ed como tambi\u00e9n con sus \u00e9xitos \u201cDalo Todo\u201d, \u201cMenor\u201d, \u201cAndo en un makinon\u201d, \u201cFlow picantoso\u201d con Pablo Chill-E y \u201cNada es como antes\u201d junto a Abraham Wayne<\/strong>.<\/p>\n","protected":false},"excerpt":{"rendered":"<div class=\"pvc_clear\"><\/div>\n<p id=\"pvc_stats_27929\" class=\"pvc_stats total_only  \" data-element-id=\"27929\" style=\"\"><i class=\"pvc-stats-icon large\" aria-hidden=\"true\"><svg aria-hidden=\"true\" focusable=\"false\" data-prefix=\"far\" data-icon=\"chart-bar\" role=\"img\" xmlns=\"http:\/\/www.w3.org\/2000\/svg\" viewBox=\"0 0 512 512\" class=\"svg-inline--fa fa-chart-bar fa-w-16 fa-2x\"><path fill=\"currentColor\" d=\"M396.8 352h22.4c6.4 0 12.8-6.4 12.8-12.8V108.8c0-6.4-6.4-12.8-12.8-12.8h-22.4c-6.4 0-12.8 6.4-12.8 12.8v230.4c0 6.4 6.4 12.8 12.8 12.8zm-192 0h22.4c6.4 0 12.8-6.4 12.8-12.8V140.8c0-6.4-6.4-12.8-12.8-12.8h-22.4c-6.4 0-12.8 6.4-12.8 12.8v198.4c0 6.4 6.4 12.8 12.8 12.8zm96 0h22.4c6.4 0 12.8-6.4 12.8-12.8V204.8c0-6.4-6.4-12.8-12.8-12.8h-22.4c-6.4 0-12.8 6.4-12.8 12.8v134.4c0 6.4 6.4 12.8 12.8 12.8zM496 400H48V80c0-8.84-7.16-16-16-16H16C7.16 64 0 71.16 0 80v336c0 17.67 14.33 32 32 32h464c8.84 0 16-7.16 16-16v-16c0-8.84-7.16-16-16-16zm-387.2-48h22.4c6.4 0 12.8-6.4 12.8-12.8v-70.4c0-6.4-6.4-12.8-12.8-12.8h-22.4c-6.4 0-12.8 6.4-12.8 12.8v70.4c0 6.4 6.4 12.8 12.8 12.8z\" class=\"\"><\/path><\/svg><\/i> <img loading=\"lazy\" decoding=\"async\" width=\"16\" height=\"16\" alt=\"Loading\" src=\"https:\/\/temucotelevision.cl\/web\/wp-content\/plugins\/page-views-count\/ajax-loader-2x.gif\" border=0 \/><\/p>\n<div class=\"pvc_clear\"><\/div>\n<p>Dos de los j\u00f3venes exponentes del g\u00e9nero urbano se unen en \u201cTranquilo\u201d, single con el que seguir\u00e1n abri\u00e9ndose paso en<\/p>\n","protected":false},"author":1,"featured_media":27930,"comment_status":"open","ping_status":"open","sticky":false,"template":"","format":"standard","meta":{"colormag_page_container_layout":"default_layout","colormag_page_sidebar_layout":"default_layout","footnotes":""},"categories":[369],"tags":[432,155,372,1177],"class_list":["post-27929","post","type-post","status-publish","format-standard","has-post-thumbnail","hentry","category-musica","tag-jovenes","tag-proyecto","tag-single","tag-talento"],"a3_pvc":{"activated":true,"total_views":72,"today_views":0},"_links":{"self":[{"href":"https:\/\/temucotelevision.cl\/web\/wp-json\/wp\/v2\/posts\/27929","targetHints":{"allow":["GET"]}}],"collection":[{"href":"https:\/\/temucotelevision.cl\/web\/wp-json\/wp\/v2\/posts"}],"about":[{"href":"https:\/\/temucotelevision.cl\/web\/wp-json\/wp\/v2\/types\/post"}],"author":[{"embeddable":true,"href":"https:\/\/temucotelevision.cl\/web\/wp-json\/wp\/v2\/users\/1"}],"replies":[{"embeddable":true,"href":"https:\/\/temucotelevision.cl\/web\/wp-json\/wp\/v2\/comments?post=27929"}],"version-history":[{"count":1,"href":"https:\/\/temucotelevision.cl\/web\/wp-json\/wp\/v2\/posts\/27929\/revisions"}],"predecessor-version":[{"id":27931,"href":"https:\/\/temucotelevision.cl\/web\/wp-json\/wp\/v2\/posts\/27929\/revisions\/27931"}],"wp:featuredmedia":[{"embeddable":true,"href":"https:\/\/temucotelevision.cl\/web\/wp-json\/wp\/v2\/media\/27930"}],"wp:attachment":[{"href":"https:\/\/temucotelevision.cl\/web\/wp-json\/wp\/v2\/media?parent=27929"}],"wp:term":[{"taxonomy":"category","embeddable":true,"href":"https:\/\/temucotelevision.cl\/web\/wp-json\/wp\/v2\/categories?post=27929"},{"taxonomy":"post_tag","embeddable":true,"href":"https:\/\/temucotelevision.cl\/web\/wp-json\/wp\/v2\/tags?post=27929"}],"curies":[{"name":"wp","href":"https:\/\/api.w.org\/{rel}","templated":true}]}}