{"id":27926,"date":"2021-12-06T18:01:00","date_gmt":"2021-12-06T21:01:00","guid":{"rendered":"https:\/\/temucotelevision.cl\/web\/?p=27926"},"modified":"2021-12-06T18:01:01","modified_gmt":"2021-12-06T21:01:01","slug":"internos-de-las-unidades-penales-de-la-araucania-rinden-la-pdt","status":"publish","type":"post","link":"https:\/\/temucotelevision.cl\/web\/2021\/12\/06\/internos-de-las-unidades-penales-de-la-araucania-rinden-la-pdt\/","title":{"rendered":"Internos de las Unidades Penales de La Araucan\u00eda rinden la PDT"},"content":{"rendered":"<div class=\"pvc_clear\"><\/div><p id=\"pvc_stats_27926\" class=\"pvc_stats total_only  \" data-element-id=\"27926\" style=\"\"><i class=\"pvc-stats-icon large\" aria-hidden=\"true\"><svg aria-hidden=\"true\" focusable=\"false\" data-prefix=\"far\" data-icon=\"chart-bar\" role=\"img\" xmlns=\"http:\/\/www.w3.org\/2000\/svg\" viewBox=\"0 0 512 512\" class=\"svg-inline--fa fa-chart-bar fa-w-16 fa-2x\"><path fill=\"currentColor\" d=\"M396.8 352h22.4c6.4 0 12.8-6.4 12.8-12.8V108.8c0-6.4-6.4-12.8-12.8-12.8h-22.4c-6.4 0-12.8 6.4-12.8 12.8v230.4c0 6.4 6.4 12.8 12.8 12.8zm-192 0h22.4c6.4 0 12.8-6.4 12.8-12.8V140.8c0-6.4-6.4-12.8-12.8-12.8h-22.4c-6.4 0-12.8 6.4-12.8 12.8v198.4c0 6.4 6.4 12.8 12.8 12.8zm96 0h22.4c6.4 0 12.8-6.4 12.8-12.8V204.8c0-6.4-6.4-12.8-12.8-12.8h-22.4c-6.4 0-12.8 6.4-12.8 12.8v134.4c0 6.4 6.4 12.8 12.8 12.8zM496 400H48V80c0-8.84-7.16-16-16-16H16C7.16 64 0 71.16 0 80v336c0 17.67 14.33 32 32 32h464c8.84 0 16-7.16 16-16v-16c0-8.84-7.16-16-16-16zm-387.2-48h22.4c6.4 0 12.8-6.4 12.8-12.8v-70.4c0-6.4-6.4-12.8-12.8-12.8h-22.4c-6.4 0-12.8 6.4-12.8 12.8v70.4c0 6.4 6.4 12.8 12.8 12.8z\" class=\"\"><\/path><\/svg><\/i> <img loading=\"lazy\" decoding=\"async\" width=\"16\" height=\"16\" alt=\"Loading\" src=\"https:\/\/temucotelevision.cl\/web\/wp-content\/plugins\/page-views-count\/ajax-loader-2x.gif\" border=0 \/><\/p><div class=\"pvc_clear\"><\/div>\n<p><em>El proceso que se ha desarrollado en completa normalidad al interior de los recintos penitenciarios.&nbsp;<\/em><\/p>\n\n\n\n<p>51 internos e internas de las diferentes unidades penales de la La Araucan\u00eda, se encuentran rindiendo la Prueba de Transici\u00f3n Universitaria (PDT), lo cual se enmarca en el trabajo realizado por el Gendarmer\u00eda de Chile para la reinserci\u00f3n social de las personas privadas de libertad.&nbsp;<\/p>\n\n\n\n<p>Es as\u00ed como, esta ma\u00f1ana a partir de las 10 horas, se inici\u00f3 la rendici\u00f3n de la PDT en 5 Sedes, espec\u00edficamente el Centro de Cumplimiento Penitenciario de Temuco y los Centros de Detenci\u00f3n Preventiva de Angol, Traigu\u00e9n, Victoria y Villarrica.&nbsp;<\/p>\n\n\n\n<p>Al respecto, el director regional (S) de Gendarmer\u00eda coronel Pedro Sanhueza Cort\u00e9s destac\u00f3 \u201cComo Gendarmer\u00eda de Chile, trabajamos por fortalecer las habilidades y competencias laborales de las personas privadas de libertad que est\u00e1n bajo nuestra custodia en las distintas Unidades Penales de la Regi\u00f3n, es as\u00ed como el d\u00eda de hoy un grupo de 51 internos e internas rinden la Prueba de Transici\u00f3n Universitaria, que sin duda es parte importante de un proceso de reinserci\u00f3n que vienen trabajando durante el a\u00f1o y que significar\u00e1 una herramienta m\u00e1s para insertarse de mejor forma cuando vuelvan al medio libre\u201d.&nbsp;<\/p>\n\n\n\n<p>Por su parte, la Seremi de Justicia y Derechos Humanos Stephanie Caminondo Eyssautier recalc\u00f3 \u201cComo Ministerio de Justicia y Derechos Humanos junto a Gendarmer\u00eda de Chile a\u00f1o a a\u00f1o trabajamos por la reinserci\u00f3n social y uno de los ejes fundamentales para la lograrla es la educaci\u00f3n. El que hoy internos e internas rindan esta Prueba de Transici\u00f3n demuestra el inter\u00e9s&nbsp;&nbsp;y las ganas de superarse de cada uno de ellos, entendiendo lo importante y necesario que es la educaci\u00f3n como herramienta para reintegrarse a nuestra sociedad\u201d.<\/p>\n","protected":false},"excerpt":{"rendered":"<div class=\"pvc_clear\"><\/div>\n<p id=\"pvc_stats_27926\" class=\"pvc_stats total_only  \" data-element-id=\"27926\" style=\"\"><i class=\"pvc-stats-icon large\" aria-hidden=\"true\"><svg aria-hidden=\"true\" focusable=\"false\" data-prefix=\"far\" data-icon=\"chart-bar\" role=\"img\" xmlns=\"http:\/\/www.w3.org\/2000\/svg\" viewBox=\"0 0 512 512\" class=\"svg-inline--fa fa-chart-bar fa-w-16 fa-2x\"><path fill=\"currentColor\" d=\"M396.8 352h22.4c6.4 0 12.8-6.4 12.8-12.8V108.8c0-6.4-6.4-12.8-12.8-12.8h-22.4c-6.4 0-12.8 6.4-12.8 12.8v230.4c0 6.4 6.4 12.8 12.8 12.8zm-192 0h22.4c6.4 0 12.8-6.4 12.8-12.8V140.8c0-6.4-6.4-12.8-12.8-12.8h-22.4c-6.4 0-12.8 6.4-12.8 12.8v198.4c0 6.4 6.4 12.8 12.8 12.8zm96 0h22.4c6.4 0 12.8-6.4 12.8-12.8V204.8c0-6.4-6.4-12.8-12.8-12.8h-22.4c-6.4 0-12.8 6.4-12.8 12.8v134.4c0 6.4 6.4 12.8 12.8 12.8zM496 400H48V80c0-8.84-7.16-16-16-16H16C7.16 64 0 71.16 0 80v336c0 17.67 14.33 32 32 32h464c8.84 0 16-7.16 16-16v-16c0-8.84-7.16-16-16-16zm-387.2-48h22.4c6.4 0 12.8-6.4 12.8-12.8v-70.4c0-6.4-6.4-12.8-12.8-12.8h-22.4c-6.4 0-12.8 6.4-12.8 12.8v70.4c0 6.4 6.4 12.8 12.8 12.8z\" class=\"\"><\/path><\/svg><\/i> <img loading=\"lazy\" decoding=\"async\" width=\"16\" height=\"16\" alt=\"Loading\" src=\"https:\/\/temucotelevision.cl\/web\/wp-content\/plugins\/page-views-count\/ajax-loader-2x.gif\" border=0 \/><\/p>\n<div class=\"pvc_clear\"><\/div>\n<p>El proceso que se ha desarrollado en completa normalidad al interior de los recintos penitenciarios.&nbsp; 51 internos e internas de<\/p>\n","protected":false},"author":1,"featured_media":27927,"comment_status":"open","ping_status":"open","sticky":false,"template":"","format":"standard","meta":{"colormag_page_container_layout":"default_layout","colormag_page_sidebar_layout":"default_layout","footnotes":""},"categories":[15],"tags":[847,2611,3407,2186,3344],"class_list":["post-27926","post","type-post","status-publish","format-standard","has-post-thumbnail","hentry","category-la-araucania","tag-estudios","tag-internos","tag-pdt","tag-prueba","tag-unidades"],"a3_pvc":{"activated":true,"total_views":21,"today_views":0},"_links":{"self":[{"href":"https:\/\/temucotelevision.cl\/web\/wp-json\/wp\/v2\/posts\/27926","targetHints":{"allow":["GET"]}}],"collection":[{"href":"https:\/\/temucotelevision.cl\/web\/wp-json\/wp\/v2\/posts"}],"about":[{"href":"https:\/\/temucotelevision.cl\/web\/wp-json\/wp\/v2\/types\/post"}],"author":[{"embeddable":true,"href":"https:\/\/temucotelevision.cl\/web\/wp-json\/wp\/v2\/users\/1"}],"replies":[{"embeddable":true,"href":"https:\/\/temucotelevision.cl\/web\/wp-json\/wp\/v2\/comments?post=27926"}],"version-history":[{"count":1,"href":"https:\/\/temucotelevision.cl\/web\/wp-json\/wp\/v2\/posts\/27926\/revisions"}],"predecessor-version":[{"id":27928,"href":"https:\/\/temucotelevision.cl\/web\/wp-json\/wp\/v2\/posts\/27926\/revisions\/27928"}],"wp:featuredmedia":[{"embeddable":true,"href":"https:\/\/temucotelevision.cl\/web\/wp-json\/wp\/v2\/media\/27927"}],"wp:attachment":[{"href":"https:\/\/temucotelevision.cl\/web\/wp-json\/wp\/v2\/media?parent=27926"}],"wp:term":[{"taxonomy":"category","embeddable":true,"href":"https:\/\/temucotelevision.cl\/web\/wp-json\/wp\/v2\/categories?post=27926"},{"taxonomy":"post_tag","embeddable":true,"href":"https:\/\/temucotelevision.cl\/web\/wp-json\/wp\/v2\/tags?post=27926"}],"curies":[{"name":"wp","href":"https:\/\/api.w.org\/{rel}","templated":true}]}}