{"id":27921,"date":"2021-12-06T16:20:16","date_gmt":"2021-12-06T19:20:16","guid":{"rendered":"https:\/\/temucotelevision.cl\/web\/?p=27921"},"modified":"2021-12-06T16:20:18","modified_gmt":"2021-12-06T19:20:18","slug":"gontte-debuta-con-su-primer-single-siempre-hay-mas","status":"publish","type":"post","link":"https:\/\/temucotelevision.cl\/web\/2021\/12\/06\/gontte-debuta-con-su-primer-single-siempre-hay-mas\/","title":{"rendered":"Gontte debuta con su primer single \u201cSiempre hay m\u00e1s\u201d"},"content":{"rendered":"<div class=\"pvc_clear\"><\/div><p id=\"pvc_stats_27921\" class=\"pvc_stats total_only  \" data-element-id=\"27921\" style=\"\"><i class=\"pvc-stats-icon large\" aria-hidden=\"true\"><svg aria-hidden=\"true\" focusable=\"false\" data-prefix=\"far\" data-icon=\"chart-bar\" role=\"img\" xmlns=\"http:\/\/www.w3.org\/2000\/svg\" viewBox=\"0 0 512 512\" class=\"svg-inline--fa fa-chart-bar fa-w-16 fa-2x\"><path fill=\"currentColor\" d=\"M396.8 352h22.4c6.4 0 12.8-6.4 12.8-12.8V108.8c0-6.4-6.4-12.8-12.8-12.8h-22.4c-6.4 0-12.8 6.4-12.8 12.8v230.4c0 6.4 6.4 12.8 12.8 12.8zm-192 0h22.4c6.4 0 12.8-6.4 12.8-12.8V140.8c0-6.4-6.4-12.8-12.8-12.8h-22.4c-6.4 0-12.8 6.4-12.8 12.8v198.4c0 6.4 6.4 12.8 12.8 12.8zm96 0h22.4c6.4 0 12.8-6.4 12.8-12.8V204.8c0-6.4-6.4-12.8-12.8-12.8h-22.4c-6.4 0-12.8 6.4-12.8 12.8v134.4c0 6.4 6.4 12.8 12.8 12.8zM496 400H48V80c0-8.84-7.16-16-16-16H16C7.16 64 0 71.16 0 80v336c0 17.67 14.33 32 32 32h464c8.84 0 16-7.16 16-16v-16c0-8.84-7.16-16-16-16zm-387.2-48h22.4c6.4 0 12.8-6.4 12.8-12.8v-70.4c0-6.4-6.4-12.8-12.8-12.8h-22.4c-6.4 0-12.8 6.4-12.8 12.8v70.4c0 6.4 6.4 12.8 12.8 12.8z\" class=\"\"><\/path><\/svg><\/i> <img loading=\"lazy\" decoding=\"async\" width=\"16\" height=\"16\" alt=\"Loading\" src=\"https:\/\/temucotelevision.cl\/web\/wp-content\/plugins\/page-views-count\/ajax-loader-2x.gif\" border=0 \/><\/p><div class=\"pvc_clear\"><\/div>\n<p><\/p>\n\n\n\n<h2 class=\"wp-block-heading\"><strong>El m\u00fasico, compositor y productor chileno presenta su debut solista con una canci\u00f3n llena de emotividad.<\/strong><\/h2>\n\n\n\n<p>Desde que tom\u00f3 la guitarra a los 14 a\u00f1os, Gonzalo Espinoza Montenegro supo que la m\u00fasica ser\u00eda su vida, y efectivamente as\u00ed fue. Con 42 a\u00f1os de edad, Gonzalo le ha dedicado pr\u00e1cticamente toda su vida y energ\u00eda al arte de componer canciones, influenciado e inspirado por el legado de artistas como Depeche Mode y Gustavo Cerati. Hoy el m\u00fasico chileno hace su debut oficial con su proyecto Gontte y el single \u201cSiempre hay m\u00e1s\u201d.<\/p>\n\n\n\n<p><br>Con estudios en la Escuela de Artes Vocales, dirigida por el reconocido fonoaudi\u00f3logo para artistas Ricardo Alvarez y en la Escuela Moderna de M\u00fasica, Gonzalo fue adquiriendo conocimientos que posteriormente puso en pr\u00e1ctica al sumarse a la banda Sambuca, agrupaci\u00f3n en la cual particip\u00f3 durante 7 a\u00f1os. Tiempo despu\u00e9s, Gonzalo comenz\u00f3 a desarrollar su carrera de compositor realizando jingles y participando en festivales como los de San Felipe, Cauquenes, Villarrica, entre otros.<\/p>\n\n\n\n<p><br>Desde el 2012 hasta el 2014, Gonzalo trabaj\u00f3 con el sello argentino Leader Music, oportunidad que le permiti\u00f3 potenciar su trabajo como creativo para en los a\u00f1os siguientes convertirse en productor m\u00fasical. En&nbsp; 2017 trabaja con la joven cantante Christell como director musical y en 2018 con Mario Gallo como productor. A finales de ese mismo a\u00f1o, Gonzalo decide iniciar su carrera solista y es as\u00ed como nace Gontte, su proyecto personal con una propuesta llena de electr\u00f3nica y melod\u00edas nost\u00e1lgicas.&nbsp;<\/p>\n\n\n\n<p><br>Desde hoy ya se encuentra disponible en plataformas de streaming el single debut de Gontte titulado \u201cSiempre hay m\u00e1s\u201d, una canci\u00f3n que transmite sensaciones y emociones de esperanza frente a la vida. \u201cEsta canci\u00f3n habla sobre el camino de la fe, de saber que el d\u00eda de ma\u00f1ana no existen l\u00edmites para nadie, que todos quieren el amor, un amor casi perfecto para uno, que todos merecen lo que sue\u00f1an\u201d, explica el m\u00fasico.<\/p>\n\n\n\n<figure class=\"wp-block-embed is-type-rich is-provider-incrustar-controlador wp-block-embed-incrustar-controlador wp-embed-aspect-16-9 wp-has-aspect-ratio\"><div class=\"wp-block-embed__wrapper\">\n<iframe loading=\"lazy\" title=\"Gontte   Siempre Hay M\u00e1s\" width=\"800\" height=\"450\" src=\"https:\/\/www.youtube.com\/embed\/mTTh1g2h_wg?feature=oembed\" frameborder=\"0\" allow=\"accelerometer; autoplay; clipboard-write; encrypted-media; gyroscope; picture-in-picture\" allowfullscreen><\/iframe>\n<\/div><\/figure>\n","protected":false},"excerpt":{"rendered":"<div class=\"pvc_clear\"><\/div>\n<p id=\"pvc_stats_27921\" class=\"pvc_stats total_only  \" data-element-id=\"27921\" style=\"\"><i class=\"pvc-stats-icon large\" aria-hidden=\"true\"><svg aria-hidden=\"true\" focusable=\"false\" data-prefix=\"far\" data-icon=\"chart-bar\" role=\"img\" xmlns=\"http:\/\/www.w3.org\/2000\/svg\" viewBox=\"0 0 512 512\" class=\"svg-inline--fa fa-chart-bar fa-w-16 fa-2x\"><path fill=\"currentColor\" d=\"M396.8 352h22.4c6.4 0 12.8-6.4 12.8-12.8V108.8c0-6.4-6.4-12.8-12.8-12.8h-22.4c-6.4 0-12.8 6.4-12.8 12.8v230.4c0 6.4 6.4 12.8 12.8 12.8zm-192 0h22.4c6.4 0 12.8-6.4 12.8-12.8V140.8c0-6.4-6.4-12.8-12.8-12.8h-22.4c-6.4 0-12.8 6.4-12.8 12.8v198.4c0 6.4 6.4 12.8 12.8 12.8zm96 0h22.4c6.4 0 12.8-6.4 12.8-12.8V204.8c0-6.4-6.4-12.8-12.8-12.8h-22.4c-6.4 0-12.8 6.4-12.8 12.8v134.4c0 6.4 6.4 12.8 12.8 12.8zM496 400H48V80c0-8.84-7.16-16-16-16H16C7.16 64 0 71.16 0 80v336c0 17.67 14.33 32 32 32h464c8.84 0 16-7.16 16-16v-16c0-8.84-7.16-16-16-16zm-387.2-48h22.4c6.4 0 12.8-6.4 12.8-12.8v-70.4c0-6.4-6.4-12.8-12.8-12.8h-22.4c-6.4 0-12.8 6.4-12.8 12.8v70.4c0 6.4 6.4 12.8 12.8 12.8z\" class=\"\"><\/path><\/svg><\/i> <img loading=\"lazy\" decoding=\"async\" width=\"16\" height=\"16\" alt=\"Loading\" src=\"https:\/\/temucotelevision.cl\/web\/wp-content\/plugins\/page-views-count\/ajax-loader-2x.gif\" border=0 \/><\/p>\n<div class=\"pvc_clear\"><\/div>\n<p>El m\u00fasico, compositor y productor chileno presenta su debut solista con una canci\u00f3n llena de emotividad. Desde que tom\u00f3 la<\/p>\n","protected":false},"author":1,"featured_media":27925,"comment_status":"open","ping_status":"open","sticky":false,"template":"","format":"standard","meta":{"colormag_page_container_layout":"default_layout","colormag_page_sidebar_layout":"default_layout","footnotes":""},"categories":[369],"tags":[],"class_list":["post-27921","post","type-post","status-publish","format-standard","has-post-thumbnail","hentry","category-musica"],"a3_pvc":{"activated":true,"total_views":94,"today_views":0},"_links":{"self":[{"href":"https:\/\/temucotelevision.cl\/web\/wp-json\/wp\/v2\/posts\/27921","targetHints":{"allow":["GET"]}}],"collection":[{"href":"https:\/\/temucotelevision.cl\/web\/wp-json\/wp\/v2\/posts"}],"about":[{"href":"https:\/\/temucotelevision.cl\/web\/wp-json\/wp\/v2\/types\/post"}],"author":[{"embeddable":true,"href":"https:\/\/temucotelevision.cl\/web\/wp-json\/wp\/v2\/users\/1"}],"replies":[{"embeddable":true,"href":"https:\/\/temucotelevision.cl\/web\/wp-json\/wp\/v2\/comments?post=27921"}],"version-history":[{"count":1,"href":"https:\/\/temucotelevision.cl\/web\/wp-json\/wp\/v2\/posts\/27921\/revisions"}],"predecessor-version":[{"id":27924,"href":"https:\/\/temucotelevision.cl\/web\/wp-json\/wp\/v2\/posts\/27921\/revisions\/27924"}],"wp:featuredmedia":[{"embeddable":true,"href":"https:\/\/temucotelevision.cl\/web\/wp-json\/wp\/v2\/media\/27925"}],"wp:attachment":[{"href":"https:\/\/temucotelevision.cl\/web\/wp-json\/wp\/v2\/media?parent=27921"}],"wp:term":[{"taxonomy":"category","embeddable":true,"href":"https:\/\/temucotelevision.cl\/web\/wp-json\/wp\/v2\/categories?post=27921"},{"taxonomy":"post_tag","embeddable":true,"href":"https:\/\/temucotelevision.cl\/web\/wp-json\/wp\/v2\/tags?post=27921"}],"curies":[{"name":"wp","href":"https:\/\/api.w.org\/{rel}","templated":true}]}}