{"id":27912,"date":"2021-12-06T10:21:54","date_gmt":"2021-12-06T13:21:54","guid":{"rendered":"https:\/\/temucotelevision.cl\/web\/?p=27912"},"modified":"2021-12-06T10:21:56","modified_gmt":"2021-12-06T13:21:56","slug":"telerehabilitacion-startup-chilena-llegara-a-14-institutos-teleton-del-pais","status":"publish","type":"post","link":"https:\/\/temucotelevision.cl\/web\/2021\/12\/06\/telerehabilitacion-startup-chilena-llegara-a-14-institutos-teleton-del-pais\/","title":{"rendered":"Telerehabilitaci\u00f3n: Startup chilena llegar\u00e1 a 14 institutos Telet\u00f3n  del pa\u00eds"},"content":{"rendered":"<div class=\"pvc_clear\"><\/div><p id=\"pvc_stats_27912\" class=\"pvc_stats total_only  \" data-element-id=\"27912\" style=\"\"><i class=\"pvc-stats-icon large\" aria-hidden=\"true\"><svg aria-hidden=\"true\" focusable=\"false\" data-prefix=\"far\" data-icon=\"chart-bar\" role=\"img\" xmlns=\"http:\/\/www.w3.org\/2000\/svg\" viewBox=\"0 0 512 512\" class=\"svg-inline--fa fa-chart-bar fa-w-16 fa-2x\"><path fill=\"currentColor\" d=\"M396.8 352h22.4c6.4 0 12.8-6.4 12.8-12.8V108.8c0-6.4-6.4-12.8-12.8-12.8h-22.4c-6.4 0-12.8 6.4-12.8 12.8v230.4c0 6.4 6.4 12.8 12.8 12.8zm-192 0h22.4c6.4 0 12.8-6.4 12.8-12.8V140.8c0-6.4-6.4-12.8-12.8-12.8h-22.4c-6.4 0-12.8 6.4-12.8 12.8v198.4c0 6.4 6.4 12.8 12.8 12.8zm96 0h22.4c6.4 0 12.8-6.4 12.8-12.8V204.8c0-6.4-6.4-12.8-12.8-12.8h-22.4c-6.4 0-12.8 6.4-12.8 12.8v134.4c0 6.4 6.4 12.8 12.8 12.8zM496 400H48V80c0-8.84-7.16-16-16-16H16C7.16 64 0 71.16 0 80v336c0 17.67 14.33 32 32 32h464c8.84 0 16-7.16 16-16v-16c0-8.84-7.16-16-16-16zm-387.2-48h22.4c6.4 0 12.8-6.4 12.8-12.8v-70.4c0-6.4-6.4-12.8-12.8-12.8h-22.4c-6.4 0-12.8 6.4-12.8 12.8v70.4c0 6.4 6.4 12.8 12.8 12.8z\" class=\"\"><\/path><\/svg><\/i> <img loading=\"lazy\" decoding=\"async\" width=\"16\" height=\"16\" alt=\"Loading\" src=\"https:\/\/temucotelevision.cl\/web\/wp-content\/plugins\/page-views-count\/ajax-loader-2x.gif\" border=0 \/><\/p><div class=\"pvc_clear\"><\/div>\n<p><strong><em>La campa\u00f1a solidaria se vive #todoslosd\u00edas y esta vez, gracias a un aporte de grandes empresas, la rehabilitaci\u00f3n remota ser\u00e1 cada vez m\u00e1s accesible y llegar\u00e1 a los institutos de todo el pa\u00eds.&nbsp;<\/em><\/strong><\/p>\n\n\n\n<p>El piloto implementado durante el 2021 en el que particip\u00f3 Telet\u00f3n y la startup chilena de neurorehabilitaci\u00f3n TRAINFES, ha sido catalogado como todo un \u00e9xito. Esta colaboraci\u00f3n permiti\u00f3 que en este complejo periodo de pandemia los pacientes de la fundaci\u00f3n pudieran acceder a telerehabilitaci\u00f3n en tres institutos del pa\u00eds:\u00a0Santiago, Temuco y Talca.\u00a0\u00a0<\/p>\n\n\n\n<iframe loading=\"lazy\" width=\"560\" height=\"315\" src=\"https:\/\/www.youtube.com\/embed\/Cs4KHlI03_U\" title=\"YouTube video player\" frameborder=\"0\" allow=\"accelerometer; autoplay; clipboard-write; encrypted-media; gyroscope; picture-in-picture\" allowfullscreen><\/iframe>\n\n\n\n<p>Los resultados de este piloto superaron las expectativas&nbsp;en cuanto a los objetivos declarados de adherencia, satisfacci\u00f3n usuaria y seguridad. Adicionalmente, se observaron resultados cl\u00ednicos positivos en la marcha y en la recuperaci\u00f3n funcional de los participantes.<\/p>\n\n\n\n<p>Es por eso que las empresas CCU y COPEC decidieron ir un paso m\u00e1s all\u00e1 y aseguraron una inversi\u00f3n en 120 mil USD en tratamientos de telerehabilitaci\u00f3n en Telet\u00f3n a trav\u00e9s de TRAINFES, lo que permitir\u00e1 que este programa est\u00e9 presente en los 14 institutos de la fundaci\u00f3n&nbsp;<\/p>\n\n\n\n<p>Mat\u00edas Hosiasson, Co-fundador de TRAINFES se\u00f1ala que &#8220;<em>este es el real impacto que puede generar la innovaci\u00f3n. El apoyo de grandes empresas, sumadas a la Telet\u00f3n y a startups como nosotros permite llevar tecnolog\u00eda \u00fanica a la casa de ni\u00f1os a lo largo de todo Chile, y darles rehabilitaci\u00f3n continua cada d\u00eda&#8221;.<\/em><\/p>\n\n\n\n<p>Esta colaboraci\u00f3n pretende crear una estrategia sostenible con este aliado tecnol\u00f3gico de la medicina, que permita incorporar a m\u00e1s familias a los programas de telerehabilitaci\u00f3n y que, eventualmente, tenga el potencial de abarcar a todos los ni\u00f1os que lo necesiten en la fundaci\u00f3n Telet\u00f3n. Se estima que las personas que se pueden beneficiar a largo plazo con estos programas est\u00e1n en torno a los 6.800 usuarios.<\/p>\n\n\n\n<p>Adem\u00e1s, busca capacitar a los profesionales de 14 institutos de la fundaci\u00f3n Telet\u00f3n para asegurar una cobertura completa de&nbsp;rehabilitaci\u00f3n integral a ni\u00f1os, ni\u00f1as y j\u00f3venes con discapacidad motora, con el fin de mejorar su calidad de vida y desarrollar sus capacidades para lograr su inclusi\u00f3n social&nbsp;en todo Chile.<\/p>\n\n\n\n<p><strong>Sobre TRAINFES<\/strong><\/p>\n\n\n\n<p><a href=\"http:\/\/www.trainfes.com\/\">TRAINFES<\/a>&nbsp;se diferencia de otros sistemas de electroestimulaci\u00f3n con su invento de biofeedback de ciclo cerrado, el que determina la fase de patrones complejos mediante sensores y coordina la estimulaci\u00f3n el\u00e9ctrica, pero adem\u00e1s permite el uso en casa que otorga una frecuencia de aplicaci\u00f3n hasta 10 veces mayor que el uso convencional.<\/p>\n\n\n\n<p>Esta tecnolog\u00eda no es solo un aporte para los pacientes, sino tambi\u00e9n para los profesionales de la salud, ya que facilita el proceso al poder sincronizar el dispositivo por bluetooth con una tablet o smartphone personal. Esto permite mantener el tratamiento a distancia y a la vez, automatizar y customizar la terapia con distintos usuarios.&nbsp;<\/p>\n\n\n\n<p>Muchos han sido los casos que ha recibido TRAINFES en Chile y el mundo, tan solo en nuestro pa\u00eds hay 340 mil personas diagnosticadas con alg\u00fan tipo de da\u00f1o neurol\u00f3gico y TRAINFES desde sus inicios en 2013 a la fecha, ha rehabilitado m\u00e1s de 3.000 usuarios. Adem\u00e1s de estar presente con su tecnolog\u00eda en m\u00e1s de 50 hospitales, cl\u00ednicas y la TELET\u00d3N.&nbsp;&nbsp;<\/p>\n\n\n\n<p><strong>Para m\u00e1s informaci\u00f3n www.trainfes.com y en sus redes sociales @trainfesrehab.<\/strong><\/p>\n","protected":false},"excerpt":{"rendered":"<div class=\"pvc_clear\"><\/div>\n<p id=\"pvc_stats_27912\" class=\"pvc_stats total_only  \" data-element-id=\"27912\" style=\"\"><i class=\"pvc-stats-icon large\" aria-hidden=\"true\"><svg aria-hidden=\"true\" focusable=\"false\" data-prefix=\"far\" data-icon=\"chart-bar\" role=\"img\" xmlns=\"http:\/\/www.w3.org\/2000\/svg\" viewBox=\"0 0 512 512\" class=\"svg-inline--fa fa-chart-bar fa-w-16 fa-2x\"><path fill=\"currentColor\" d=\"M396.8 352h22.4c6.4 0 12.8-6.4 12.8-12.8V108.8c0-6.4-6.4-12.8-12.8-12.8h-22.4c-6.4 0-12.8 6.4-12.8 12.8v230.4c0 6.4 6.4 12.8 12.8 12.8zm-192 0h22.4c6.4 0 12.8-6.4 12.8-12.8V140.8c0-6.4-6.4-12.8-12.8-12.8h-22.4c-6.4 0-12.8 6.4-12.8 12.8v198.4c0 6.4 6.4 12.8 12.8 12.8zm96 0h22.4c6.4 0 12.8-6.4 12.8-12.8V204.8c0-6.4-6.4-12.8-12.8-12.8h-22.4c-6.4 0-12.8 6.4-12.8 12.8v134.4c0 6.4 6.4 12.8 12.8 12.8zM496 400H48V80c0-8.84-7.16-16-16-16H16C7.16 64 0 71.16 0 80v336c0 17.67 14.33 32 32 32h464c8.84 0 16-7.16 16-16v-16c0-8.84-7.16-16-16-16zm-387.2-48h22.4c6.4 0 12.8-6.4 12.8-12.8v-70.4c0-6.4-6.4-12.8-12.8-12.8h-22.4c-6.4 0-12.8 6.4-12.8 12.8v70.4c0 6.4 6.4 12.8 12.8 12.8z\" class=\"\"><\/path><\/svg><\/i> <img loading=\"lazy\" decoding=\"async\" width=\"16\" height=\"16\" alt=\"Loading\" src=\"https:\/\/temucotelevision.cl\/web\/wp-content\/plugins\/page-views-count\/ajax-loader-2x.gif\" border=0 \/><\/p>\n<div class=\"pvc_clear\"><\/div>\n<p>La campa\u00f1a solidaria se vive #todoslosd\u00edas y esta vez, gracias a un aporte de grandes empresas, la rehabilitaci\u00f3n remota ser\u00e1<\/p>\n","protected":false},"author":1,"featured_media":27913,"comment_status":"open","ping_status":"open","sticky":false,"template":"","format":"standard","meta":{"colormag_page_container_layout":"default_layout","colormag_page_sidebar_layout":"default_layout","footnotes":""},"categories":[101],"tags":[1070,1989,4866],"class_list":["post-27912","post","type-post","status-publish","format-standard","has-post-thumbnail","hentry","category-actualidad","tag-pacientes","tag-teleton","tag-trainfes"],"a3_pvc":{"activated":true,"total_views":82,"today_views":0},"_links":{"self":[{"href":"https:\/\/temucotelevision.cl\/web\/wp-json\/wp\/v2\/posts\/27912","targetHints":{"allow":["GET"]}}],"collection":[{"href":"https:\/\/temucotelevision.cl\/web\/wp-json\/wp\/v2\/posts"}],"about":[{"href":"https:\/\/temucotelevision.cl\/web\/wp-json\/wp\/v2\/types\/post"}],"author":[{"embeddable":true,"href":"https:\/\/temucotelevision.cl\/web\/wp-json\/wp\/v2\/users\/1"}],"replies":[{"embeddable":true,"href":"https:\/\/temucotelevision.cl\/web\/wp-json\/wp\/v2\/comments?post=27912"}],"version-history":[{"count":1,"href":"https:\/\/temucotelevision.cl\/web\/wp-json\/wp\/v2\/posts\/27912\/revisions"}],"predecessor-version":[{"id":27914,"href":"https:\/\/temucotelevision.cl\/web\/wp-json\/wp\/v2\/posts\/27912\/revisions\/27914"}],"wp:featuredmedia":[{"embeddable":true,"href":"https:\/\/temucotelevision.cl\/web\/wp-json\/wp\/v2\/media\/27913"}],"wp:attachment":[{"href":"https:\/\/temucotelevision.cl\/web\/wp-json\/wp\/v2\/media?parent=27912"}],"wp:term":[{"taxonomy":"category","embeddable":true,"href":"https:\/\/temucotelevision.cl\/web\/wp-json\/wp\/v2\/categories?post=27912"},{"taxonomy":"post_tag","embeddable":true,"href":"https:\/\/temucotelevision.cl\/web\/wp-json\/wp\/v2\/tags?post=27912"}],"curies":[{"name":"wp","href":"https:\/\/api.w.org\/{rel}","templated":true}]}}