{"id":27909,"date":"2021-12-06T10:15:52","date_gmt":"2021-12-06T13:15:52","guid":{"rendered":"https:\/\/temucotelevision.cl\/web\/?p=27909"},"modified":"2021-12-06T10:15:54","modified_gmt":"2021-12-06T13:15:54","slug":"junji-estrena-en-television-el-primer-documental-chileno-sobre-ninos-y-ninas-en-pandemia","status":"publish","type":"post","link":"https:\/\/temucotelevision.cl\/web\/2021\/12\/06\/junji-estrena-en-television-el-primer-documental-chileno-sobre-ninos-y-ninas-en-pandemia\/","title":{"rendered":"JUNJI estrena en televisi\u00f3n el primer documental chileno sobre ni\u00f1os y ni\u00f1as en pandemia"},"content":{"rendered":"<div class=\"pvc_clear\"><\/div><p id=\"pvc_stats_27909\" class=\"pvc_stats total_only  \" data-element-id=\"27909\" style=\"\"><i class=\"pvc-stats-icon large\" aria-hidden=\"true\"><svg aria-hidden=\"true\" focusable=\"false\" data-prefix=\"far\" data-icon=\"chart-bar\" role=\"img\" xmlns=\"http:\/\/www.w3.org\/2000\/svg\" viewBox=\"0 0 512 512\" class=\"svg-inline--fa fa-chart-bar fa-w-16 fa-2x\"><path fill=\"currentColor\" d=\"M396.8 352h22.4c6.4 0 12.8-6.4 12.8-12.8V108.8c0-6.4-6.4-12.8-12.8-12.8h-22.4c-6.4 0-12.8 6.4-12.8 12.8v230.4c0 6.4 6.4 12.8 12.8 12.8zm-192 0h22.4c6.4 0 12.8-6.4 12.8-12.8V140.8c0-6.4-6.4-12.8-12.8-12.8h-22.4c-6.4 0-12.8 6.4-12.8 12.8v198.4c0 6.4 6.4 12.8 12.8 12.8zm96 0h22.4c6.4 0 12.8-6.4 12.8-12.8V204.8c0-6.4-6.4-12.8-12.8-12.8h-22.4c-6.4 0-12.8 6.4-12.8 12.8v134.4c0 6.4 6.4 12.8 12.8 12.8zM496 400H48V80c0-8.84-7.16-16-16-16H16C7.16 64 0 71.16 0 80v336c0 17.67 14.33 32 32 32h464c8.84 0 16-7.16 16-16v-16c0-8.84-7.16-16-16-16zm-387.2-48h22.4c6.4 0 12.8-6.4 12.8-12.8v-70.4c0-6.4-6.4-12.8-12.8-12.8h-22.4c-6.4 0-12.8 6.4-12.8 12.8v70.4c0 6.4 6.4 12.8 12.8 12.8z\" class=\"\"><\/path><\/svg><\/i> <img loading=\"lazy\" decoding=\"async\" width=\"16\" height=\"16\" alt=\"Loading\" src=\"https:\/\/temucotelevision.cl\/web\/wp-content\/plugins\/page-views-count\/ajax-loader-2x.gif\" border=0 \/><\/p><div class=\"pvc_clear\"><\/div>\n<p><em>El registro hist\u00f3rico, que cuenta con el patrocinio de UNICEF, muestra la alegr\u00eda, la capacidad de adaptaci\u00f3n y las dificultades que vivieron dos ni\u00f1as y dos ni\u00f1os menores de 4 a\u00f1os, provenientes de distintas localidades del pa\u00eds. Ser\u00e1 exhibido por 13C el martes 7 de diciembre a las 19.30 hrs.<\/em><\/p>\n\n\n\n<p>El sue\u00f1o de una casa que el lobo feroz no pueda botar. Un descendiente aymara jugando a la pelota con su bisabuelo. Un ni\u00f1o, que mientras extra\u00f1a el jard\u00edn infantil, defiende a su hermano y mam\u00e1 del Covid. Una mujer que debe alejarse de su hija para mantenerse en la Primera L\u00ednea del Hospital de Rengo.<\/p>\n\n\n\n<p>Historias que alegran, emocionan y llenan de esperanza dan vida a \u201cLos Ni\u00f1os y Las Ni\u00f1as Siempre\u201d, documental que nace al interior de la JUNJI con el fin de darle voz a los m\u00e1s peque\u00f1os y peque\u00f1as de las casas, quienes por lejos fueron los m\u00e1s invisibilizados durante esta Pandemia netamente adultocentrista.<\/p>\n\n\n\n<p>Inici\u00e1ndose las grabaciones en junio del 2020 y cumpliendo con todas las medidas sanitarias, el equipo liderado por Jonathan Carriel (director) y Jos\u00e9 Miguel Soto (contenido), poco a poco fue entrando en los hogares de la Cata, Nicol\u00e1s, Tom\u00e1s y Catita, p\u00e1rvulos pertenecientes a jardines infantiles de la JUNJI de distintas partes de Chile.&nbsp;<\/p>\n\n\n\n<p>Sin intervenir en el cotidiano y pacientemente con la c\u00e1mara siempre a la altura de los ni\u00f1os y ni\u00f1as, durante 10 meses se registraron las vicisitudes internas de cada familia, donde el no saber qu\u00e9 iba a pasar con la cuarentena, cu\u00e1ndo ser\u00eda el cambio de fase o si aumentar\u00edan los contagios, produc\u00eda nervios y desaz\u00f3n. Pese a que las relaciones con los m\u00e1s cercanos se tuvieron que congelar y que el panorama no era alentador, los miedos adultos no opacaron las ganas de jugar, aprender y disfrutar de las cosas simples de los protagonistas de \u201cLos Ni\u00f1os y Las Ni\u00f1as Siempre\u201d.<\/p>\n\n\n\n<p>La producci\u00f3n estuvo a cargo de S\u00e1mara, quienes gestionaron un equipo t\u00e9cnico de primer nivel. El resultado de horas de viajes y grabaci\u00f3n fue un documental de casi 50 minutos que nos hace volver a los momentos m\u00e1s duros del encierro, pero siempre con un tono esperanzador. \u201cCon este documental, mi intenci\u00f3n es que como adultos reflexionemos sobre lo importante que es darse el tiempo de mirar y escuchar para conectarse con los ni\u00f1os y ni\u00f1as\u201d, asegur\u00f3 su director, Jonathan Carriel.&nbsp;<\/p>\n\n\n\n<p>Para la Vicepresidenta Ejecutiva de JUNJI, Adriana Gaete, este registro hist\u00f3rico demuestra el importante rol que su instituci\u00f3n cumpli\u00f3, pese a la distancia y perdida de las relaciones presenciales: \u201ctenemos claridad de que el sistema online nunca reemplaz\u00f3 a los aprendizajes que se obtiene en el jard\u00edn infantil. Sin embargo, como JUNJI doblegamos nuestros esfuerzos para acompa\u00f1ar y apoyar a las familias, poniendo siempre en el centro las necesidades e inquietudes de los ni\u00f1os y ni\u00f1as\u201d.<\/p>\n\n\n\n<p>Fue esa necesidad de tener \u201cotros protagonistas\u201d en esta Pandemia, con una mirada m\u00e1s infantil y menos pesimista, que permiti\u00f3 a JUNJI lograr una serie de alianzas y colaboraciones. La Escuela de Comunicaciones de la UC, La Escuela de Dise\u00f1o de la UDD, Radio Cooperativa (Sergio Campos), United Way, 13C y APLAPLAC fueron algunas de las instancias que aportaron para que este material hist\u00f3rico se fuera completando hasta lograr su exhibici\u00f3n. Junto con estos aportes, UNICEF se uni\u00f3 a este proyecto entregando su patrocinio,&nbsp;<strong>el cual viene a asegurar la calidad, protecci\u00f3n de los derechos de NNA e impacto positivo de este registro:<\/strong>&nbsp;\u201cLas cuarentenas impactaron fuertemente la vida de ni\u00f1os y ni\u00f1as, tanto en lo emocional como en lo educativo, y este documental retrata muy bien esta experiencia tan invisibilizada durante este tiempo\u201d, asegur\u00f3 Francisca Morales, Oficial de Educaci\u00f3n UNICEF Chile.<\/p>\n\n\n\n<p>\u201cLos Ni\u00f1os y Las Ni\u00f1as Siempre\u201d tendr\u00e1 su estreno en televisi\u00f3n por las pantallas de 13C el martes 7 de diciembre a las 19.30 hrs, y contar\u00e1 con 4 repeticiones: mi\u00e9rcoles 8 de diciembre a las 23.00 hrs, S\u00e1bado 11 y domingo 12 a las 15.00 hrs, y el lunes 13 a las 16.30 hrs.<\/p>\n","protected":false},"excerpt":{"rendered":"<div class=\"pvc_clear\"><\/div>\n<p id=\"pvc_stats_27909\" class=\"pvc_stats total_only  \" data-element-id=\"27909\" style=\"\"><i class=\"pvc-stats-icon large\" aria-hidden=\"true\"><svg aria-hidden=\"true\" focusable=\"false\" data-prefix=\"far\" data-icon=\"chart-bar\" role=\"img\" xmlns=\"http:\/\/www.w3.org\/2000\/svg\" viewBox=\"0 0 512 512\" class=\"svg-inline--fa fa-chart-bar fa-w-16 fa-2x\"><path fill=\"currentColor\" d=\"M396.8 352h22.4c6.4 0 12.8-6.4 12.8-12.8V108.8c0-6.4-6.4-12.8-12.8-12.8h-22.4c-6.4 0-12.8 6.4-12.8 12.8v230.4c0 6.4 6.4 12.8 12.8 12.8zm-192 0h22.4c6.4 0 12.8-6.4 12.8-12.8V140.8c0-6.4-6.4-12.8-12.8-12.8h-22.4c-6.4 0-12.8 6.4-12.8 12.8v198.4c0 6.4 6.4 12.8 12.8 12.8zm96 0h22.4c6.4 0 12.8-6.4 12.8-12.8V204.8c0-6.4-6.4-12.8-12.8-12.8h-22.4c-6.4 0-12.8 6.4-12.8 12.8v134.4c0 6.4 6.4 12.8 12.8 12.8zM496 400H48V80c0-8.84-7.16-16-16-16H16C7.16 64 0 71.16 0 80v336c0 17.67 14.33 32 32 32h464c8.84 0 16-7.16 16-16v-16c0-8.84-7.16-16-16-16zm-387.2-48h22.4c6.4 0 12.8-6.4 12.8-12.8v-70.4c0-6.4-6.4-12.8-12.8-12.8h-22.4c-6.4 0-12.8 6.4-12.8 12.8v70.4c0 6.4 6.4 12.8 12.8 12.8z\" class=\"\"><\/path><\/svg><\/i> <img loading=\"lazy\" decoding=\"async\" width=\"16\" height=\"16\" alt=\"Loading\" src=\"https:\/\/temucotelevision.cl\/web\/wp-content\/plugins\/page-views-count\/ajax-loader-2x.gif\" border=0 \/><\/p>\n<div class=\"pvc_clear\"><\/div>\n<p>El registro hist\u00f3rico, que cuenta con el patrocinio de UNICEF, muestra la alegr\u00eda, la capacidad de adaptaci\u00f3n y las dificultades<\/p>\n","protected":false},"author":1,"featured_media":27910,"comment_status":"open","ping_status":"open","sticky":false,"template":"","format":"standard","meta":{"colormag_page_container_layout":"default_layout","colormag_page_sidebar_layout":"default_layout","footnotes":""},"categories":[15],"tags":[2160,1088,3801,2312],"class_list":["post-27909","post","type-post","status-publish","format-standard","has-post-thumbnail","hentry","category-la-araucania","tag-documental","tag-junji","tag-nins","tag-pandemia"],"a3_pvc":{"activated":true,"total_views":49,"today_views":0},"_links":{"self":[{"href":"https:\/\/temucotelevision.cl\/web\/wp-json\/wp\/v2\/posts\/27909","targetHints":{"allow":["GET"]}}],"collection":[{"href":"https:\/\/temucotelevision.cl\/web\/wp-json\/wp\/v2\/posts"}],"about":[{"href":"https:\/\/temucotelevision.cl\/web\/wp-json\/wp\/v2\/types\/post"}],"author":[{"embeddable":true,"href":"https:\/\/temucotelevision.cl\/web\/wp-json\/wp\/v2\/users\/1"}],"replies":[{"embeddable":true,"href":"https:\/\/temucotelevision.cl\/web\/wp-json\/wp\/v2\/comments?post=27909"}],"version-history":[{"count":1,"href":"https:\/\/temucotelevision.cl\/web\/wp-json\/wp\/v2\/posts\/27909\/revisions"}],"predecessor-version":[{"id":27911,"href":"https:\/\/temucotelevision.cl\/web\/wp-json\/wp\/v2\/posts\/27909\/revisions\/27911"}],"wp:featuredmedia":[{"embeddable":true,"href":"https:\/\/temucotelevision.cl\/web\/wp-json\/wp\/v2\/media\/27910"}],"wp:attachment":[{"href":"https:\/\/temucotelevision.cl\/web\/wp-json\/wp\/v2\/media?parent=27909"}],"wp:term":[{"taxonomy":"category","embeddable":true,"href":"https:\/\/temucotelevision.cl\/web\/wp-json\/wp\/v2\/categories?post=27909"},{"taxonomy":"post_tag","embeddable":true,"href":"https:\/\/temucotelevision.cl\/web\/wp-json\/wp\/v2\/tags?post=27909"}],"curies":[{"name":"wp","href":"https:\/\/api.w.org\/{rel}","templated":true}]}}