{"id":27907,"date":"2021-12-05T16:55:51","date_gmt":"2021-12-05T19:55:51","guid":{"rendered":"https:\/\/temucotelevision.cl\/web\/?p=27907"},"modified":"2021-12-05T16:55:52","modified_gmt":"2021-12-05T19:55:52","slug":"el-suelo-recurso-fundamental-en-nuestro-ecosistema","status":"publish","type":"post","link":"https:\/\/temucotelevision.cl\/web\/2021\/12\/05\/el-suelo-recurso-fundamental-en-nuestro-ecosistema\/","title":{"rendered":"El suelo: recurso fundamental en nuestro ecosistema"},"content":{"rendered":"<div class=\"pvc_clear\"><\/div><p id=\"pvc_stats_27907\" class=\"pvc_stats total_only  \" data-element-id=\"27907\" style=\"\"><i class=\"pvc-stats-icon large\" aria-hidden=\"true\"><svg aria-hidden=\"true\" focusable=\"false\" data-prefix=\"far\" data-icon=\"chart-bar\" role=\"img\" xmlns=\"http:\/\/www.w3.org\/2000\/svg\" viewBox=\"0 0 512 512\" class=\"svg-inline--fa fa-chart-bar fa-w-16 fa-2x\"><path fill=\"currentColor\" d=\"M396.8 352h22.4c6.4 0 12.8-6.4 12.8-12.8V108.8c0-6.4-6.4-12.8-12.8-12.8h-22.4c-6.4 0-12.8 6.4-12.8 12.8v230.4c0 6.4 6.4 12.8 12.8 12.8zm-192 0h22.4c6.4 0 12.8-6.4 12.8-12.8V140.8c0-6.4-6.4-12.8-12.8-12.8h-22.4c-6.4 0-12.8 6.4-12.8 12.8v198.4c0 6.4 6.4 12.8 12.8 12.8zm96 0h22.4c6.4 0 12.8-6.4 12.8-12.8V204.8c0-6.4-6.4-12.8-12.8-12.8h-22.4c-6.4 0-12.8 6.4-12.8 12.8v134.4c0 6.4 6.4 12.8 12.8 12.8zM496 400H48V80c0-8.84-7.16-16-16-16H16C7.16 64 0 71.16 0 80v336c0 17.67 14.33 32 32 32h464c8.84 0 16-7.16 16-16v-16c0-8.84-7.16-16-16-16zm-387.2-48h22.4c6.4 0 12.8-6.4 12.8-12.8v-70.4c0-6.4-6.4-12.8-12.8-12.8h-22.4c-6.4 0-12.8 6.4-12.8 12.8v70.4c0 6.4 6.4 12.8 12.8 12.8z\" class=\"\"><\/path><\/svg><\/i> <img loading=\"lazy\" decoding=\"async\" width=\"16\" height=\"16\" alt=\"Loading\" src=\"https:\/\/temucotelevision.cl\/web\/wp-content\/plugins\/page-views-count\/ajax-loader-2x.gif\" border=0 \/><\/p><div class=\"pvc_clear\"><\/div>\n<p>En el contexto del D\u00eda Mundial del Suelo que se celebra cada 5 de diciembre, una fecha que tiene como objetivo incrementar la comprensi\u00f3n de la importancia del suelo para la seguridad alimentaria y las funciones esenciales del ecosistema, estimo necesario visibilizar el trabajo conjunto realizado entre la Academia y el Senado, a trav\u00e9s de una mesa t\u00e9cnica integrada por m\u00e1s de 50 cient\u00edficos de diversas casas de estudio de todo Chile.<\/p>\n\n\n\n<p>Un esfuerzo conjunto de 2 a\u00f1os que nos ha permitido presentar la primera Ley Marco de Suelos, una iniciativa legal que esperamos permita generar una discusi\u00f3n seria en el parlamento y as\u00ed hacernos cargo de una deuda inmensa con uno de los elementos m\u00e1s importantes&nbsp; de nuestro medio ambiente como es el suelo.<\/p>\n\n\n\n<p>Chile es uno de los pocos pa\u00edses de la OCDE que no cuenta con una&nbsp; legislaci\u00f3n que proteja los suelos de los efectos del cambio clim\u00e1tico, la&nbsp; sobreexplotaci\u00f3n agr\u00edcola, la expansi\u00f3n urbana, la erosi\u00f3n, desertificaci\u00f3n y la contaminaci\u00f3n. Por lo que a trav\u00e9s de un nuevo marco jur\u00eddico, nuestra Comisi\u00f3n de Agricultura podr\u00e1&nbsp; ofrecer una nueva normativa medioambiental para nuestro pa\u00eds.<\/p>\n\n\n\n<p>A trav\u00e9s del proyecto Ley Marco de Suelos, que ingresamos al Senado a mediados de noviembre, y que ya fue aprobado en general en la Comisi\u00f3n de Agricultura, buscamos regular la gesti\u00f3n sostenible del uso del suelo, as\u00ed como resguardar su protecci\u00f3n y restauraci\u00f3n; con la finalidad de evitar su degradaci\u00f3n; promoviendo su identificaci\u00f3n, estudio, clasificaci\u00f3n y conocimiento; y considerando adem\u00e1s los tratados internacionales ratificados por Chile.<\/p>\n\n\n\n<p>Esta iniciativa legal, considera que existen diversas causas que provocan la degradaci\u00f3n del suelo, las cuales podr\u00edan ser resueltas abordando 4 aspectos fundamentales; como lo son: el ordenamiento territorial, la contaminaci\u00f3n, la p\u00e9rdida de suelos por erosi\u00f3n y el cambio clim\u00e1tico.&nbsp;<\/p>\n\n\n\n<p>Considerando que&nbsp; este proyecto es una Ley marco, se definen siete principios (cient\u00edfico, integralidad, equidad territorial, gobernanza, participaci\u00f3n ciudadana, responsabilidad y sostenibilidad del suelo) los que actuar\u00e1n como normas orientadoras sobre las cuales se ampara y aplica la normativa propuesta; adem\u00e1s de 23 definiciones, todas justificadas t\u00e9cnicamente, que otorgan el sustento de la evidencia cient\u00edfica que debe acompa\u00f1ar a este tipo de iniciativas.&nbsp;<\/p>\n\n\n\n<p>Para quienes se preguntan, \u00bfPor qu\u00e9 esto es importante?, debemos se\u00f1alar que los suelos desarrollan una serie de funciones; como la producci\u00f3n de biomasa, regular los ciclos hidrol\u00f3gicos y el clima, adem\u00e1s de capturar carbono en el contexto del cambio clim\u00e1tico, sostener la sobrevivencia humana y ser la principal fuente de materias primas, puesto que se estima que el 95% de los alimentos a nivel mundial provienen de los suelos.<\/p>\n\n\n\n<p>Es por esto, que si Chile quiere ser realmente una potencia agroalimentaria, debemos proteger y manejar el suelo en forma sustentable, trabajo que debemos desarrollar de manera transversal con todos los actores t\u00e9cnicos y pol\u00edticos, as\u00ed como tambi\u00e9n la sociedad civil organizada. Esto nos permitir\u00e1 contar con normas para el futuro y generar conciencia, porque el cuidado y protecci\u00f3n del medio ambiente es tarea de todos.<\/p>\n","protected":false},"excerpt":{"rendered":"<div class=\"pvc_clear\"><\/div>\n<p id=\"pvc_stats_27907\" class=\"pvc_stats total_only  \" data-element-id=\"27907\" style=\"\"><i class=\"pvc-stats-icon large\" aria-hidden=\"true\"><svg aria-hidden=\"true\" focusable=\"false\" data-prefix=\"far\" data-icon=\"chart-bar\" role=\"img\" xmlns=\"http:\/\/www.w3.org\/2000\/svg\" viewBox=\"0 0 512 512\" class=\"svg-inline--fa fa-chart-bar fa-w-16 fa-2x\"><path fill=\"currentColor\" d=\"M396.8 352h22.4c6.4 0 12.8-6.4 12.8-12.8V108.8c0-6.4-6.4-12.8-12.8-12.8h-22.4c-6.4 0-12.8 6.4-12.8 12.8v230.4c0 6.4 6.4 12.8 12.8 12.8zm-192 0h22.4c6.4 0 12.8-6.4 12.8-12.8V140.8c0-6.4-6.4-12.8-12.8-12.8h-22.4c-6.4 0-12.8 6.4-12.8 12.8v198.4c0 6.4 6.4 12.8 12.8 12.8zm96 0h22.4c6.4 0 12.8-6.4 12.8-12.8V204.8c0-6.4-6.4-12.8-12.8-12.8h-22.4c-6.4 0-12.8 6.4-12.8 12.8v134.4c0 6.4 6.4 12.8 12.8 12.8zM496 400H48V80c0-8.84-7.16-16-16-16H16C7.16 64 0 71.16 0 80v336c0 17.67 14.33 32 32 32h464c8.84 0 16-7.16 16-16v-16c0-8.84-7.16-16-16-16zm-387.2-48h22.4c6.4 0 12.8-6.4 12.8-12.8v-70.4c0-6.4-6.4-12.8-12.8-12.8h-22.4c-6.4 0-12.8 6.4-12.8 12.8v70.4c0 6.4 6.4 12.8 12.8 12.8z\" class=\"\"><\/path><\/svg><\/i> <img loading=\"lazy\" decoding=\"async\" width=\"16\" height=\"16\" alt=\"Loading\" src=\"https:\/\/temucotelevision.cl\/web\/wp-content\/plugins\/page-views-count\/ajax-loader-2x.gif\" border=0 \/><\/p>\n<div class=\"pvc_clear\"><\/div>\n<p>En el contexto del D\u00eda Mundial del Suelo que se celebra cada 5 de diciembre, una fecha que tiene como<\/p>\n","protected":false},"author":1,"featured_media":22346,"comment_status":"open","ping_status":"open","sticky":false,"template":"","format":"standard","meta":{"colormag_page_container_layout":"default_layout","colormag_page_sidebar_layout":"default_layout","footnotes":""},"categories":[84],"tags":[2510,2065,4839],"class_list":["post-27907","post","type-post","status-publish","format-standard","has-post-thumbnail","hentry","category-politica","tag-columna","tag-senadora","tag-suelo"],"a3_pvc":{"activated":true,"total_views":25,"today_views":0},"_links":{"self":[{"href":"https:\/\/temucotelevision.cl\/web\/wp-json\/wp\/v2\/posts\/27907","targetHints":{"allow":["GET"]}}],"collection":[{"href":"https:\/\/temucotelevision.cl\/web\/wp-json\/wp\/v2\/posts"}],"about":[{"href":"https:\/\/temucotelevision.cl\/web\/wp-json\/wp\/v2\/types\/post"}],"author":[{"embeddable":true,"href":"https:\/\/temucotelevision.cl\/web\/wp-json\/wp\/v2\/users\/1"}],"replies":[{"embeddable":true,"href":"https:\/\/temucotelevision.cl\/web\/wp-json\/wp\/v2\/comments?post=27907"}],"version-history":[{"count":1,"href":"https:\/\/temucotelevision.cl\/web\/wp-json\/wp\/v2\/posts\/27907\/revisions"}],"predecessor-version":[{"id":27908,"href":"https:\/\/temucotelevision.cl\/web\/wp-json\/wp\/v2\/posts\/27907\/revisions\/27908"}],"wp:featuredmedia":[{"embeddable":true,"href":"https:\/\/temucotelevision.cl\/web\/wp-json\/wp\/v2\/media\/22346"}],"wp:attachment":[{"href":"https:\/\/temucotelevision.cl\/web\/wp-json\/wp\/v2\/media?parent=27907"}],"wp:term":[{"taxonomy":"category","embeddable":true,"href":"https:\/\/temucotelevision.cl\/web\/wp-json\/wp\/v2\/categories?post=27907"},{"taxonomy":"post_tag","embeddable":true,"href":"https:\/\/temucotelevision.cl\/web\/wp-json\/wp\/v2\/tags?post=27907"}],"curies":[{"name":"wp","href":"https:\/\/api.w.org\/{rel}","templated":true}]}}