{"id":27902,"date":"2021-12-04T17:18:30","date_gmt":"2021-12-04T20:18:30","guid":{"rendered":"https:\/\/temucotelevision.cl\/web\/?p=27902"},"modified":"2021-12-04T17:18:31","modified_gmt":"2021-12-04T20:18:31","slug":"tres-problemas-de-vision-en-la-tercera-edad-donde-la-tecnologia-asistencial-puede-ayudar-mucho","status":"publish","type":"post","link":"https:\/\/temucotelevision.cl\/web\/2021\/12\/04\/tres-problemas-de-vision-en-la-tercera-edad-donde-la-tecnologia-asistencial-puede-ayudar-mucho\/","title":{"rendered":"Tres problemas de visi\u00f3n en la tercera edad donde la tecnolog\u00eda asistencial puede ayudar mucho"},"content":{"rendered":"<div class=\"pvc_clear\"><\/div><p id=\"pvc_stats_27902\" class=\"pvc_stats total_only  \" data-element-id=\"27902\" style=\"\"><i class=\"pvc-stats-icon large\" aria-hidden=\"true\"><svg aria-hidden=\"true\" focusable=\"false\" data-prefix=\"far\" data-icon=\"chart-bar\" role=\"img\" xmlns=\"http:\/\/www.w3.org\/2000\/svg\" viewBox=\"0 0 512 512\" class=\"svg-inline--fa fa-chart-bar fa-w-16 fa-2x\"><path fill=\"currentColor\" d=\"M396.8 352h22.4c6.4 0 12.8-6.4 12.8-12.8V108.8c0-6.4-6.4-12.8-12.8-12.8h-22.4c-6.4 0-12.8 6.4-12.8 12.8v230.4c0 6.4 6.4 12.8 12.8 12.8zm-192 0h22.4c6.4 0 12.8-6.4 12.8-12.8V140.8c0-6.4-6.4-12.8-12.8-12.8h-22.4c-6.4 0-12.8 6.4-12.8 12.8v198.4c0 6.4 6.4 12.8 12.8 12.8zm96 0h22.4c6.4 0 12.8-6.4 12.8-12.8V204.8c0-6.4-6.4-12.8-12.8-12.8h-22.4c-6.4 0-12.8 6.4-12.8 12.8v134.4c0 6.4 6.4 12.8 12.8 12.8zM496 400H48V80c0-8.84-7.16-16-16-16H16C7.16 64 0 71.16 0 80v336c0 17.67 14.33 32 32 32h464c8.84 0 16-7.16 16-16v-16c0-8.84-7.16-16-16-16zm-387.2-48h22.4c6.4 0 12.8-6.4 12.8-12.8v-70.4c0-6.4-6.4-12.8-12.8-12.8h-22.4c-6.4 0-12.8 6.4-12.8 12.8v70.4c0 6.4 6.4 12.8 12.8 12.8z\" class=\"\"><\/path><\/svg><\/i> <img loading=\"lazy\" decoding=\"async\" width=\"16\" height=\"16\" alt=\"Loading\" src=\"https:\/\/temucotelevision.cl\/web\/wp-content\/plugins\/page-views-count\/ajax-loader-2x.gif\" border=0 \/><\/p><div class=\"pvc_clear\"><\/div>\n<p>\u00b7&nbsp;&nbsp;&nbsp;&nbsp;&nbsp;&nbsp;&nbsp;&nbsp;&nbsp;<strong><em>En un entorno donde el uso de dispositivos tecnol\u00f3gicos se ha convertido en lo cotidiano, las personas mayores con p\u00e9rdida de visi\u00f3n tambi\u00e9n cuentan con ayudas tecnol\u00f3gicas.<\/em><\/strong><\/p>\n\n\n\n<p>\u00b7&nbsp;&nbsp;&nbsp;&nbsp;&nbsp;&nbsp;&nbsp;&nbsp;&nbsp;<strong><em>Orcam MyEye 2.0, un aparato capaz de&nbsp;transmitir mediante el sonido informaci\u00f3n visual b\u00e1sica&nbsp;tal como textos, productos, dinero e incluso caras<\/em><\/strong><strong><em>.<\/em><\/strong><\/p>\n\n\n\n<p><strong>Santiago de Chile, 01 de diciembre de 2021.<\/strong>&nbsp;Al hacernos mayores los sentidos y habilidades suelen verse afectados, siendo la vista una de las principales damnificadas. Sin embargo, y muy afortunadamente, los problemas de visi\u00f3n, como muchos de los asociados con la edad, tienen soluciones que han estado funcionando durante a\u00f1os.&nbsp;La mayor\u00eda de la gente no sabe esto, pero existen muchos tipos de problemas oculares. Si bien es cierto que la mayor\u00eda de ellos son conocidos por los individuos que los sufren, o por sus familiares, como \u201cproblemas de visi\u00f3n asociados a la vejez\u201d, siguen consider\u00e1ndose enfermedades del ojo.&nbsp;<\/p>\n\n\n\n<p><strong>Problemas de vista asociados con la edad<\/strong><\/p>\n\n\n\n<p>1.&nbsp;&nbsp;&nbsp;&nbsp;&nbsp;&nbsp;&nbsp;<strong>Glaucoma.<\/strong>&nbsp;El glaucoma afecta al nervio \u00f3ptico y puede derivar en la p\u00e9rdida de la vista. Hay tres tipos de glaucoma. De tensi\u00f3n normal, de \u00e1ngulo abierto y de \u00e1ngulo cerrado. El de \u00e1ngulo abierto es el m\u00e1s com\u00fan de ellos. Los nombres de estos tipos de glaucoma vienen de la posici\u00f3n del \u00e1ngulo de desag\u00fce del fluido dentro del ojo.<\/p>\n\n\n\n<p>2.&nbsp;&nbsp;&nbsp;&nbsp;&nbsp;&nbsp;&nbsp;<strong>Degeneraci\u00f3n macular asociada a la edad.&nbsp;<\/strong>Com\u00fanmente conocida como degeneraci\u00f3n macular, deriva en visi\u00f3n borrosa o p\u00e9rdida parcial de la visi\u00f3n central en un ojo o en los dos. No siempre acaba en ceguera total. En cualquier caso, la p\u00e9rdida de visi\u00f3n central puede dificultar la lectura y el reconocimiento de caras y objetos.<\/p>\n\n\n\n<p>3.&nbsp;&nbsp;&nbsp;&nbsp;&nbsp;&nbsp;&nbsp;<strong>Cataratas.<\/strong>&nbsp;Consiste en una enfermedad causada, normalmente, por la edad y que provoca opacidad o turbiedad en la lente del ojo. Las cataratas normalmente se van desarrollando durante un largo periodo de tiempo. A veces s\u00f3lo un ojo es el afectado y a veces son los dos. Esto provoca una variedad de s\u00edntomas que afectan a la visi\u00f3n. Los s\u00edntomas pueden incluir visi\u00f3n borrosa, visi\u00f3n doble y no ser capaz de ver con luz clara o en la oscuridad.<\/p>\n\n\n\n<p>Los problemas de visi\u00f3n asociados a la vejez provocan grandes cambios en el estilo de vida de las personas que los sufren. Gente que ha estado viviendo una vida completamente independiente, a menudo se encuentra en la situaci\u00f3n de depender de otros por sus problemas de vista. Lo que antes era f\u00e1cil, como leer cartas, peri\u00f3dicos, revistas, libros, men\u00fas o incluso se\u00f1ales urbanas, ya no lo es.<\/p>\n\n\n\n<p>En algunos casos la asistencia personal es la opci\u00f3n que la gente elige para sobrellevar una vida con p\u00e9rdida de visi\u00f3n. No obstante, incluso habiendo elegido esa opci\u00f3n, se puede conseguir un alto nivel de independencia echando mano a soluciones de tecnolog\u00eda asistencial.<\/p>\n\n\n\n<p><strong>Tecnolog\u00eda asistencial para la p\u00e9rdida de la visi\u00f3n<\/strong><\/p>\n\n\n\n<p><a href=\"https:\/\/www.orcam.com\/es\/myeye2\/\" target=\"_blank\" rel=\"noreferrer noopener\">OrCam MyEye 2<\/a>&nbsp;ayuda precisamente a las personas con problemas de visi\u00f3n asociados a la vejez a conseguir un aumento significativo de su independencia cotidiana. Entre las funciones que ofrece est\u00e1 la lectura de textos de superficies impresas o digitales, el reconocimiento de c\u00f3digos de barras, objetos personales, colores, caras, e incluso billetes. \u201cLos usuarios de OrCam pueden comprar de forma independiente otra vez, as\u00ed como leer sus libros favoritos, peri\u00f3dicos, revistas e incluso leer la carta de un restaurante por su propia cuenta. Y todo esto despu\u00e9s de sufrir la p\u00e9rdida de su visi\u00f3n\u201d, asegura Bari Hayoun,&nbsp;director regional de OrCam Technologies para LATAM y Espa\u00f1a.<\/p>\n\n\n\n<p><strong>Acerca de OrCam Technologies<\/strong><\/p>\n\n\n\n<p>OrCam Technologies, l\u00edder en plataformas de inteligencia artificial personal, fue fundada en 2010 por los innovadores israel\u00edes Prof. Amnon Shashua y el Sr. Ziv Aviram, quienes tambi\u00e9n son cofundadores de Mobileye (una compa\u00f1\u00eda de Intel), el l\u00edder del sistema anticolisi\u00f3n e innovador en conducci\u00f3n aut\u00f3noma. Inspirado en el desarrollo de tecnolog\u00eda de visi\u00f3n artificial innovadora que permite una conducci\u00f3n m\u00e1s segura, OrCam aprovecha la visi\u00f3n computarizada impulsada por inteligencia artificial para proporcionar una mayor independencia a las personas ciegas o con discapacidad visual, con problemas de audici\u00f3n, dificultades de lectura y otras personas. El dispositivo insignia en tecnolog\u00eda de asistencia OrCam MyEye 2 de la compa\u00f1\u00eda fue incluido en la lista de las Mejores Invenciones de 2019 de TIME.<\/p>\n","protected":false},"excerpt":{"rendered":"<div class=\"pvc_clear\"><\/div>\n<p id=\"pvc_stats_27902\" class=\"pvc_stats total_only  \" data-element-id=\"27902\" style=\"\"><i class=\"pvc-stats-icon large\" aria-hidden=\"true\"><svg aria-hidden=\"true\" focusable=\"false\" data-prefix=\"far\" data-icon=\"chart-bar\" role=\"img\" xmlns=\"http:\/\/www.w3.org\/2000\/svg\" viewBox=\"0 0 512 512\" class=\"svg-inline--fa fa-chart-bar fa-w-16 fa-2x\"><path fill=\"currentColor\" d=\"M396.8 352h22.4c6.4 0 12.8-6.4 12.8-12.8V108.8c0-6.4-6.4-12.8-12.8-12.8h-22.4c-6.4 0-12.8 6.4-12.8 12.8v230.4c0 6.4 6.4 12.8 12.8 12.8zm-192 0h22.4c6.4 0 12.8-6.4 12.8-12.8V140.8c0-6.4-6.4-12.8-12.8-12.8h-22.4c-6.4 0-12.8 6.4-12.8 12.8v198.4c0 6.4 6.4 12.8 12.8 12.8zm96 0h22.4c6.4 0 12.8-6.4 12.8-12.8V204.8c0-6.4-6.4-12.8-12.8-12.8h-22.4c-6.4 0-12.8 6.4-12.8 12.8v134.4c0 6.4 6.4 12.8 12.8 12.8zM496 400H48V80c0-8.84-7.16-16-16-16H16C7.16 64 0 71.16 0 80v336c0 17.67 14.33 32 32 32h464c8.84 0 16-7.16 16-16v-16c0-8.84-7.16-16-16-16zm-387.2-48h22.4c6.4 0 12.8-6.4 12.8-12.8v-70.4c0-6.4-6.4-12.8-12.8-12.8h-22.4c-6.4 0-12.8 6.4-12.8 12.8v70.4c0 6.4 6.4 12.8 12.8 12.8z\" class=\"\"><\/path><\/svg><\/i> <img loading=\"lazy\" decoding=\"async\" width=\"16\" height=\"16\" alt=\"Loading\" src=\"https:\/\/temucotelevision.cl\/web\/wp-content\/plugins\/page-views-count\/ajax-loader-2x.gif\" border=0 \/><\/p>\n<div class=\"pvc_clear\"><\/div>\n<p>\u00b7&nbsp;&nbsp;&nbsp;&nbsp;&nbsp;&nbsp;&nbsp;&nbsp;&nbsp;En un entorno donde el uso de dispositivos tecnol\u00f3gicos se ha convertido en lo cotidiano, las personas mayores con p\u00e9rdida<\/p>\n","protected":false},"author":1,"featured_media":27903,"comment_status":"open","ping_status":"open","sticky":false,"template":"","format":"standard","meta":{"colormag_page_container_layout":"default_layout","colormag_page_sidebar_layout":"default_layout","footnotes":""},"categories":[101],"tags":[249,565,4864,4863],"class_list":["post-27902","post","type-post","status-publish","format-standard","has-post-thumbnail","hentry","category-actualidad","tag-adultos-mayores","tag-tecnologia","tag-tercera-edad","tag-vision"],"a3_pvc":{"activated":true,"total_views":77,"today_views":0},"_links":{"self":[{"href":"https:\/\/temucotelevision.cl\/web\/wp-json\/wp\/v2\/posts\/27902","targetHints":{"allow":["GET"]}}],"collection":[{"href":"https:\/\/temucotelevision.cl\/web\/wp-json\/wp\/v2\/posts"}],"about":[{"href":"https:\/\/temucotelevision.cl\/web\/wp-json\/wp\/v2\/types\/post"}],"author":[{"embeddable":true,"href":"https:\/\/temucotelevision.cl\/web\/wp-json\/wp\/v2\/users\/1"}],"replies":[{"embeddable":true,"href":"https:\/\/temucotelevision.cl\/web\/wp-json\/wp\/v2\/comments?post=27902"}],"version-history":[{"count":1,"href":"https:\/\/temucotelevision.cl\/web\/wp-json\/wp\/v2\/posts\/27902\/revisions"}],"predecessor-version":[{"id":27904,"href":"https:\/\/temucotelevision.cl\/web\/wp-json\/wp\/v2\/posts\/27902\/revisions\/27904"}],"wp:featuredmedia":[{"embeddable":true,"href":"https:\/\/temucotelevision.cl\/web\/wp-json\/wp\/v2\/media\/27903"}],"wp:attachment":[{"href":"https:\/\/temucotelevision.cl\/web\/wp-json\/wp\/v2\/media?parent=27902"}],"wp:term":[{"taxonomy":"category","embeddable":true,"href":"https:\/\/temucotelevision.cl\/web\/wp-json\/wp\/v2\/categories?post=27902"},{"taxonomy":"post_tag","embeddable":true,"href":"https:\/\/temucotelevision.cl\/web\/wp-json\/wp\/v2\/tags?post=27902"}],"curies":[{"name":"wp","href":"https:\/\/api.w.org\/{rel}","templated":true}]}}