{"id":27896,"date":"2021-12-04T16:50:54","date_gmt":"2021-12-04T19:50:54","guid":{"rendered":"https:\/\/temucotelevision.cl\/web\/?p=27896"},"modified":"2021-12-04T16:50:55","modified_gmt":"2021-12-04T19:50:55","slug":"loncochense-representara-a-chile-en-sudamericano-de-powerlifting-en-ecuador","status":"publish","type":"post","link":"https:\/\/temucotelevision.cl\/web\/2021\/12\/04\/loncochense-representara-a-chile-en-sudamericano-de-powerlifting-en-ecuador\/","title":{"rendered":"Loncochense representar\u00e1 a Chile en Sudamericano de PowerLifting en Ecuador"},"content":{"rendered":"<div class=\"pvc_clear\"><\/div><p id=\"pvc_stats_27896\" class=\"pvc_stats total_only  \" data-element-id=\"27896\" style=\"\"><i class=\"pvc-stats-icon large\" aria-hidden=\"true\"><svg aria-hidden=\"true\" focusable=\"false\" data-prefix=\"far\" data-icon=\"chart-bar\" role=\"img\" xmlns=\"http:\/\/www.w3.org\/2000\/svg\" viewBox=\"0 0 512 512\" class=\"svg-inline--fa fa-chart-bar fa-w-16 fa-2x\"><path fill=\"currentColor\" d=\"M396.8 352h22.4c6.4 0 12.8-6.4 12.8-12.8V108.8c0-6.4-6.4-12.8-12.8-12.8h-22.4c-6.4 0-12.8 6.4-12.8 12.8v230.4c0 6.4 6.4 12.8 12.8 12.8zm-192 0h22.4c6.4 0 12.8-6.4 12.8-12.8V140.8c0-6.4-6.4-12.8-12.8-12.8h-22.4c-6.4 0-12.8 6.4-12.8 12.8v198.4c0 6.4 6.4 12.8 12.8 12.8zm96 0h22.4c6.4 0 12.8-6.4 12.8-12.8V204.8c0-6.4-6.4-12.8-12.8-12.8h-22.4c-6.4 0-12.8 6.4-12.8 12.8v134.4c0 6.4 6.4 12.8 12.8 12.8zM496 400H48V80c0-8.84-7.16-16-16-16H16C7.16 64 0 71.16 0 80v336c0 17.67 14.33 32 32 32h464c8.84 0 16-7.16 16-16v-16c0-8.84-7.16-16-16-16zm-387.2-48h22.4c6.4 0 12.8-6.4 12.8-12.8v-70.4c0-6.4-6.4-12.8-12.8-12.8h-22.4c-6.4 0-12.8 6.4-12.8 12.8v70.4c0 6.4 6.4 12.8 12.8 12.8z\" class=\"\"><\/path><\/svg><\/i> <img loading=\"lazy\" decoding=\"async\" width=\"16\" height=\"16\" alt=\"Loading\" src=\"https:\/\/temucotelevision.cl\/web\/wp-content\/plugins\/page-views-count\/ajax-loader-2x.gif\" border=0 \/><\/p><div class=\"pvc_clear\"><\/div>\n<p>Se trata de&nbsp;\u00c1ngela Scarleth Vega Plaza, joven loncochense que practica PowerLifting y que ir\u00e1 a representar a la comuna de Loncoche y a nuestro pa\u00eds al Sudamericano de la especialidad que se realizar\u00e1 en Ecuador entre el 8 y el 12 de diciembre.<\/p>\n\n\n\n<p>Es por esta raz\u00f3n que el Alcalde de la comuna, Alexis Pineda Ruiz propuso al Concejo Municipal entregarle una beca de $500.000.- (quinientos mil pesos) para que pueda cubrir el alto costo en el que incurrir\u00e1 para poder asistir al importante certamen.<\/p>\n\n\n\n<p>Ante esta iniciativa, el edil se\u00f1al\u00f3 \u201c<em>esta beca tiene que ver con el tremendo apoyo que nosotros como municipio le estamos dando al deporte. Quiero agradecer tambi\u00e9n al concejal Nelson Castillo, quien ha sido un tremendo colaborador y en su condici\u00f3n de presidente de la comisi\u00f3n de deporte del Concejo Municipal ha estado siempre apoy\u00e1ndonos en esta iniciativa<\/em>\u201d<\/p>\n\n\n\n<p>En tanto \u00c1ngela Vega Plaza, joven beneficiada con la beca indic\u00f3 que \u201c<em>esta es una gran oportunidad porque todos los gastos salieron much\u00edsimo y sin esto no hubiera podido viajar. De verdad lo veo como una oportunidad para cumplir un sue\u00f1o<\/em>\u201d.<\/p>\n\n\n\n<p>Finalmente, el presidente de la Comisi\u00f3n de Deportes del Concejo Municipal de Loncoche, Nelson Castillo se\u00f1al\u00f3 que \u201c<em>en primer lugar quiero dar las gracias al alcalde por la gesti\u00f3n que ha hecho y por ser un gran apoyo para los deportistas. Estas son acciones importantes<\/em>\u201d.<\/p>\n\n\n\n<p>Cabe se\u00f1alar que esta es la cuarta beca deportiva que la Municipalidad de Loncoche entrega en los 5 meses que lleva de gesti\u00f3n la actual administraci\u00f3n. En el caso de Scarleth, ella debe financiar los pasajes del equipo t\u00e9cnico compuesto por 4 personas, lo que es una exigencia para poder participar del sudamericano.<\/p>\n","protected":false},"excerpt":{"rendered":"<div class=\"pvc_clear\"><\/div>\n<p id=\"pvc_stats_27896\" class=\"pvc_stats total_only  \" data-element-id=\"27896\" style=\"\"><i class=\"pvc-stats-icon large\" aria-hidden=\"true\"><svg aria-hidden=\"true\" focusable=\"false\" data-prefix=\"far\" data-icon=\"chart-bar\" role=\"img\" xmlns=\"http:\/\/www.w3.org\/2000\/svg\" viewBox=\"0 0 512 512\" class=\"svg-inline--fa fa-chart-bar fa-w-16 fa-2x\"><path fill=\"currentColor\" d=\"M396.8 352h22.4c6.4 0 12.8-6.4 12.8-12.8V108.8c0-6.4-6.4-12.8-12.8-12.8h-22.4c-6.4 0-12.8 6.4-12.8 12.8v230.4c0 6.4 6.4 12.8 12.8 12.8zm-192 0h22.4c6.4 0 12.8-6.4 12.8-12.8V140.8c0-6.4-6.4-12.8-12.8-12.8h-22.4c-6.4 0-12.8 6.4-12.8 12.8v198.4c0 6.4 6.4 12.8 12.8 12.8zm96 0h22.4c6.4 0 12.8-6.4 12.8-12.8V204.8c0-6.4-6.4-12.8-12.8-12.8h-22.4c-6.4 0-12.8 6.4-12.8 12.8v134.4c0 6.4 6.4 12.8 12.8 12.8zM496 400H48V80c0-8.84-7.16-16-16-16H16C7.16 64 0 71.16 0 80v336c0 17.67 14.33 32 32 32h464c8.84 0 16-7.16 16-16v-16c0-8.84-7.16-16-16-16zm-387.2-48h22.4c6.4 0 12.8-6.4 12.8-12.8v-70.4c0-6.4-6.4-12.8-12.8-12.8h-22.4c-6.4 0-12.8 6.4-12.8 12.8v70.4c0 6.4 6.4 12.8 12.8 12.8z\" class=\"\"><\/path><\/svg><\/i> <img loading=\"lazy\" decoding=\"async\" width=\"16\" height=\"16\" alt=\"Loading\" src=\"https:\/\/temucotelevision.cl\/web\/wp-content\/plugins\/page-views-count\/ajax-loader-2x.gif\" border=0 \/><\/p>\n<div class=\"pvc_clear\"><\/div>\n<p>Se trata de&nbsp;\u00c1ngela Scarleth Vega Plaza, joven loncochense que practica PowerLifting y que ir\u00e1 a representar a la comuna de<\/p>\n","protected":false},"author":1,"featured_media":27898,"comment_status":"open","ping_status":"open","sticky":false,"template":"","format":"standard","meta":{"colormag_page_container_layout":"default_layout","colormag_page_sidebar_layout":"default_layout","footnotes":""},"categories":[15],"tags":[1923,4861,4862],"class_list":["post-27896","post","type-post","status-publish","format-standard","has-post-thumbnail","hentry","category-la-araucania","tag-ecuador","tag-loncochense","tag-powerlifting"],"a3_pvc":{"activated":true,"total_views":109,"today_views":0},"_links":{"self":[{"href":"https:\/\/temucotelevision.cl\/web\/wp-json\/wp\/v2\/posts\/27896","targetHints":{"allow":["GET"]}}],"collection":[{"href":"https:\/\/temucotelevision.cl\/web\/wp-json\/wp\/v2\/posts"}],"about":[{"href":"https:\/\/temucotelevision.cl\/web\/wp-json\/wp\/v2\/types\/post"}],"author":[{"embeddable":true,"href":"https:\/\/temucotelevision.cl\/web\/wp-json\/wp\/v2\/users\/1"}],"replies":[{"embeddable":true,"href":"https:\/\/temucotelevision.cl\/web\/wp-json\/wp\/v2\/comments?post=27896"}],"version-history":[{"count":1,"href":"https:\/\/temucotelevision.cl\/web\/wp-json\/wp\/v2\/posts\/27896\/revisions"}],"predecessor-version":[{"id":27899,"href":"https:\/\/temucotelevision.cl\/web\/wp-json\/wp\/v2\/posts\/27896\/revisions\/27899"}],"wp:featuredmedia":[{"embeddable":true,"href":"https:\/\/temucotelevision.cl\/web\/wp-json\/wp\/v2\/media\/27898"}],"wp:attachment":[{"href":"https:\/\/temucotelevision.cl\/web\/wp-json\/wp\/v2\/media?parent=27896"}],"wp:term":[{"taxonomy":"category","embeddable":true,"href":"https:\/\/temucotelevision.cl\/web\/wp-json\/wp\/v2\/categories?post=27896"},{"taxonomy":"post_tag","embeddable":true,"href":"https:\/\/temucotelevision.cl\/web\/wp-json\/wp\/v2\/tags?post=27896"}],"curies":[{"name":"wp","href":"https:\/\/api.w.org\/{rel}","templated":true}]}}