{"id":27890,"date":"2021-12-04T16:42:29","date_gmt":"2021-12-04T19:42:29","guid":{"rendered":"https:\/\/temucotelevision.cl\/web\/?p=27890"},"modified":"2021-12-04T16:42:32","modified_gmt":"2021-12-04T19:42:32","slug":"con-grandes-historias-y-homenaje-a-deportistas-paralimpicos-asi-fueron-las-primeras-horas-de-la-teleton-2021","status":"publish","type":"post","link":"https:\/\/temucotelevision.cl\/web\/2021\/12\/04\/con-grandes-historias-y-homenaje-a-deportistas-paralimpicos-asi-fueron-las-primeras-horas-de-la-teleton-2021\/","title":{"rendered":"Con grandes historias y homenaje a deportistas paral\u00edmpicos: As\u00ed fueron las primeras horas de la Telet\u00f3n 2021"},"content":{"rendered":"<div class=\"pvc_clear\"><\/div><p id=\"pvc_stats_27890\" class=\"pvc_stats total_only  \" data-element-id=\"27890\" style=\"\"><i class=\"pvc-stats-icon large\" aria-hidden=\"true\"><svg aria-hidden=\"true\" focusable=\"false\" data-prefix=\"far\" data-icon=\"chart-bar\" role=\"img\" xmlns=\"http:\/\/www.w3.org\/2000\/svg\" viewBox=\"0 0 512 512\" class=\"svg-inline--fa fa-chart-bar fa-w-16 fa-2x\"><path fill=\"currentColor\" d=\"M396.8 352h22.4c6.4 0 12.8-6.4 12.8-12.8V108.8c0-6.4-6.4-12.8-12.8-12.8h-22.4c-6.4 0-12.8 6.4-12.8 12.8v230.4c0 6.4 6.4 12.8 12.8 12.8zm-192 0h22.4c6.4 0 12.8-6.4 12.8-12.8V140.8c0-6.4-6.4-12.8-12.8-12.8h-22.4c-6.4 0-12.8 6.4-12.8 12.8v198.4c0 6.4 6.4 12.8 12.8 12.8zm96 0h22.4c6.4 0 12.8-6.4 12.8-12.8V204.8c0-6.4-6.4-12.8-12.8-12.8h-22.4c-6.4 0-12.8 6.4-12.8 12.8v134.4c0 6.4 6.4 12.8 12.8 12.8zM496 400H48V80c0-8.84-7.16-16-16-16H16C7.16 64 0 71.16 0 80v336c0 17.67 14.33 32 32 32h464c8.84 0 16-7.16 16-16v-16c0-8.84-7.16-16-16-16zm-387.2-48h22.4c6.4 0 12.8-6.4 12.8-12.8v-70.4c0-6.4-6.4-12.8-12.8-12.8h-22.4c-6.4 0-12.8 6.4-12.8 12.8v70.4c0 6.4 6.4 12.8 12.8 12.8z\" class=\"\"><\/path><\/svg><\/i> <img loading=\"lazy\" decoding=\"async\" width=\"16\" height=\"16\" alt=\"Loading\" src=\"https:\/\/temucotelevision.cl\/web\/wp-content\/plugins\/page-views-count\/ajax-loader-2x.gif\" border=0 \/><\/p><div class=\"pvc_clear\"><\/div>\n<p>\u25cf&nbsp;&nbsp;&nbsp;&nbsp;&nbsp;&nbsp;&nbsp;&nbsp;<strong>Tras casi dos a\u00f1os de pandemia, la Telet\u00f3n vuelve a realizarse en el teatro. La obertura estuvo marcada por emocionantes videos, conmovedoras historias y un potente discurso de Don Francisco.<\/strong><\/p>\n\n\n\n<p>Este 3 de diciembre se dio inicio a las conocidas \u201827 horas de amor\u2019 de la Telet\u00f3n. Con im\u00e1genes de atletas paral\u00edmpicos chilenos y un n\u00famero de ciclodanza, el programa comenz\u00f3 su in\u00e9dito formato h\u00edbrido. Aunque con aforo reducido, el espect\u00e1culo nuevamente se llev\u00f3 a cabo en el Teatro Telet\u00f3n, con Karen Doggenweiler, Juli\u00e1n Elfenbein, Diana Bolocco y Francisco Saavedra iniciando la animaci\u00f3n.<\/p>\n\n\n\n<p>El programa present\u00f3 una estructura parecida a los de a\u00f1os anteriores, aunque con modificaciones debido a la pandemia de Covid-19. Sin embargo, su sello se mantiene, record\u00e1ndonos teletones que hemos visto por m\u00e1s de 40 a\u00f1os.<\/p>\n\n\n\n<p>En la obertura hubo un espectacular homenaje a los atletas paral\u00edmpicos chilenos que participaron en los juegos que fue cerrado por el triple medallista Alberto Abarza en el escenario en compa\u00f1\u00eda de su hija.<\/p>\n\n\n\n<p>Luego, Mario Kreutzberger, l\u00edder y fundador de la cruzada, quien acompa\u00f1ado por el piano del maestro Valent\u00edn Trujillo, se\u00f1al\u00f3 en su discurso de apertura que, aunque estos tiempos de pandemia han sido duros y dif\u00edciles, se han podido superar todos los escollos y realizar con \u00e9xito, gracias al esfuerzo de todos, la primera Telet\u00f3n Virtual del mundo en abril de 2020.<\/p>\n\n\n\n<p>\u201cNunca detuvimos la atenci\u00f3n, ni en los tiempos m\u00e1s dif\u00edciles de la cuarentena, y con las restricciones sanitarias m\u00e1s severas. Fue as\u00ed como nuestros m\u00e9dicos fueron a las casas, fue as\u00ed como pudimos atender a todos los ni\u00f1os que no pudieron ir a los institutos, fue as\u00ed como los voluntarios nos ayudaron a entregar a los m\u00e1s vulnerables tambi\u00e9n recursos para supervivencia. Fue as\u00ed como pudimos hacer cojines para quienes estaban intubados por el Covid en hospitales, repartimos medicinas en nuestras ambulancias\u201d, dijo.<\/p>\n\n\n\n<p>Y continu\u00f3: \u201c\u00bfC\u00f3mo lo hicimos? Gracias a los recursos que Chile entreg\u00f3 en esa Telet\u00f3n, pudimos seguir atendiendo en estos 20 meses con eficiencia a 31 mil ni\u00f1os y sus familias. Lo hemos hecho con amor, con cari\u00f1o y eficiencia. Y un reconocimiento especial a estos 1.100 funcionarios m\u00e9dicos, kinesi\u00f3logos, t\u00e9cnicos, asistentes, y a los fieles 2.500 voluntarios que han trabajado sin descanso y con riesgo de su propia salud\u201d.<\/p>\n\n\n\n<p>El animador agreg\u00f3 que, \u201cesta vez, para cumplir con nuestras metas, los necesitamos m\u00e1s que nunca a cada uno de ustedes (\u2026) Dependemos del apoyo de todo Chile. Demostremos que la solidaridad es imbatible y que, en ese aspecto, somos campeones mundiales\u201d.<\/p>\n\n\n\n<p>Tras las palabras del animador de la cruzada pudimos conocer la emocionante historia de Mat\u00edas Palma, un joven valdiviano paciente de Telet\u00f3n que se inscribi\u00f3 en una escuela de danza para cumplir el sue\u00f1o de bailar.<\/p>\n\n\n\n<p><a href=\"<div data-mow_video=\"v-84XpuppYj6E\"\"><\/div> target=&#8221;_blank&#8221; rel=&#8221;noreferrer noopener&#8221;>&nbsp;TELET\u00d3N | Mat\u00edas Palma<\/a><\/p>\n\n\n\n<p>La noche continu\u00f3 con la presentaci\u00f3n de la cantante Miriam Hern\u00e1ndez y luego contactos desde regiones con animadores en terreno a lo largo de Chile, como Carmen Gloria Arroyo, desde Coyhaique.<\/p>\n\n\n\n<p>Luego, el escenario de la Telet\u00f3n recibi\u00f3 al presidente Sebasti\u00e1n Pi\u00f1era, quien se\u00f1al\u00f3 que \u201cla Telet\u00f3n le hace bien al alma de Chile, porque hace el milagro de unirnos a todos detr\u00e1s de esta hermosa causa y saca lo mejor de todos nosotros (\u2026) Y el aporte de todos ustedes es irremplazable, insustituible. Por supuesto que el Estado tiene que ayudar, pero nunca va a poder reemplazar ese esp\u00edritu, esa pasi\u00f3n, esa alma, esa inspiraci\u00f3n\u201d.<\/p>\n\n\n\n<p>\u201cEl Estado colabora, a trav\u00e9s de Fonasa, Senadis, con aportes a las infraestructuras, pero estamos trabajando para darle m\u00e1s fortaleza y estabilidad a ese aporte\u2026 Porque al fin y al cabo en estos d\u00edas la Telet\u00f3n necesita a Chile, pero los chilenos necesitamos a la Telet\u00f3n todos los d\u00edas\u2026 Por eso, gracias Mario y larga vida a la Telet\u00f3n\u201d.<\/p>\n\n\n\n<p><strong>El \u00e9xito de Luis Miranda, el eclipse del profesor Jos\u00e9 Maza y la cumbia de trasnoche<\/strong><\/p>\n\n\n\n<p>Un \u00e9xito rotundo fue la presentaci\u00f3n humor\u00edstica de Luis Miranda. El ex participante de&nbsp;<em>Got Talent Chile<\/em>, que tiene par\u00e1lisis cerebral, cautiv\u00f3 con su presentaci\u00f3n en la Telet\u00f3n, siendo ovacionado por el p\u00fablico y las redes sociales gracias a su humor negro.<\/p>\n\n\n\n<p>Antes de su exitosa actuaci\u00f3n, el humorista cont\u00f3 parte de su historia de vida. Lucho, como es conocido, lleg\u00f3 a los tres a\u00f1os a Telet\u00f3n, comenzando as\u00ed su rehabilitaci\u00f3n. En la instancia cont\u00f3 que tuvo una infancia dif\u00edcil, que le cost\u00f3 mucho aceptar su discapacidad, pero que gracias al humor pudo llegar a conectarse con \u00e9l y la gente.<\/p>\n\n\n\n<p>LUIS MIRANDA:<\/p>\n\n\n\n<iframe loading=\"lazy\" width=\"560\" height=\"315\" src=\"https:\/\/www.youtube.com\/embed\/ujFD0zENSj0\" title=\"YouTube video player\" frameborder=\"0\" allow=\"accelerometer; autoplay; clipboard-write; encrypted-media; gyroscope; picture-in-picture\" allowfullscreen><\/iframe>\n\n\n\n<p>Cerca de las 4 y media de la madrugada &#8211; y al mismo tiempo de la transmisi\u00f3n de la Telet\u00f3n &#8211; un nuevo eclipse solar pudo ser visto desde la Ant\u00e1rtica.<\/p>\n\n\n\n<p>Para contarnos m\u00e1s sobre este suceso astron\u00f3mico, lleg\u00f3 hasta el escenario el profesor Jos\u00e9 Maza, quien explic\u00f3 los detalles de este inusual evento, que no se repetir\u00e1 en territorio nacional hasta el a\u00f1o 2048. El Premio Nacional de Ciencias, adem\u00e1s, aprovech\u00f3 la oportunidad para realizar un llamado a los espectadores a ser m\u00e1s inclusivos y tratar con respeto a todas las personas.<\/p>\n\n\n\n<p>El trasnoche continu\u00f3 marcado por el humor y la m\u00fasica tropical. Por casi diez minutos, Ivan Arenas, el otrora \u2018Profesor Rossa\u2019, sac\u00f3 carcajadas con una rutina en directo desde su hogar.<\/p>\n\n\n\n<p>IV\u00c1N ARENAS:\u00a0<\/p>\n\n\n\n<iframe loading=\"lazy\" width=\"560\" height=\"315\" src=\"https:\/\/www.youtube.com\/embed\/Rd81J8yCnPM\" title=\"YouTube video player\" frameborder=\"0\" allow=\"accelerometer; autoplay; clipboard-write; encrypted-media; gyroscope; picture-in-picture\" allowfullscreen><\/iframe>\n\n\n\n<p>Cerca de las 5 am Willy Sabor, Oscarito, Claudio Moreno, Kurt Carrera y Gustavo Becerra, conocido por todos como \u201cel guat\u00f3n de la fruta\u201d, hicieron re\u00edr con ganas al p\u00fablico a\u00fan presente con un hilarante sketch inspirado en \u201cStar Wars\u201d.&nbsp;&nbsp;&nbsp;<\/p>\n\n\n\n<p>Luego fue el turno de la Sonora Cuarentena y Garras de Amor prendieron a todo el teatro con su incombustible bater\u00eda de \u00e9xitos en la voz de Diego Rodr\u00edguez, miembro fundador de los autores de \u201cB\u00e1ilalo\u201d, y que en 2005 sufri\u00f3 un grave accidente automovil\u00edstico que lo dej\u00f3 en silla de ruedas.<\/p>\n\n\n\n<p>\u201cVen\u00ed Raquel, ven\u00ed con mascarilla\u201d, fue una de las grandes adaptaciones tropicales que son\u00f3 en el escenario, para luego dar paso al cantante Jordan. El autor de himnos como \u201cY qu\u00e9 pas\u00f3\u201d, hizo bailar a todo el Teatro Telet\u00f3n que hasta improvis\u00f3 un \u201ctrencito\u201d cuando ya eran cerca de las 7 am.<\/p>\n\n\n\n<p>Otro momento inolvidable del trasnoche fue el que reuni\u00f3 a Lucho Jara, Pastelito Jr y H\u00e9ctor \u2018Kanela\u2019 Mu\u00f1oz, vocalista de Noche de Brujas. Haciendo uso de sus privilegiados registros vocales interpretaron una versi\u00f3n libre para \u201cHasta que te conoc\u00ed\u201d de Juan Gabriel. La improvisaci\u00f3n sac\u00f3 aplausos cerrados de los presentes que todav\u00eda segu\u00edan con \u00e1nimo pese al largo show de trasnoche.&nbsp;&nbsp;<\/p>\n\n\n\n<p>El bloque AM finaliz\u00f3 con una gran&nbsp;<em>Desayunat\u00f3n<\/em>&nbsp;en la Casa de La Cultura de San Bernardo, que cont\u00f3 con la participaci\u00f3n de Mario Kreutzberger.<\/p>\n\n\n\n<p>La Telet\u00f3n de abril de 2020 recaud\u00f3 $34.703.593.204, meta que se espera alcanzar con esta campa\u00f1a que ha destacado el trabajo que Telet\u00f3n realiza en sus institutos \u201ctodos los d\u00edas\u201d. Hasta las 5:40 AM el c\u00f3mputo era de\u00a0$5.573.271.229, que corresponde al 16,06% de la meta final.<\/p>\n\n\n\n<figure class=\"wp-block-image size-full\"><img loading=\"lazy\" decoding=\"async\" width=\"799\" height=\"533\" src=\"https:\/\/temucotelevision.cl\/web\/wp-content\/uploads\/2021\/12\/Teleton2.jpg\" alt=\"\" class=\"wp-image-27892\" srcset=\"https:\/\/temucotelevision.cl\/web\/wp-content\/uploads\/2021\/12\/Teleton2.jpg 799w, https:\/\/temucotelevision.cl\/web\/wp-content\/uploads\/2021\/12\/Teleton2-768x512.jpg 768w\" sizes=\"auto, (max-width: 799px) 100vw, 799px\" \/><\/figure>\n\n\n\n<figure class=\"wp-block-image size-full\"><img loading=\"lazy\" decoding=\"async\" width=\"799\" height=\"533\" src=\"https:\/\/temucotelevision.cl\/web\/wp-content\/uploads\/2021\/12\/Teleton3-1.jpg\" alt=\"\" class=\"wp-image-27893\" srcset=\"https:\/\/temucotelevision.cl\/web\/wp-content\/uploads\/2021\/12\/Teleton3-1.jpg 799w, https:\/\/temucotelevision.cl\/web\/wp-content\/uploads\/2021\/12\/Teleton3-1-768x512.jpg 768w\" sizes=\"auto, (max-width: 799px) 100vw, 799px\" \/><\/figure>\n\n\n\n<figure class=\"wp-block-image size-full\"><img loading=\"lazy\" decoding=\"async\" width=\"799\" height=\"533\" src=\"https:\/\/temucotelevision.cl\/web\/wp-content\/uploads\/2021\/12\/Teleton4.jpg\" alt=\"\" class=\"wp-image-27894\" srcset=\"https:\/\/temucotelevision.cl\/web\/wp-content\/uploads\/2021\/12\/Teleton4.jpg 799w, https:\/\/temucotelevision.cl\/web\/wp-content\/uploads\/2021\/12\/Teleton4-768x512.jpg 768w\" sizes=\"auto, (max-width: 799px) 100vw, 799px\" \/><\/figure>\n","protected":false},"excerpt":{"rendered":"<div class=\"pvc_clear\"><\/div>\n<p id=\"pvc_stats_27890\" class=\"pvc_stats total_only  \" data-element-id=\"27890\" style=\"\"><i class=\"pvc-stats-icon large\" aria-hidden=\"true\"><svg aria-hidden=\"true\" focusable=\"false\" data-prefix=\"far\" data-icon=\"chart-bar\" role=\"img\" xmlns=\"http:\/\/www.w3.org\/2000\/svg\" viewBox=\"0 0 512 512\" class=\"svg-inline--fa fa-chart-bar fa-w-16 fa-2x\"><path fill=\"currentColor\" d=\"M396.8 352h22.4c6.4 0 12.8-6.4 12.8-12.8V108.8c0-6.4-6.4-12.8-12.8-12.8h-22.4c-6.4 0-12.8 6.4-12.8 12.8v230.4c0 6.4 6.4 12.8 12.8 12.8zm-192 0h22.4c6.4 0 12.8-6.4 12.8-12.8V140.8c0-6.4-6.4-12.8-12.8-12.8h-22.4c-6.4 0-12.8 6.4-12.8 12.8v198.4c0 6.4 6.4 12.8 12.8 12.8zm96 0h22.4c6.4 0 12.8-6.4 12.8-12.8V204.8c0-6.4-6.4-12.8-12.8-12.8h-22.4c-6.4 0-12.8 6.4-12.8 12.8v134.4c0 6.4 6.4 12.8 12.8 12.8zM496 400H48V80c0-8.84-7.16-16-16-16H16C7.16 64 0 71.16 0 80v336c0 17.67 14.33 32 32 32h464c8.84 0 16-7.16 16-16v-16c0-8.84-7.16-16-16-16zm-387.2-48h22.4c6.4 0 12.8-6.4 12.8-12.8v-70.4c0-6.4-6.4-12.8-12.8-12.8h-22.4c-6.4 0-12.8 6.4-12.8 12.8v70.4c0 6.4 6.4 12.8 12.8 12.8z\" class=\"\"><\/path><\/svg><\/i> <img loading=\"lazy\" decoding=\"async\" width=\"16\" height=\"16\" alt=\"Loading\" src=\"https:\/\/temucotelevision.cl\/web\/wp-content\/plugins\/page-views-count\/ajax-loader-2x.gif\" border=0 \/><\/p>\n<div class=\"pvc_clear\"><\/div>\n<p>\u25cf&nbsp;&nbsp;&nbsp;&nbsp;&nbsp;&nbsp;&nbsp;&nbsp;Tras casi dos a\u00f1os de pandemia, la Telet\u00f3n vuelve a realizarse en el teatro. La obertura estuvo marcada por emocionantes<\/p>\n","protected":false},"author":1,"featured_media":27891,"comment_status":"open","ping_status":"open","sticky":false,"template":"","format":"standard","meta":{"colormag_page_container_layout":"default_layout","colormag_page_sidebar_layout":"default_layout","footnotes":""},"categories":[14],"tags":[332,1606,1276,1989],"class_list":["post-27890","post","type-post","status-publish","format-standard","has-post-thumbnail","hentry","category-temuco","tag-artistas","tag-historias","tag-horas","tag-teleton"],"a3_pvc":{"activated":true,"total_views":55,"today_views":0},"_links":{"self":[{"href":"https:\/\/temucotelevision.cl\/web\/wp-json\/wp\/v2\/posts\/27890","targetHints":{"allow":["GET"]}}],"collection":[{"href":"https:\/\/temucotelevision.cl\/web\/wp-json\/wp\/v2\/posts"}],"about":[{"href":"https:\/\/temucotelevision.cl\/web\/wp-json\/wp\/v2\/types\/post"}],"author":[{"embeddable":true,"href":"https:\/\/temucotelevision.cl\/web\/wp-json\/wp\/v2\/users\/1"}],"replies":[{"embeddable":true,"href":"https:\/\/temucotelevision.cl\/web\/wp-json\/wp\/v2\/comments?post=27890"}],"version-history":[{"count":1,"href":"https:\/\/temucotelevision.cl\/web\/wp-json\/wp\/v2\/posts\/27890\/revisions"}],"predecessor-version":[{"id":27895,"href":"https:\/\/temucotelevision.cl\/web\/wp-json\/wp\/v2\/posts\/27890\/revisions\/27895"}],"wp:featuredmedia":[{"embeddable":true,"href":"https:\/\/temucotelevision.cl\/web\/wp-json\/wp\/v2\/media\/27891"}],"wp:attachment":[{"href":"https:\/\/temucotelevision.cl\/web\/wp-json\/wp\/v2\/media?parent=27890"}],"wp:term":[{"taxonomy":"category","embeddable":true,"href":"https:\/\/temucotelevision.cl\/web\/wp-json\/wp\/v2\/categories?post=27890"},{"taxonomy":"post_tag","embeddable":true,"href":"https:\/\/temucotelevision.cl\/web\/wp-json\/wp\/v2\/tags?post=27890"}],"curies":[{"name":"wp","href":"https:\/\/api.w.org\/{rel}","templated":true}]}}