{"id":27879,"date":"2021-12-04T09:26:00","date_gmt":"2021-12-04T12:26:00","guid":{"rendered":"https:\/\/temucotelevision.cl\/web\/?p=27879"},"modified":"2021-12-03T23:33:41","modified_gmt":"2021-12-04T02:33:41","slug":"collipulli-juzgado-deja-con-arresto-domiciliario-y-firma-semanal-a-imputada-por-porte-ilegal-de-municiones","status":"publish","type":"post","link":"https:\/\/temucotelevision.cl\/web\/2021\/12\/04\/collipulli-juzgado-deja-con-arresto-domiciliario-y-firma-semanal-a-imputada-por-porte-ilegal-de-municiones\/","title":{"rendered":"Collipulli: Juzgado deja con arresto domiciliario y firma semanal a imputada por porte ilegal de municiones"},"content":{"rendered":"<div class=\"pvc_clear\"><\/div><p id=\"pvc_stats_27879\" class=\"pvc_stats total_only  \" data-element-id=\"27879\" style=\"\"><i class=\"pvc-stats-icon large\" aria-hidden=\"true\"><svg aria-hidden=\"true\" focusable=\"false\" data-prefix=\"far\" data-icon=\"chart-bar\" role=\"img\" xmlns=\"http:\/\/www.w3.org\/2000\/svg\" viewBox=\"0 0 512 512\" class=\"svg-inline--fa fa-chart-bar fa-w-16 fa-2x\"><path fill=\"currentColor\" d=\"M396.8 352h22.4c6.4 0 12.8-6.4 12.8-12.8V108.8c0-6.4-6.4-12.8-12.8-12.8h-22.4c-6.4 0-12.8 6.4-12.8 12.8v230.4c0 6.4 6.4 12.8 12.8 12.8zm-192 0h22.4c6.4 0 12.8-6.4 12.8-12.8V140.8c0-6.4-6.4-12.8-12.8-12.8h-22.4c-6.4 0-12.8 6.4-12.8 12.8v198.4c0 6.4 6.4 12.8 12.8 12.8zm96 0h22.4c6.4 0 12.8-6.4 12.8-12.8V204.8c0-6.4-6.4-12.8-12.8-12.8h-22.4c-6.4 0-12.8 6.4-12.8 12.8v134.4c0 6.4 6.4 12.8 12.8 12.8zM496 400H48V80c0-8.84-7.16-16-16-16H16C7.16 64 0 71.16 0 80v336c0 17.67 14.33 32 32 32h464c8.84 0 16-7.16 16-16v-16c0-8.84-7.16-16-16-16zm-387.2-48h22.4c6.4 0 12.8-6.4 12.8-12.8v-70.4c0-6.4-6.4-12.8-12.8-12.8h-22.4c-6.4 0-12.8 6.4-12.8 12.8v70.4c0 6.4 6.4 12.8 12.8 12.8z\" class=\"\"><\/path><\/svg><\/i> <img loading=\"lazy\" decoding=\"async\" width=\"16\" height=\"16\" alt=\"Loading\" src=\"https:\/\/temucotelevision.cl\/web\/wp-content\/plugins\/page-views-count\/ajax-loader-2x.gif\" border=0 \/><\/p><div class=\"pvc_clear\"><\/div>\n<p>El Juzgado de Garant\u00eda de Collipulli dej\u00f3 hoy \u2013viernes 3 de diciembre\u2013 sujeta a las medidas cautelares de arresto domiciliario parcial nocturno y firma semanal a&nbsp;<strong><em>P.G.H.Q.<\/em><\/strong>, imputada por el Ministerio P\u00fablico como autora del delito consumado de porte ilegal de municiones. Il\u00edcito perpetrado ayer, en la comuna de Ercilla.<\/p>\n\n\n\n<p>En la audiencia de formalizaci\u00f3n, la magistrada Mar\u00eda Fernanda Lagos Lepe consider\u00f3 proporcionales y adecuadas a los fines del procedimiento las medidas cautelares requeridas por la fiscal\u00eda y desestim\u00f3 la prisi\u00f3n preventiva solicitada por el querellante delegado presidencial de la Regi\u00f3n de La Araucan\u00eda, quien apel\u00f3 verbalmente, por lo que el tribunal dispuso el ingreso en tr\u00e1nsito de P.G.H.Q. al Centro de Cumplimiento Penitenciario de Angol y orden\u00f3 elevar los antecedentes ante la Corte de Apelaciones de Temuco. Adem\u00e1s, estableci\u00f3 un plazo de investigaci\u00f3n de dos meses.<\/p>\n\n\n\n<p>Seg\u00fan el ente persecutor, alrededor de las 14:30 horas de ayer, jueves 2 de diciembre de 2021, en la calle Licant\u00e9n esquina Comercio de la comuna de Ercilla, un grupo de sujetos sustrajo mediante intimidaci\u00f3n con arma de fuego una camioneta marca Nissan, modelo Navara, a\u00f1o 2021, patente PZCR44, de la empresa Aguas Araucan\u00eda. Veh\u00edculo que contaba con dispositivo GPS, el cual permiti\u00f3 ubicarla a 200 metros al norte del kil\u00f3metro 3 de la Ruta R-560, en un sector cercano a la comunidad Chacaico de Ercilla. Con dichos antecedentes, se dispuso la b\u00fasqueda del veh\u00edculo; concurriendo personal de Carabineros al lugar apoyado por un dron. Dispositivo&nbsp; que permiti\u00f3 observar la camioneta sustra\u00edda y advertir que en uno camino interior, se encontraba un veh\u00edculo marca Hyundai, modelo Tucson y, a unos 15 metros, un grupo de sujetos que portaban armas largas, quienes se internaban en una zona boscosa aleda\u00f1a y, al advertir la presencia de la polic\u00eda,&nbsp; abrieron fuego en contra de los uniformados. &nbsp;<\/p>\n\n\n\n<p>Posteriormente, a las 16:20 horas, personal policial, con la informaci\u00f3n recopilada procedi\u00f3 en las inmediaciones del sector, a fiscalizar el veh\u00edculo Hyundai, el cual era conducido por la imputada P.G.H.Q., logrando advertir un funcionario policial que en los asientos traseros transportaba un cartucho de escopeta, por lo que se procedi\u00f3 a su detenci\u00f3n.\u00a0 A la revisi\u00f3n posterior del m\u00f3vil se encontr\u00f3 dos cajas de municiones, que conten\u00edan 100 cartuchos de 9 mil\u00edmetros de diversas marcas.<\/p>\n","protected":false},"excerpt":{"rendered":"<div class=\"pvc_clear\"><\/div>\n<p id=\"pvc_stats_27879\" class=\"pvc_stats total_only  \" data-element-id=\"27879\" style=\"\"><i class=\"pvc-stats-icon large\" aria-hidden=\"true\"><svg aria-hidden=\"true\" focusable=\"false\" data-prefix=\"far\" data-icon=\"chart-bar\" role=\"img\" xmlns=\"http:\/\/www.w3.org\/2000\/svg\" viewBox=\"0 0 512 512\" class=\"svg-inline--fa fa-chart-bar fa-w-16 fa-2x\"><path fill=\"currentColor\" d=\"M396.8 352h22.4c6.4 0 12.8-6.4 12.8-12.8V108.8c0-6.4-6.4-12.8-12.8-12.8h-22.4c-6.4 0-12.8 6.4-12.8 12.8v230.4c0 6.4 6.4 12.8 12.8 12.8zm-192 0h22.4c6.4 0 12.8-6.4 12.8-12.8V140.8c0-6.4-6.4-12.8-12.8-12.8h-22.4c-6.4 0-12.8 6.4-12.8 12.8v198.4c0 6.4 6.4 12.8 12.8 12.8zm96 0h22.4c6.4 0 12.8-6.4 12.8-12.8V204.8c0-6.4-6.4-12.8-12.8-12.8h-22.4c-6.4 0-12.8 6.4-12.8 12.8v134.4c0 6.4 6.4 12.8 12.8 12.8zM496 400H48V80c0-8.84-7.16-16-16-16H16C7.16 64 0 71.16 0 80v336c0 17.67 14.33 32 32 32h464c8.84 0 16-7.16 16-16v-16c0-8.84-7.16-16-16-16zm-387.2-48h22.4c6.4 0 12.8-6.4 12.8-12.8v-70.4c0-6.4-6.4-12.8-12.8-12.8h-22.4c-6.4 0-12.8 6.4-12.8 12.8v70.4c0 6.4 6.4 12.8 12.8 12.8z\" class=\"\"><\/path><\/svg><\/i> <img loading=\"lazy\" decoding=\"async\" width=\"16\" height=\"16\" alt=\"Loading\" src=\"https:\/\/temucotelevision.cl\/web\/wp-content\/plugins\/page-views-count\/ajax-loader-2x.gif\" border=0 \/><\/p>\n<div class=\"pvc_clear\"><\/div>\n<p>El Juzgado de Garant\u00eda de Collipulli dej\u00f3 hoy \u2013viernes 3 de diciembre\u2013 sujeta a las medidas cautelares de arresto domiciliario<\/p>\n","protected":false},"author":1,"featured_media":27881,"comment_status":"open","ping_status":"open","sticky":false,"template":"","format":"standard","meta":{"colormag_page_container_layout":"default_layout","colormag_page_sidebar_layout":"default_layout","footnotes":""},"categories":[15],"tags":[791,806,3138,979,1498],"class_list":["post-27879","post","type-post","status-publish","format-standard","has-post-thumbnail","hentry","category-la-araucania","tag-arma","tag-firma","tag-imputada","tag-juzgado","tag-municiones"],"a3_pvc":{"activated":true,"total_views":43,"today_views":0},"_links":{"self":[{"href":"https:\/\/temucotelevision.cl\/web\/wp-json\/wp\/v2\/posts\/27879","targetHints":{"allow":["GET"]}}],"collection":[{"href":"https:\/\/temucotelevision.cl\/web\/wp-json\/wp\/v2\/posts"}],"about":[{"href":"https:\/\/temucotelevision.cl\/web\/wp-json\/wp\/v2\/types\/post"}],"author":[{"embeddable":true,"href":"https:\/\/temucotelevision.cl\/web\/wp-json\/wp\/v2\/users\/1"}],"replies":[{"embeddable":true,"href":"https:\/\/temucotelevision.cl\/web\/wp-json\/wp\/v2\/comments?post=27879"}],"version-history":[{"count":1,"href":"https:\/\/temucotelevision.cl\/web\/wp-json\/wp\/v2\/posts\/27879\/revisions"}],"predecessor-version":[{"id":27882,"href":"https:\/\/temucotelevision.cl\/web\/wp-json\/wp\/v2\/posts\/27879\/revisions\/27882"}],"wp:featuredmedia":[{"embeddable":true,"href":"https:\/\/temucotelevision.cl\/web\/wp-json\/wp\/v2\/media\/27881"}],"wp:attachment":[{"href":"https:\/\/temucotelevision.cl\/web\/wp-json\/wp\/v2\/media?parent=27879"}],"wp:term":[{"taxonomy":"category","embeddable":true,"href":"https:\/\/temucotelevision.cl\/web\/wp-json\/wp\/v2\/categories?post=27879"},{"taxonomy":"post_tag","embeddable":true,"href":"https:\/\/temucotelevision.cl\/web\/wp-json\/wp\/v2\/tags?post=27879"}],"curies":[{"name":"wp","href":"https:\/\/api.w.org\/{rel}","templated":true}]}}