{"id":27873,"date":"2021-12-03T23:37:27","date_gmt":"2021-12-04T02:37:27","guid":{"rendered":"https:\/\/temucotelevision.cl\/web\/?p=27873"},"modified":"2021-12-03T23:39:52","modified_gmt":"2021-12-04T02:39:52","slug":"karla-grunewaldt-la-nueva-cantautora-del-pop-chileno-emociono-con-su-bello-canto-en-la-obertura-de-teleton-2021","status":"publish","type":"post","link":"https:\/\/temucotelevision.cl\/web\/2021\/12\/03\/karla-grunewaldt-la-nueva-cantautora-del-pop-chileno-emociono-con-su-bello-canto-en-la-obertura-de-teleton-2021\/","title":{"rendered":"Karla Grunewaldt la nueva cantautora del pop chileno, emocion\u00f3 con su bello canto en la obertura de Telet\u00f3n 2021"},"content":{"rendered":"<div class=\"pvc_clear\"><\/div><p id=\"pvc_stats_27873\" class=\"pvc_stats total_only  \" data-element-id=\"27873\" style=\"\"><i class=\"pvc-stats-icon large\" aria-hidden=\"true\"><svg aria-hidden=\"true\" focusable=\"false\" data-prefix=\"far\" data-icon=\"chart-bar\" role=\"img\" xmlns=\"http:\/\/www.w3.org\/2000\/svg\" viewBox=\"0 0 512 512\" class=\"svg-inline--fa fa-chart-bar fa-w-16 fa-2x\"><path fill=\"currentColor\" d=\"M396.8 352h22.4c6.4 0 12.8-6.4 12.8-12.8V108.8c0-6.4-6.4-12.8-12.8-12.8h-22.4c-6.4 0-12.8 6.4-12.8 12.8v230.4c0 6.4 6.4 12.8 12.8 12.8zm-192 0h22.4c6.4 0 12.8-6.4 12.8-12.8V140.8c0-6.4-6.4-12.8-12.8-12.8h-22.4c-6.4 0-12.8 6.4-12.8 12.8v198.4c0 6.4 6.4 12.8 12.8 12.8zm96 0h22.4c6.4 0 12.8-6.4 12.8-12.8V204.8c0-6.4-6.4-12.8-12.8-12.8h-22.4c-6.4 0-12.8 6.4-12.8 12.8v134.4c0 6.4 6.4 12.8 12.8 12.8zM496 400H48V80c0-8.84-7.16-16-16-16H16C7.16 64 0 71.16 0 80v336c0 17.67 14.33 32 32 32h464c8.84 0 16-7.16 16-16v-16c0-8.84-7.16-16-16-16zm-387.2-48h22.4c6.4 0 12.8-6.4 12.8-12.8v-70.4c0-6.4-6.4-12.8-12.8-12.8h-22.4c-6.4 0-12.8 6.4-12.8 12.8v70.4c0 6.4 6.4 12.8 12.8 12.8z\" class=\"\"><\/path><\/svg><\/i> <img loading=\"lazy\" decoding=\"async\" width=\"16\" height=\"16\" alt=\"Loading\" src=\"https:\/\/temucotelevision.cl\/web\/wp-content\/plugins\/page-views-count\/ajax-loader-2x.gif\" border=0 \/><\/p><div class=\"pvc_clear\"><\/div>\n<p><\/p>\n\n\n\n<h2 class=\"wp-block-heading\">La denominada \u201chada del pop\u201d, deslumbr\u00f3 con su belleza e interpretaci\u00f3n al piano de la canci\u00f3n \u201cCuando nadie me ve\u201d de Alejandro Sanz, que gener\u00f3 una escena como extra\u00edda de un cuento y sac\u00f3 aplausos entre los asistentes y el p\u00fablico de las redes sociales.<\/h2>\n\n\n\n<p><br>Las cuidadas medidas sanitarias no impidieron que la magia del hada del pop nacional se mezclara con la belleza del ballet de Rodrigo D\u00edaz para dar inicio a la Telet\u00f3n 2021 que este a\u00f1o espera cumplir la meta de 34 mil millones de pesos, los que se requieren para ir en ayuda de las personas en situaci\u00f3n de discapacidad.<\/p>\n\n\n\n<p>Karla Grunewaldt fue una de las encargadas de abrir la tradicional campa\u00f1a y su voz cautiv\u00f3 a los asistentes y miles de televidentes que por primera vez conocieron la energ\u00eda de esta cantautora nacional que inici\u00f3 su carrera en el 2019 con su primer sencillo \u201cDesatar\u201d y que a fines del mes de noviembre de este a\u00f1o, lanz\u00f3 su disco debut \u201cPara existir\u201d, que ya suma m\u00e1s de 500.000 reproducciones en Spotify. En esta oportunidad interpret\u00f3 al piano &#8220;Cuando nadie me me&#8221; de Alejandro Sanz.<\/p>\n\n\n\n<p>La cantautora que adem\u00e1s es fonoaudi\u00f3loga, se logr\u00f3 compenetrar al ciento por ciento con la emocionante puesta en escena de esta obertura creada por Carlos Figueroa. \u201cLa fonoaudiolog\u00eda me ha permitido conocer en qu\u00e9 se encuentra la salud de las personas en situaci\u00f3n de discapacidad. Tanto la fonoaudiolog\u00eda como la m\u00fasica deber\u00edan ser una herramienta para promover la dignidad, la inclusi\u00f3n y los derechos de las personas que viven esta realidad, no s\u00f3lo en este momento del a\u00f1o, sino que todos los d\u00edas\u201d, se\u00f1al\u00f3 Karla luego de su presentaci\u00f3n en la Telet\u00f3n 2021.<\/p>\n\n\n\n<figure class=\"wp-block-image\"><img decoding=\"async\" src=\"https:\/\/mail.google.com\/mail\/u\/0?ui=2&amp;ik=e1244fbbd2&amp;attid=0.1&amp;permmsgid=msg-f:1718179015162397339&amp;th=17d832b60349029b&amp;view=fimg&amp;fur=ip&amp;sz=s0-l75-ft&amp;attbid=ANGjdJ_o6XYs4n6Dhp-4qRLRUQHISQ_b_bjLb9BmctXguUYEhh7QtTfmbYCNT6vStZGxXZqdH3ymSZvglo146m-5mPhl2FM-bZn_ZQAfaYDat7q4g4z2IOoQ_5tH80M&amp;disp=emb&amp;realattid=ii_kwr5tbb90\" alt=\"teleton 1.JPG\"\/><\/figure>\n\n\n\n<p><strong>El hada del pop<\/strong><\/p>\n\n\n\n<p>Karla Grunewaldt, la<strong> revelaci\u00f3n del Indie pop nacional<\/strong> estren\u00f3 su primer \u00e1lbum \u201cPara existir\u201d, una<strong> propuesta audiovisual refrescante y con standart internacional<\/strong>, con melod\u00edas y letras potentes que prometen estremecer a sus oyentes, y que incursionan en un <strong>estilo distinto a los habituales en Latinoam\u00e9rica<\/strong>.<\/p>\n\n\n\n<p>El disco lo componen <strong>15 canciones<\/strong> cuidadosamente ordenadas que narran un v<strong>iaje hacia el amor propio<\/strong>, donde la artista exterioriza problemas a los que las personas nos enfrentamos, independiente de la edad, gustos y creencias. La necesidad de escapar, de ser aut\u00e9ntico, de luchar, de amar y ser amado, entre otras sensaciones puramente humanas. El punto en com\u00fan entre las canciones, es que todas son un himno de empoderamiento, que invita a <strong>transformar el desamor y las experiencias oscuras de la vida, en luz.&nbsp;<\/strong><\/p>\n\n\n\n<p>&#8220;Se llama \u201cPara existir\u201d porque la m\u00fasica es lo que me hace sentir viva. A los 15 a\u00f1os, escribiendo estas canciones, descubr\u00ed que mi prop\u00f3sito era crear m\u00fasica y conectarme con otros a trav\u00e9s de ella\u201d se\u00f1ala.<\/p>\n\n\n\n<p><\/p>\n\n\n\n<figure class=\"wp-block-image\"><img decoding=\"async\" src=\"https:\/\/lh3.googleusercontent.com\/nsi9Piwq1KmTL4jGAyGI6yYPcxq8_X5fTPc2WeL_wSACpEGeiRf5DlRHbY6ZlnOmzONBFMxUh0c_6s23SIhlwA6Tz10l1BgElh0gH868a-H0MObLGOjI7o0w_qNqR-pFWWmQkdjT\" alt=\"\"\/><\/figure>\n","protected":false},"excerpt":{"rendered":"<div class=\"pvc_clear\"><\/div>\n<p id=\"pvc_stats_27873\" class=\"pvc_stats total_only  \" data-element-id=\"27873\" style=\"\"><i class=\"pvc-stats-icon large\" aria-hidden=\"true\"><svg aria-hidden=\"true\" focusable=\"false\" data-prefix=\"far\" data-icon=\"chart-bar\" role=\"img\" xmlns=\"http:\/\/www.w3.org\/2000\/svg\" viewBox=\"0 0 512 512\" class=\"svg-inline--fa fa-chart-bar fa-w-16 fa-2x\"><path fill=\"currentColor\" d=\"M396.8 352h22.4c6.4 0 12.8-6.4 12.8-12.8V108.8c0-6.4-6.4-12.8-12.8-12.8h-22.4c-6.4 0-12.8 6.4-12.8 12.8v230.4c0 6.4 6.4 12.8 12.8 12.8zm-192 0h22.4c6.4 0 12.8-6.4 12.8-12.8V140.8c0-6.4-6.4-12.8-12.8-12.8h-22.4c-6.4 0-12.8 6.4-12.8 12.8v198.4c0 6.4 6.4 12.8 12.8 12.8zm96 0h22.4c6.4 0 12.8-6.4 12.8-12.8V204.8c0-6.4-6.4-12.8-12.8-12.8h-22.4c-6.4 0-12.8 6.4-12.8 12.8v134.4c0 6.4 6.4 12.8 12.8 12.8zM496 400H48V80c0-8.84-7.16-16-16-16H16C7.16 64 0 71.16 0 80v336c0 17.67 14.33 32 32 32h464c8.84 0 16-7.16 16-16v-16c0-8.84-7.16-16-16-16zm-387.2-48h22.4c6.4 0 12.8-6.4 12.8-12.8v-70.4c0-6.4-6.4-12.8-12.8-12.8h-22.4c-6.4 0-12.8 6.4-12.8 12.8v70.4c0 6.4 6.4 12.8 12.8 12.8z\" class=\"\"><\/path><\/svg><\/i> <img loading=\"lazy\" decoding=\"async\" width=\"16\" height=\"16\" alt=\"Loading\" src=\"https:\/\/temucotelevision.cl\/web\/wp-content\/plugins\/page-views-count\/ajax-loader-2x.gif\" border=0 \/><\/p>\n<div class=\"pvc_clear\"><\/div>\n<p>La denominada \u201chada del pop\u201d, deslumbr\u00f3 con su belleza e interpretaci\u00f3n al piano de la canci\u00f3n \u201cCuando nadie me ve\u201d<\/p>\n","protected":false},"author":1,"featured_media":27887,"comment_status":"open","ping_status":"open","sticky":false,"template":"","format":"standard","meta":{"colormag_page_container_layout":"default_layout","colormag_page_sidebar_layout":"default_layout","footnotes":""},"categories":[369,18,86],"tags":[],"class_list":["post-27873","post","type-post","status-publish","format-standard","has-post-thumbnail","hentry","category-musica","category-nacional","category-panoramas"],"a3_pvc":{"activated":true,"total_views":108,"today_views":0},"_links":{"self":[{"href":"https:\/\/temucotelevision.cl\/web\/wp-json\/wp\/v2\/posts\/27873","targetHints":{"allow":["GET"]}}],"collection":[{"href":"https:\/\/temucotelevision.cl\/web\/wp-json\/wp\/v2\/posts"}],"about":[{"href":"https:\/\/temucotelevision.cl\/web\/wp-json\/wp\/v2\/types\/post"}],"author":[{"embeddable":true,"href":"https:\/\/temucotelevision.cl\/web\/wp-json\/wp\/v2\/users\/1"}],"replies":[{"embeddable":true,"href":"https:\/\/temucotelevision.cl\/web\/wp-json\/wp\/v2\/comments?post=27873"}],"version-history":[{"count":4,"href":"https:\/\/temucotelevision.cl\/web\/wp-json\/wp\/v2\/posts\/27873\/revisions"}],"predecessor-version":[{"id":27889,"href":"https:\/\/temucotelevision.cl\/web\/wp-json\/wp\/v2\/posts\/27873\/revisions\/27889"}],"wp:featuredmedia":[{"embeddable":true,"href":"https:\/\/temucotelevision.cl\/web\/wp-json\/wp\/v2\/media\/27887"}],"wp:attachment":[{"href":"https:\/\/temucotelevision.cl\/web\/wp-json\/wp\/v2\/media?parent=27873"}],"wp:term":[{"taxonomy":"category","embeddable":true,"href":"https:\/\/temucotelevision.cl\/web\/wp-json\/wp\/v2\/categories?post=27873"},{"taxonomy":"post_tag","embeddable":true,"href":"https:\/\/temucotelevision.cl\/web\/wp-json\/wp\/v2\/tags?post=27873"}],"curies":[{"name":"wp","href":"https:\/\/api.w.org\/{rel}","templated":true}]}}