{"id":27871,"date":"2021-12-03T23:23:41","date_gmt":"2021-12-04T02:23:41","guid":{"rendered":"https:\/\/temucotelevision.cl\/web\/?p=27871"},"modified":"2021-12-03T23:24:08","modified_gmt":"2021-12-04T02:24:08","slug":"collipulli-juzgado-decreta-la-prision-preventiva-de-imputados-por-asociacion-ilicita-trafico-y-tenencia-ilegal-de-armas","status":"publish","type":"post","link":"https:\/\/temucotelevision.cl\/web\/2021\/12\/03\/collipulli-juzgado-decreta-la-prision-preventiva-de-imputados-por-asociacion-ilicita-trafico-y-tenencia-ilegal-de-armas\/","title":{"rendered":"Collipulli: Juzgado decreta la prisi\u00f3n preventiva de imputados por asociaci\u00f3n il\u00edcita, tr\u00e1fico y tenencia ilegal de armas"},"content":{"rendered":"<div class=\"pvc_clear\"><\/div><p id=\"pvc_stats_27871\" class=\"pvc_stats total_only  \" data-element-id=\"27871\" style=\"\"><i class=\"pvc-stats-icon large\" aria-hidden=\"true\"><svg aria-hidden=\"true\" focusable=\"false\" data-prefix=\"far\" data-icon=\"chart-bar\" role=\"img\" xmlns=\"http:\/\/www.w3.org\/2000\/svg\" viewBox=\"0 0 512 512\" class=\"svg-inline--fa fa-chart-bar fa-w-16 fa-2x\"><path fill=\"currentColor\" d=\"M396.8 352h22.4c6.4 0 12.8-6.4 12.8-12.8V108.8c0-6.4-6.4-12.8-12.8-12.8h-22.4c-6.4 0-12.8 6.4-12.8 12.8v230.4c0 6.4 6.4 12.8 12.8 12.8zm-192 0h22.4c6.4 0 12.8-6.4 12.8-12.8V140.8c0-6.4-6.4-12.8-12.8-12.8h-22.4c-6.4 0-12.8 6.4-12.8 12.8v198.4c0 6.4 6.4 12.8 12.8 12.8zm96 0h22.4c6.4 0 12.8-6.4 12.8-12.8V204.8c0-6.4-6.4-12.8-12.8-12.8h-22.4c-6.4 0-12.8 6.4-12.8 12.8v134.4c0 6.4 6.4 12.8 12.8 12.8zM496 400H48V80c0-8.84-7.16-16-16-16H16C7.16 64 0 71.16 0 80v336c0 17.67 14.33 32 32 32h464c8.84 0 16-7.16 16-16v-16c0-8.84-7.16-16-16-16zm-387.2-48h22.4c6.4 0 12.8-6.4 12.8-12.8v-70.4c0-6.4-6.4-12.8-12.8-12.8h-22.4c-6.4 0-12.8 6.4-12.8 12.8v70.4c0 6.4 6.4 12.8 12.8 12.8z\" class=\"\"><\/path><\/svg><\/i> <img loading=\"lazy\" decoding=\"async\" width=\"16\" height=\"16\" alt=\"Loading\" src=\"https:\/\/temucotelevision.cl\/web\/wp-content\/plugins\/page-views-count\/ajax-loader-2x.gif\" border=0 \/><\/p><div class=\"pvc_clear\"><\/div>\n<p>El Juzgado de Garant\u00eda de Collipulli dej\u00f3 hoy \u2013viernes 3 de diciembre\u2013 sujetos a la medida cautelar de prisi\u00f3n preventiva a&nbsp;<strong><em>G.N.L.J., S.I.V.S., A.M.C.I., I.L.H.H.&nbsp;<\/em><\/strong>y<strong><em>&nbsp;C.E.F.H.<\/em><\/strong>, imputados por el Ministerio P\u00fablico como autores, en distintos grados de participaci\u00f3n, de los delitos consumados de asociaci\u00f3n il\u00edcita, tr\u00e1fico de armas y municiones, tenencia de armamento de uso b\u00e9lico, tenencia ilegal de armas prohibidas, tenencia ilegal de municiones y microtr\u00e1fico de drogas. Il\u00edcitos perpetrados desde octubre, en el territorio jurisdiccional del tribunal.<\/p>\n\n\n\n<p>En la audiencia de formalizaci\u00f3n, la magistrada Mar\u00eda Fernanda Lagos Lepe orden\u00f3 el ingreso de los imputados a los Centros de Cumplimiento Penitenciario de Angol, Temuco y Mulch\u00e9n, por considerar que su libertad constituye un peligro para la seguridad de la sociedad y para el \u00e9xito de la investigaci\u00f3n. Adem\u00e1s, fij\u00f3 en tres meses el plazo de investigaci\u00f3n.<\/p>\n\n\n\n<p>En la causa, el tribunal decret\u00f3 el arresto domiciliario total, el arraigo nacional y la firma quincenal de&nbsp;<strong><em>J.D.B.L.<\/em><\/strong>&nbsp;imputado como autor de los delitos consumados de &nbsp;tr\u00e1fico de armas y municiones. Medidas cautelares apeladas verbalmente por el Ministerio P\u00fablico y &nbsp;el querellante delegado presidencial de la Regi\u00f3n de La Araucan\u00eda, por lo que el tribunal dispuso el ingreso en tr\u00e1nsito del imputado al CCP de Mulch\u00e9n y orden\u00f3 elevar los antecedentes a la Corte de Apelaciones de Temuco.<\/p>\n\n\n\n<p>Seg\u00fan el ente persecutor, los imputados G.N.L.J. y S.I.V.S. lideraban una agrupaci\u00f3n criminal dedicada activamente al tr\u00e1fico de armas de fuego, municiones y drogas para su posterior distribuci\u00f3n ilegal. Para estos efectos, A.M.C.I., tambi\u00e9n integrante de la agrupaci\u00f3n, a lo menos desde septiembre de 2021, se dedica a contactar y coordinar con personas que mantienen domicilio en el sector rural de la comuna de Ercilla y, v\u00eda telef\u00f3nica y aplicaciones de mensajer\u00eda de texto, ofrec\u00eda las armas y municiones previamente proporcionadas por los l\u00edderes de la agrupaci\u00f3n y, una vez acordada las transacciones, materializaba su entrega, siendo uno de los compradores el grupo familiar liderado por los imputados en prisi\u00f3n preventiva Carolina Marileo Saravia y Juan Toro Manquel.<\/p>\n\n\n\n<p>La agrupaci\u00f3n utilizaba el domicilio del coimputado A.M.C.I., ubicado en la comuna de Mulch\u00e9n, como centro de acopio y almacenamiento de droga y las armas de fuego y municiones destinadas a su comercializaci\u00f3n il\u00edcita. En dicho inmueble, el 30 de octubre pasado, los l\u00edderes de la organizaci\u00f3n y A.M.C.I. le entregaron a J.B.D.L. una pistola 9 mil\u00edmetros, marca Lorcin, modelo L053268; un cargador y siete cartuchos calibre 9 mil\u00edmetros, las que guard\u00f3 entre sus vestimentas, traslad\u00e1ndose los cuatro hasta la comuna de Ercilla, lugar donde se reunieron con los coimputados I.L.H.H. y C.E.F.H., con quienes habr\u00edan convenido la venta del arma de fuego y las municiones y quienes tambi\u00e9n se dedicaban a la comercializaci\u00f3n il\u00edcita de armas y municiones en Ercilla.<\/p>\n\n\n\n<p>Tras practicarse las detenciones de los imputados, dando cumplimiento a una orden judicial de entrada, registro e incautaci\u00f3n, personal policial logrando determinar que A.M.C.I. manten\u00eda en su domicilio: una pistola a fogueo marca Zoraki, modelo 918-TD, calibre 9 mil\u00edmetros, modificada para el disparo; un arma a fogueo marca Ekol, modelo Jackal Dual, calibre 9 mil\u00edmetros; un rev\u00f3lver calibre 38 sin marca ni n\u00famero de serie; 405 cartuchos calibre 38 y 601 cartuchos 9 mil\u00edmetros de diversas marcas; 55 envoltorios contenedores de pasta base de coca\u00edna, con un peso de 11,100 gramos; una planta de marihuana (c<em>annabis sativa<\/em>) de 65 cent\u00edmetros de altura, y dos pesas digitales. En tanto, el imputado S.I.V.S. manten\u00eda en su domicilio, ubicado en Avenida Provincial de la poblaci\u00f3n Patria Joven, tres bolsas contenedoras de un total de 215 pastillas de ketamina; 4 bolsas con un contenido total de 74 gramos de ketamina; una bolsa con 15 gramos de marihuana, tres pesas digitales, 29 municiones calibre 32 S&amp;W; dos cartuchos y tres municiones de distintos calibres y marcas y una granada de mano marca Famae.<\/p>\n\n\n\n<figure class=\"wp-block-image size-large\"><img loading=\"lazy\" decoding=\"async\" width=\"1024\" height=\"768\" src=\"https:\/\/temucotelevision.cl\/web\/wp-content\/uploads\/2021\/12\/Municion3-1024x768.jpg\" alt=\"\" class=\"wp-image-27876\" srcset=\"https:\/\/temucotelevision.cl\/web\/wp-content\/uploads\/2021\/12\/Municion3-1024x768.jpg 1024w, https:\/\/temucotelevision.cl\/web\/wp-content\/uploads\/2021\/12\/Municion3-768x576.jpg 768w, https:\/\/temucotelevision.cl\/web\/wp-content\/uploads\/2021\/12\/Municion3-1536x1152.jpg 1536w, https:\/\/temucotelevision.cl\/web\/wp-content\/uploads\/2021\/12\/Municion3-2048x1536.jpg 2048w\" sizes=\"auto, (max-width: 1024px) 100vw, 1024px\" \/><\/figure>\n\n\n\n<figure class=\"wp-block-image size-large\"><img loading=\"lazy\" decoding=\"async\" width=\"1024\" height=\"768\" src=\"https:\/\/temucotelevision.cl\/web\/wp-content\/uploads\/2021\/12\/Municion5-1024x768.jpg\" alt=\"\" class=\"wp-image-27877\" srcset=\"https:\/\/temucotelevision.cl\/web\/wp-content\/uploads\/2021\/12\/Municion5-1024x768.jpg 1024w, https:\/\/temucotelevision.cl\/web\/wp-content\/uploads\/2021\/12\/Municion5-768x576.jpg 768w, https:\/\/temucotelevision.cl\/web\/wp-content\/uploads\/2021\/12\/Municion5-1536x1152.jpg 1536w, https:\/\/temucotelevision.cl\/web\/wp-content\/uploads\/2021\/12\/Municion5-2048x1536.jpg 2048w\" sizes=\"auto, (max-width: 1024px) 100vw, 1024px\" \/><\/figure>\n","protected":false},"excerpt":{"rendered":"<div class=\"pvc_clear\"><\/div>\n<p id=\"pvc_stats_27871\" class=\"pvc_stats total_only  \" data-element-id=\"27871\" style=\"\"><i class=\"pvc-stats-icon large\" aria-hidden=\"true\"><svg aria-hidden=\"true\" focusable=\"false\" data-prefix=\"far\" data-icon=\"chart-bar\" role=\"img\" xmlns=\"http:\/\/www.w3.org\/2000\/svg\" viewBox=\"0 0 512 512\" class=\"svg-inline--fa fa-chart-bar fa-w-16 fa-2x\"><path fill=\"currentColor\" d=\"M396.8 352h22.4c6.4 0 12.8-6.4 12.8-12.8V108.8c0-6.4-6.4-12.8-12.8-12.8h-22.4c-6.4 0-12.8 6.4-12.8 12.8v230.4c0 6.4 6.4 12.8 12.8 12.8zm-192 0h22.4c6.4 0 12.8-6.4 12.8-12.8V140.8c0-6.4-6.4-12.8-12.8-12.8h-22.4c-6.4 0-12.8 6.4-12.8 12.8v198.4c0 6.4 6.4 12.8 12.8 12.8zm96 0h22.4c6.4 0 12.8-6.4 12.8-12.8V204.8c0-6.4-6.4-12.8-12.8-12.8h-22.4c-6.4 0-12.8 6.4-12.8 12.8v134.4c0 6.4 6.4 12.8 12.8 12.8zM496 400H48V80c0-8.84-7.16-16-16-16H16C7.16 64 0 71.16 0 80v336c0 17.67 14.33 32 32 32h464c8.84 0 16-7.16 16-16v-16c0-8.84-7.16-16-16-16zm-387.2-48h22.4c6.4 0 12.8-6.4 12.8-12.8v-70.4c0-6.4-6.4-12.8-12.8-12.8h-22.4c-6.4 0-12.8 6.4-12.8 12.8v70.4c0 6.4 6.4 12.8 12.8 12.8z\" class=\"\"><\/path><\/svg><\/i> <img loading=\"lazy\" decoding=\"async\" width=\"16\" height=\"16\" alt=\"Loading\" src=\"https:\/\/temucotelevision.cl\/web\/wp-content\/plugins\/page-views-count\/ajax-loader-2x.gif\" border=0 \/><\/p>\n<div class=\"pvc_clear\"><\/div>\n<p>El Juzgado de Garant\u00eda de Collipulli dej\u00f3 hoy \u2013viernes 3 de diciembre\u2013 sujetos a la medida cautelar de prisi\u00f3n preventiva<\/p>\n","protected":false},"author":1,"featured_media":27874,"comment_status":"open","ping_status":"open","sticky":false,"template":"","format":"standard","meta":{"colormag_page_container_layout":"default_layout","colormag_page_sidebar_layout":"default_layout","footnotes":""},"categories":[15,16],"tags":[1332,979,2585,541,1245],"class_list":["post-27871","post","type-post","status-publish","format-standard","has-post-thumbnail","hentry","category-la-araucania","category-policial","tag-armas","tag-juzgado","tag-municion","tag-prision","tag-trafico"],"a3_pvc":{"activated":true,"total_views":40,"today_views":0},"_links":{"self":[{"href":"https:\/\/temucotelevision.cl\/web\/wp-json\/wp\/v2\/posts\/27871","targetHints":{"allow":["GET"]}}],"collection":[{"href":"https:\/\/temucotelevision.cl\/web\/wp-json\/wp\/v2\/posts"}],"about":[{"href":"https:\/\/temucotelevision.cl\/web\/wp-json\/wp\/v2\/types\/post"}],"author":[{"embeddable":true,"href":"https:\/\/temucotelevision.cl\/web\/wp-json\/wp\/v2\/users\/1"}],"replies":[{"embeddable":true,"href":"https:\/\/temucotelevision.cl\/web\/wp-json\/wp\/v2\/comments?post=27871"}],"version-history":[{"count":1,"href":"https:\/\/temucotelevision.cl\/web\/wp-json\/wp\/v2\/posts\/27871\/revisions"}],"predecessor-version":[{"id":27878,"href":"https:\/\/temucotelevision.cl\/web\/wp-json\/wp\/v2\/posts\/27871\/revisions\/27878"}],"wp:featuredmedia":[{"embeddable":true,"href":"https:\/\/temucotelevision.cl\/web\/wp-json\/wp\/v2\/media\/27874"}],"wp:attachment":[{"href":"https:\/\/temucotelevision.cl\/web\/wp-json\/wp\/v2\/media?parent=27871"}],"wp:term":[{"taxonomy":"category","embeddable":true,"href":"https:\/\/temucotelevision.cl\/web\/wp-json\/wp\/v2\/categories?post=27871"},{"taxonomy":"post_tag","embeddable":true,"href":"https:\/\/temucotelevision.cl\/web\/wp-json\/wp\/v2\/tags?post=27871"}],"curies":[{"name":"wp","href":"https:\/\/api.w.org\/{rel}","templated":true}]}}