{"id":27862,"date":"2021-12-03T23:02:44","date_gmt":"2021-12-04T02:02:44","guid":{"rendered":"https:\/\/temucotelevision.cl\/web\/?p=27862"},"modified":"2021-12-03T23:02:46","modified_gmt":"2021-12-04T02:02:46","slug":"voluntarios-de-medicina-veterinaria-uct-organizan-operativo-para-colaborar-con-la-teleton","status":"publish","type":"post","link":"https:\/\/temucotelevision.cl\/web\/2021\/12\/03\/voluntarios-de-medicina-veterinaria-uct-organizan-operativo-para-colaborar-con-la-teleton\/","title":{"rendered":"Voluntarios de Medicina Veterinaria UCT organizan operativo para colaborar con la Telet\u00f3n"},"content":{"rendered":"<div class=\"pvc_clear\"><\/div><p id=\"pvc_stats_27862\" class=\"pvc_stats total_only  \" data-element-id=\"27862\" style=\"\"><i class=\"pvc-stats-icon large\" aria-hidden=\"true\"><svg aria-hidden=\"true\" focusable=\"false\" data-prefix=\"far\" data-icon=\"chart-bar\" role=\"img\" xmlns=\"http:\/\/www.w3.org\/2000\/svg\" viewBox=\"0 0 512 512\" class=\"svg-inline--fa fa-chart-bar fa-w-16 fa-2x\"><path fill=\"currentColor\" d=\"M396.8 352h22.4c6.4 0 12.8-6.4 12.8-12.8V108.8c0-6.4-6.4-12.8-12.8-12.8h-22.4c-6.4 0-12.8 6.4-12.8 12.8v230.4c0 6.4 6.4 12.8 12.8 12.8zm-192 0h22.4c6.4 0 12.8-6.4 12.8-12.8V140.8c0-6.4-6.4-12.8-12.8-12.8h-22.4c-6.4 0-12.8 6.4-12.8 12.8v198.4c0 6.4 6.4 12.8 12.8 12.8zm96 0h22.4c6.4 0 12.8-6.4 12.8-12.8V204.8c0-6.4-6.4-12.8-12.8-12.8h-22.4c-6.4 0-12.8 6.4-12.8 12.8v134.4c0 6.4 6.4 12.8 12.8 12.8zM496 400H48V80c0-8.84-7.16-16-16-16H16C7.16 64 0 71.16 0 80v336c0 17.67 14.33 32 32 32h464c8.84 0 16-7.16 16-16v-16c0-8.84-7.16-16-16-16zm-387.2-48h22.4c6.4 0 12.8-6.4 12.8-12.8v-70.4c0-6.4-6.4-12.8-12.8-12.8h-22.4c-6.4 0-12.8 6.4-12.8 12.8v70.4c0 6.4 6.4 12.8 12.8 12.8z\" class=\"\"><\/path><\/svg><\/i> <img loading=\"lazy\" decoding=\"async\" width=\"16\" height=\"16\" alt=\"Loading\" src=\"https:\/\/temucotelevision.cl\/web\/wp-content\/plugins\/page-views-count\/ajax-loader-2x.gif\" border=0 \/><\/p><div class=\"pvc_clear\"><\/div>\n<ul class=\"wp-block-list\"><li><em>Se trata de vacunaci\u00f3n antirr\u00e1bica de perros y gatos.<\/em><\/li><li><em>La actividad comenz\u00f3 el viernes 3 de diciembre y se repetir\u00e1 este s\u00e1bado a partir de las 12:00, en la Plaza de Acceso al campus San Francisco.<\/em><\/li><\/ul>\n\n\n\n<p>Como parte de las acciones de Vinculaci\u00f3n con el Medio, la carrera de Medicina Veterinaria de la UCT fue invitada a participar de la Campa\u00f1a a la Fundaci\u00f3n Telet\u00f3n llevar\u00e1 a cabo este fin de semana para recolectar fondos que van en ayuda de ni\u00f1os, j\u00f3venes y adultos que reciben atenci\u00f3n en los centros Telet\u00f3n del pa\u00eds y en especial el Centro de Rehabilitaci\u00f3n de Temuco.<\/p>\n\n\n\n<p>En este marco, se han organizado diversas actividades que iniciaron este viernes 3 de diciembre con la presencia por parte de estudiantes y acad\u00e9micos de la carrera de Medicina Veterinaria en los diferentes Campus Universitarios donde estar\u00e1n recibiendo los aportes voluntarios de la Comunidad UCT, portando las alcanc\u00edas oficiales del Banco de Chile \u2013 Telet\u00f3n 2021.<\/p>\n\n\n\n<p>As\u00ed mismo, el d\u00eda viernes 3 de diciembre se realiz\u00f3 una \u201cvacunat\u00f3n\u201d antirr\u00e1bica en el Hospital de Animales Peque\u00f1os del Campus Luis Rivas del Canto dirigida a las mascotas regalonas del hogar, perros y gatos, acto que se repetir\u00e1 el d\u00eda s\u00e1bado 4 a partir de las 12 hrs., en la Plaza de Acceso al Campus San Francisco y que estar\u00e1 abierta a toda la comunidad de nuestra ciudad.<\/p>\n\n\n\n<p>\u201cEstas actividades son parte del trabajo que realizamos de vinculaci\u00f3n con el medio desde nuestra carrera y que nos permite acercarnos a la comunidad. Todos las colaboraciones que reunamos estos d\u00edas ser\u00e1n depositados como aporte de nuestra comunidad a la Campa\u00f1a de Telet\u00f3n 2021\u201d, se\u00f1al\u00f3 el jefe de la carrera de Medicina Veterinaria, Mario Riquelme.<\/p>\n","protected":false},"excerpt":{"rendered":"<div class=\"pvc_clear\"><\/div>\n<p id=\"pvc_stats_27862\" class=\"pvc_stats total_only  \" data-element-id=\"27862\" style=\"\"><i class=\"pvc-stats-icon large\" aria-hidden=\"true\"><svg aria-hidden=\"true\" focusable=\"false\" data-prefix=\"far\" data-icon=\"chart-bar\" role=\"img\" xmlns=\"http:\/\/www.w3.org\/2000\/svg\" viewBox=\"0 0 512 512\" class=\"svg-inline--fa fa-chart-bar fa-w-16 fa-2x\"><path fill=\"currentColor\" d=\"M396.8 352h22.4c6.4 0 12.8-6.4 12.8-12.8V108.8c0-6.4-6.4-12.8-12.8-12.8h-22.4c-6.4 0-12.8 6.4-12.8 12.8v230.4c0 6.4 6.4 12.8 12.8 12.8zm-192 0h22.4c6.4 0 12.8-6.4 12.8-12.8V140.8c0-6.4-6.4-12.8-12.8-12.8h-22.4c-6.4 0-12.8 6.4-12.8 12.8v198.4c0 6.4 6.4 12.8 12.8 12.8zm96 0h22.4c6.4 0 12.8-6.4 12.8-12.8V204.8c0-6.4-6.4-12.8-12.8-12.8h-22.4c-6.4 0-12.8 6.4-12.8 12.8v134.4c0 6.4 6.4 12.8 12.8 12.8zM496 400H48V80c0-8.84-7.16-16-16-16H16C7.16 64 0 71.16 0 80v336c0 17.67 14.33 32 32 32h464c8.84 0 16-7.16 16-16v-16c0-8.84-7.16-16-16-16zm-387.2-48h22.4c6.4 0 12.8-6.4 12.8-12.8v-70.4c0-6.4-6.4-12.8-12.8-12.8h-22.4c-6.4 0-12.8 6.4-12.8 12.8v70.4c0 6.4 6.4 12.8 12.8 12.8z\" class=\"\"><\/path><\/svg><\/i> <img loading=\"lazy\" decoding=\"async\" width=\"16\" height=\"16\" alt=\"Loading\" src=\"https:\/\/temucotelevision.cl\/web\/wp-content\/plugins\/page-views-count\/ajax-loader-2x.gif\" border=0 \/><\/p>\n<div class=\"pvc_clear\"><\/div>\n<p>Se trata de vacunaci\u00f3n antirr\u00e1bica de perros y gatos. La actividad comenz\u00f3 el viernes 3 de diciembre y se repetir\u00e1<\/p>\n","protected":false},"author":1,"featured_media":27863,"comment_status":"open","ping_status":"open","sticky":false,"template":"","format":"standard","meta":{"colormag_page_container_layout":"default_layout","colormag_page_sidebar_layout":"default_layout","footnotes":""},"categories":[14],"tags":[133,1989,1508,3648],"class_list":["post-27862","post","type-post","status-publish","format-standard","has-post-thumbnail","hentry","category-temuco","tag-operativo","tag-teleton","tag-uct","tag-veterinaria"],"a3_pvc":{"activated":true,"total_views":200,"today_views":0},"_links":{"self":[{"href":"https:\/\/temucotelevision.cl\/web\/wp-json\/wp\/v2\/posts\/27862","targetHints":{"allow":["GET"]}}],"collection":[{"href":"https:\/\/temucotelevision.cl\/web\/wp-json\/wp\/v2\/posts"}],"about":[{"href":"https:\/\/temucotelevision.cl\/web\/wp-json\/wp\/v2\/types\/post"}],"author":[{"embeddable":true,"href":"https:\/\/temucotelevision.cl\/web\/wp-json\/wp\/v2\/users\/1"}],"replies":[{"embeddable":true,"href":"https:\/\/temucotelevision.cl\/web\/wp-json\/wp\/v2\/comments?post=27862"}],"version-history":[{"count":1,"href":"https:\/\/temucotelevision.cl\/web\/wp-json\/wp\/v2\/posts\/27862\/revisions"}],"predecessor-version":[{"id":27864,"href":"https:\/\/temucotelevision.cl\/web\/wp-json\/wp\/v2\/posts\/27862\/revisions\/27864"}],"wp:featuredmedia":[{"embeddable":true,"href":"https:\/\/temucotelevision.cl\/web\/wp-json\/wp\/v2\/media\/27863"}],"wp:attachment":[{"href":"https:\/\/temucotelevision.cl\/web\/wp-json\/wp\/v2\/media?parent=27862"}],"wp:term":[{"taxonomy":"category","embeddable":true,"href":"https:\/\/temucotelevision.cl\/web\/wp-json\/wp\/v2\/categories?post=27862"},{"taxonomy":"post_tag","embeddable":true,"href":"https:\/\/temucotelevision.cl\/web\/wp-json\/wp\/v2\/tags?post=27862"}],"curies":[{"name":"wp","href":"https:\/\/api.w.org\/{rel}","templated":true}]}}