{"id":27859,"date":"2021-12-03T17:37:36","date_gmt":"2021-12-03T20:37:36","guid":{"rendered":"https:\/\/temucotelevision.cl\/web\/?p=27859"},"modified":"2021-12-03T17:37:38","modified_gmt":"2021-12-03T20:37:38","slug":"rutas-australes-dictara-programa-de-especializacion-en-montana-para-guias-locales","status":"publish","type":"post","link":"https:\/\/temucotelevision.cl\/web\/2021\/12\/03\/rutas-australes-dictara-programa-de-especializacion-en-montana-para-guias-locales\/","title":{"rendered":"&#8220;Rutas Australes&#8221; dictar\u00e1 programa de especializaci\u00f3n en monta\u00f1a para gu\u00edas locales"},"content":{"rendered":"<div class=\"pvc_clear\"><\/div><p id=\"pvc_stats_27859\" class=\"pvc_stats total_only  \" data-element-id=\"27859\" style=\"\"><i class=\"pvc-stats-icon large\" aria-hidden=\"true\"><svg aria-hidden=\"true\" focusable=\"false\" data-prefix=\"far\" data-icon=\"chart-bar\" role=\"img\" xmlns=\"http:\/\/www.w3.org\/2000\/svg\" viewBox=\"0 0 512 512\" class=\"svg-inline--fa fa-chart-bar fa-w-16 fa-2x\"><path fill=\"currentColor\" d=\"M396.8 352h22.4c6.4 0 12.8-6.4 12.8-12.8V108.8c0-6.4-6.4-12.8-12.8-12.8h-22.4c-6.4 0-12.8 6.4-12.8 12.8v230.4c0 6.4 6.4 12.8 12.8 12.8zm-192 0h22.4c6.4 0 12.8-6.4 12.8-12.8V140.8c0-6.4-6.4-12.8-12.8-12.8h-22.4c-6.4 0-12.8 6.4-12.8 12.8v198.4c0 6.4 6.4 12.8 12.8 12.8zm96 0h22.4c6.4 0 12.8-6.4 12.8-12.8V204.8c0-6.4-6.4-12.8-12.8-12.8h-22.4c-6.4 0-12.8 6.4-12.8 12.8v134.4c0 6.4 6.4 12.8 12.8 12.8zM496 400H48V80c0-8.84-7.16-16-16-16H16C7.16 64 0 71.16 0 80v336c0 17.67 14.33 32 32 32h464c8.84 0 16-7.16 16-16v-16c0-8.84-7.16-16-16-16zm-387.2-48h22.4c6.4 0 12.8-6.4 12.8-12.8v-70.4c0-6.4-6.4-12.8-12.8-12.8h-22.4c-6.4 0-12.8 6.4-12.8 12.8v70.4c0 6.4 6.4 12.8 12.8 12.8z\" class=\"\"><\/path><\/svg><\/i> <img loading=\"lazy\" decoding=\"async\" width=\"16\" height=\"16\" alt=\"Loading\" src=\"https:\/\/temucotelevision.cl\/web\/wp-content\/plugins\/page-views-count\/ajax-loader-2x.gif\" border=0 \/><\/p><div class=\"pvc_clear\"><\/div>\n<p>El Parque Nacional Conguill\u00edo fue el escenario del lanzamiento oficial de un este curso destinado a profesionalizar a gu\u00edas locales de la regi\u00f3n con nuevas habilidades y conocimientos en t\u00e9cnicas de monta\u00f1ismo, progresi\u00f3n y escalada.<\/p>\n\n\n\n<p>A ra\u00edz de una petici\u00f3n que nace de la Asociaci\u00f3n de Gu\u00edas Locales de la Araucan\u00eda Andina, se gestion\u00f3 capacitarlos para que logren especializarse en distintas t\u00e9cnicas del \u00e1rea. El presidente de la agrupaci\u00f3n de Melipeuco,&nbsp;<em>Carlos Toledo<\/em>, gu\u00eda local en rafting y monta\u00f1a, valor\u00f3 much\u00edsimo el programa. \u201cCreemos que esta herramienta que nos entrega CORFO, a trav\u00e9s de la empresa Rutas Australes, va a marcar un gran hito porque podremos entregar un servicio de mejor calidad en monta\u00f1a a los turistas, para que nos visiten y se sientan m\u00e1s seguros con experiencias adem\u00e1s bonitas. Es el primer paso que la regi\u00f3n est\u00e1 dando, porque los gu\u00edas hemos sido muy olvidados y esta nivelaci\u00f3n de monta\u00f1a marcar\u00e1 un gran precedente. Estamos muy contentos y agradecidos todos los gu\u00edas de Araucan\u00eda Andina por esta tremenda instancia que se nos est\u00e1 dando\u201d.<\/p>\n\n\n\n<p>RUTAS AUSTRALES cuenta con m\u00e1s de 10 a\u00f1os de experiencia en el rubro del turismo dictando capacitaciones, talleres y consultor\u00edas en todo Chile apuntando a inculcar la cultura de la monta\u00f1a a trav\u00e9s de un turismo sustentable de la mano de actores locales, por eso han capacitado a deportistas, aficionados y futuros profesionales de monta\u00f1a. La empresa tiene una Otec llamada \u201cESCUELA DE LOS VOLCANES\u201d, con la cual realizan cursos de iniciaci\u00f3n de monta\u00f1ismo, t\u00e9cnicas invernales, progresi\u00f3n en glaciar, escalada en roca y hielo, entre otros, trabajando con instituciones p\u00fablicas y privadas en diferentes zonas del pa\u00eds.<\/p>\n\n\n\n<p><em>Nicol\u00e1s Palma<\/em>, encargado de coordinaci\u00f3n y log\u00edstica del programa, explic\u00f3 que \u201cla idea es lograr una nivelaci\u00f3n, tecnificando a todos estos gu\u00edas de la Araucan\u00eda que ya trabajan en el territorio para que logren especializarse en monta\u00f1a. Los m\u00f3dulos del programa abarcan tema de monta\u00f1ismo estival, invernal, t\u00e9cnicas de progresi\u00f3n en glaciar y escalada. Adem\u00e1s, dentro de las actividades del programa, se hacen intentos de cumbres a volcanes de la regi\u00f3n y finalmente los 10 mejores de estos 40 gu\u00edas en formaci\u00f3n ser\u00e1n llevados al cerro El Plomo en la regi\u00f3n metropolitana, el cual se eleva por sobre los 5.400 metros de altitud, logrando as\u00ed nutrir mucho m\u00e1s su curr\u00edculum deportivo y obviamente convirti\u00e9ndolos en profesionales m\u00e1s s\u00f3lidos. La idea es que con estas especializaciones ellos puedan seguir avanzando y postulen a la formaci\u00f3n nacional. Esto es un paso previo a ser oficialmente gu\u00edas de monta\u00f1a reconocidos en el pa\u00eds\u201d.<\/p>\n\n\n\n<p>Finalmente mencionar que este programa de formaci\u00f3n de competencias, considera 5 m\u00f3dulos tem\u00e1ticos con un total de 340 horas, 100 cronol\u00f3gicas te\u00f3ricas y 240 pr\u00e1cticas. Se contemplan terrenos en diferentes locaciones donde se har\u00e1n intentos de cumbre en tres volcanes de la Araucan\u00eda: Llaima, Lonquimay y Villarrica. La especializaci\u00f3n inicia el 2 de diciembre y terminar\u00e1 a fines del mes de marzo del 2022.<\/p>\n","protected":false},"excerpt":{"rendered":"<div class=\"pvc_clear\"><\/div>\n<p id=\"pvc_stats_27859\" class=\"pvc_stats total_only  \" data-element-id=\"27859\" style=\"\"><i class=\"pvc-stats-icon large\" aria-hidden=\"true\"><svg aria-hidden=\"true\" focusable=\"false\" data-prefix=\"far\" data-icon=\"chart-bar\" role=\"img\" xmlns=\"http:\/\/www.w3.org\/2000\/svg\" viewBox=\"0 0 512 512\" class=\"svg-inline--fa fa-chart-bar fa-w-16 fa-2x\"><path fill=\"currentColor\" d=\"M396.8 352h22.4c6.4 0 12.8-6.4 12.8-12.8V108.8c0-6.4-6.4-12.8-12.8-12.8h-22.4c-6.4 0-12.8 6.4-12.8 12.8v230.4c0 6.4 6.4 12.8 12.8 12.8zm-192 0h22.4c6.4 0 12.8-6.4 12.8-12.8V140.8c0-6.4-6.4-12.8-12.8-12.8h-22.4c-6.4 0-12.8 6.4-12.8 12.8v198.4c0 6.4 6.4 12.8 12.8 12.8zm96 0h22.4c6.4 0 12.8-6.4 12.8-12.8V204.8c0-6.4-6.4-12.8-12.8-12.8h-22.4c-6.4 0-12.8 6.4-12.8 12.8v134.4c0 6.4 6.4 12.8 12.8 12.8zM496 400H48V80c0-8.84-7.16-16-16-16H16C7.16 64 0 71.16 0 80v336c0 17.67 14.33 32 32 32h464c8.84 0 16-7.16 16-16v-16c0-8.84-7.16-16-16-16zm-387.2-48h22.4c6.4 0 12.8-6.4 12.8-12.8v-70.4c0-6.4-6.4-12.8-12.8-12.8h-22.4c-6.4 0-12.8 6.4-12.8 12.8v70.4c0 6.4 6.4 12.8 12.8 12.8z\" class=\"\"><\/path><\/svg><\/i> <img loading=\"lazy\" decoding=\"async\" width=\"16\" height=\"16\" alt=\"Loading\" src=\"https:\/\/temucotelevision.cl\/web\/wp-content\/plugins\/page-views-count\/ajax-loader-2x.gif\" border=0 \/><\/p>\n<div class=\"pvc_clear\"><\/div>\n<p>El Parque Nacional Conguill\u00edo fue el escenario del lanzamiento oficial de un este curso destinado a profesionalizar a gu\u00edas locales<\/p>\n","protected":false},"author":1,"featured_media":27860,"comment_status":"open","ping_status":"open","sticky":false,"template":"","format":"standard","meta":{"colormag_page_container_layout":"default_layout","colormag_page_sidebar_layout":"default_layout","footnotes":""},"categories":[101],"tags":[3460,1677,521,695],"class_list":["post-27859","post","type-post","status-publish","format-standard","has-post-thumbnail","hentry","category-actualidad","tag-guias","tag-montana","tag-programa","tag-ruta"],"a3_pvc":{"activated":true,"total_views":84,"today_views":0},"_links":{"self":[{"href":"https:\/\/temucotelevision.cl\/web\/wp-json\/wp\/v2\/posts\/27859","targetHints":{"allow":["GET"]}}],"collection":[{"href":"https:\/\/temucotelevision.cl\/web\/wp-json\/wp\/v2\/posts"}],"about":[{"href":"https:\/\/temucotelevision.cl\/web\/wp-json\/wp\/v2\/types\/post"}],"author":[{"embeddable":true,"href":"https:\/\/temucotelevision.cl\/web\/wp-json\/wp\/v2\/users\/1"}],"replies":[{"embeddable":true,"href":"https:\/\/temucotelevision.cl\/web\/wp-json\/wp\/v2\/comments?post=27859"}],"version-history":[{"count":1,"href":"https:\/\/temucotelevision.cl\/web\/wp-json\/wp\/v2\/posts\/27859\/revisions"}],"predecessor-version":[{"id":27861,"href":"https:\/\/temucotelevision.cl\/web\/wp-json\/wp\/v2\/posts\/27859\/revisions\/27861"}],"wp:featuredmedia":[{"embeddable":true,"href":"https:\/\/temucotelevision.cl\/web\/wp-json\/wp\/v2\/media\/27860"}],"wp:attachment":[{"href":"https:\/\/temucotelevision.cl\/web\/wp-json\/wp\/v2\/media?parent=27859"}],"wp:term":[{"taxonomy":"category","embeddable":true,"href":"https:\/\/temucotelevision.cl\/web\/wp-json\/wp\/v2\/categories?post=27859"},{"taxonomy":"post_tag","embeddable":true,"href":"https:\/\/temucotelevision.cl\/web\/wp-json\/wp\/v2\/tags?post=27859"}],"curies":[{"name":"wp","href":"https:\/\/api.w.org\/{rel}","templated":true}]}}