{"id":27856,"date":"2021-12-03T17:28:51","date_gmt":"2021-12-03T20:28:51","guid":{"rendered":"https:\/\/temucotelevision.cl\/web\/?p=27856"},"modified":"2021-12-03T17:28:52","modified_gmt":"2021-12-03T20:28:52","slug":"gobernador-rivas-pide-a-gabriel-boric-ponerse-del-lado-de-las-victimas-de-la-violencia-rural-y-respaldar-propuesta-de-ley-de-reparacion","status":"publish","type":"post","link":"https:\/\/temucotelevision.cl\/web\/2021\/12\/03\/gobernador-rivas-pide-a-gabriel-boric-ponerse-del-lado-de-las-victimas-de-la-violencia-rural-y-respaldar-propuesta-de-ley-de-reparacion\/","title":{"rendered":"Gobernador Rivas pide a Gabriel Boric ponerse del lado de las v\u00edctimas de la violencia rural y respaldar propuesta de ley de reparaci\u00f3n"},"content":{"rendered":"<div class=\"pvc_clear\"><\/div><p id=\"pvc_stats_27856\" class=\"pvc_stats total_only  \" data-element-id=\"27856\" style=\"\"><i class=\"pvc-stats-icon large\" aria-hidden=\"true\"><svg aria-hidden=\"true\" focusable=\"false\" data-prefix=\"far\" data-icon=\"chart-bar\" role=\"img\" xmlns=\"http:\/\/www.w3.org\/2000\/svg\" viewBox=\"0 0 512 512\" class=\"svg-inline--fa fa-chart-bar fa-w-16 fa-2x\"><path fill=\"currentColor\" d=\"M396.8 352h22.4c6.4 0 12.8-6.4 12.8-12.8V108.8c0-6.4-6.4-12.8-12.8-12.8h-22.4c-6.4 0-12.8 6.4-12.8 12.8v230.4c0 6.4 6.4 12.8 12.8 12.8zm-192 0h22.4c6.4 0 12.8-6.4 12.8-12.8V140.8c0-6.4-6.4-12.8-12.8-12.8h-22.4c-6.4 0-12.8 6.4-12.8 12.8v198.4c0 6.4 6.4 12.8 12.8 12.8zm96 0h22.4c6.4 0 12.8-6.4 12.8-12.8V204.8c0-6.4-6.4-12.8-12.8-12.8h-22.4c-6.4 0-12.8 6.4-12.8 12.8v134.4c0 6.4 6.4 12.8 12.8 12.8zM496 400H48V80c0-8.84-7.16-16-16-16H16C7.16 64 0 71.16 0 80v336c0 17.67 14.33 32 32 32h464c8.84 0 16-7.16 16-16v-16c0-8.84-7.16-16-16-16zm-387.2-48h22.4c6.4 0 12.8-6.4 12.8-12.8v-70.4c0-6.4-6.4-12.8-12.8-12.8h-22.4c-6.4 0-12.8 6.4-12.8 12.8v70.4c0 6.4 6.4 12.8 12.8 12.8z\" class=\"\"><\/path><\/svg><\/i> <img loading=\"lazy\" decoding=\"async\" width=\"16\" height=\"16\" alt=\"Loading\" src=\"https:\/\/temucotelevision.cl\/web\/wp-content\/plugins\/page-views-count\/ajax-loader-2x.gif\" border=0 \/><\/p><div class=\"pvc_clear\"><\/div>\n<p><em>Ambos coincidieron en el tercer encuentro de Gobernadores Regionales que se realiza en Iquique y conversaron brevemente sobre la situaci\u00f3n de violencia en el Sur del pa\u00eds.<\/em><\/p>\n\n\n\n<p>El gobernador regional de La Araucan\u00eda, Luciano Rivas, coincidi\u00f3 este mi\u00e9rcoles con el candidato presidencial de Apruebo Dignidad, Gabriel Boric, en el marco del tercer encuentro de Gobernadores Regionales que se desarrolla hasta ma\u00f1ana en la ciudad de Iquique.&nbsp;<\/p>\n\n\n\n<p>En la ocasi\u00f3n, ambos sostuvieron una breve conversaci\u00f3n en la que el gobernador Rivas le expres\u00f3 su preocupaci\u00f3n por la situaci\u00f3n de violencia que se vive en el Sur del pa\u00eds y le hizo entrega de una propuesta de proyecto de ley para establecer un sistema de reparaci\u00f3n de v\u00edctimas de la violencia rural.&nbsp;<\/p>\n\n\n\n<p>Rivas es el \u00fanico gobernador regional perteneciente a la coalici\u00f3n oficialista en el pa\u00eds, raz\u00f3n por la que respalda la opci\u00f3n del contrincante de Boric en la segunda vuelta presidencial del pr\u00f3ximo 19 de diciembre, Jos\u00e9 Antonio Kast.&nbsp;<\/p>\n\n\n\n<p>Pese a ello, el gobernador Rivas valor\u00f3 las palabras de Boric, quien en su presentaci\u00f3n ante los gobernadores regionales del pa\u00eds lo mencion\u00f3 directamente asegurando que \u201cgobernar\u00e1 con todos\u201d en un eventual mandato.&nbsp;<\/p>\n\n\n\n<p>Rivas se apoy\u00f3 en las mismas palabras del candidato Boric para detallar la conversaci\u00f3n.&nbsp; \u201cEsperamos acciones m\u00e1s que discursos. Si Gabriel Boric se compromete a gobernar con todos si es que le toca llegar a La Moneda, es importante que est\u00e9 del lado de las v\u00edctimas y no de los victimarios. Me tom\u00e9 de sus palabras para pedirle que incorpore en su programa nuestra propuesta de ley de reparaci\u00f3n de v\u00edctimas de violencia rural, una demanda que viene desde la regi\u00f3n. Otra demostraci\u00f3n de lo mismo debiera ser quitar el respaldo pol\u00edtico a la ley de indultos que hoy se encuentra en el congreso. Espero que Gabriel pueda atender y escuchar el llamado de las v\u00edctimas, y comprometerse de verdad con la seguridad de la regi\u00f3n y el pa\u00eds. En la regi\u00f3n solo queremos Paz\u201d.&nbsp;<\/p>\n\n\n\n<p>El documento, que fue recibido por Gabriel Boric, fue concordado con las mismas organizaciones de v\u00edctimas y redactado por prestigiosos abogados de la regi\u00f3n, asimil\u00e1ndose a las leyes de reparaci\u00f3n contra v\u00edctimas de terroristas que cuentan todos los pa\u00edses que cuentan con democracias modernas y robustas y que han sufrido el flagelo de la violencia pol\u00edtica por grupos civiles armados como hoy ocurre en el sur de Chile.&nbsp;<\/p>\n","protected":false},"excerpt":{"rendered":"<div class=\"pvc_clear\"><\/div>\n<p id=\"pvc_stats_27856\" class=\"pvc_stats total_only  \" data-element-id=\"27856\" style=\"\"><i class=\"pvc-stats-icon large\" aria-hidden=\"true\"><svg aria-hidden=\"true\" focusable=\"false\" data-prefix=\"far\" data-icon=\"chart-bar\" role=\"img\" xmlns=\"http:\/\/www.w3.org\/2000\/svg\" viewBox=\"0 0 512 512\" class=\"svg-inline--fa fa-chart-bar fa-w-16 fa-2x\"><path fill=\"currentColor\" d=\"M396.8 352h22.4c6.4 0 12.8-6.4 12.8-12.8V108.8c0-6.4-6.4-12.8-12.8-12.8h-22.4c-6.4 0-12.8 6.4-12.8 12.8v230.4c0 6.4 6.4 12.8 12.8 12.8zm-192 0h22.4c6.4 0 12.8-6.4 12.8-12.8V140.8c0-6.4-6.4-12.8-12.8-12.8h-22.4c-6.4 0-12.8 6.4-12.8 12.8v198.4c0 6.4 6.4 12.8 12.8 12.8zm96 0h22.4c6.4 0 12.8-6.4 12.8-12.8V204.8c0-6.4-6.4-12.8-12.8-12.8h-22.4c-6.4 0-12.8 6.4-12.8 12.8v134.4c0 6.4 6.4 12.8 12.8 12.8zM496 400H48V80c0-8.84-7.16-16-16-16H16C7.16 64 0 71.16 0 80v336c0 17.67 14.33 32 32 32h464c8.84 0 16-7.16 16-16v-16c0-8.84-7.16-16-16-16zm-387.2-48h22.4c6.4 0 12.8-6.4 12.8-12.8v-70.4c0-6.4-6.4-12.8-12.8-12.8h-22.4c-6.4 0-12.8 6.4-12.8 12.8v70.4c0 6.4 6.4 12.8 12.8 12.8z\" class=\"\"><\/path><\/svg><\/i> <img loading=\"lazy\" decoding=\"async\" width=\"16\" height=\"16\" alt=\"Loading\" src=\"https:\/\/temucotelevision.cl\/web\/wp-content\/plugins\/page-views-count\/ajax-loader-2x.gif\" border=0 \/><\/p>\n<div class=\"pvc_clear\"><\/div>\n<p>Ambos coincidieron en el tercer encuentro de Gobernadores Regionales que se realiza en Iquique y conversaron brevemente sobre la situaci\u00f3n<\/p>\n","protected":false},"author":1,"featured_media":27857,"comment_status":"open","ping_status":"open","sticky":false,"template":"","format":"standard","meta":{"colormag_page_container_layout":"default_layout","colormag_page_sidebar_layout":"default_layout","footnotes":""},"categories":[84],"tags":[829,2575,4425,1405,1237],"class_list":["post-27856","post","type-post","status-publish","format-standard","has-post-thumbnail","hentry","category-politica","tag-gobernador","tag-propuesta","tag-reparacion","tag-victimas","tag-violencia"],"a3_pvc":{"activated":true,"total_views":35,"today_views":0},"_links":{"self":[{"href":"https:\/\/temucotelevision.cl\/web\/wp-json\/wp\/v2\/posts\/27856","targetHints":{"allow":["GET"]}}],"collection":[{"href":"https:\/\/temucotelevision.cl\/web\/wp-json\/wp\/v2\/posts"}],"about":[{"href":"https:\/\/temucotelevision.cl\/web\/wp-json\/wp\/v2\/types\/post"}],"author":[{"embeddable":true,"href":"https:\/\/temucotelevision.cl\/web\/wp-json\/wp\/v2\/users\/1"}],"replies":[{"embeddable":true,"href":"https:\/\/temucotelevision.cl\/web\/wp-json\/wp\/v2\/comments?post=27856"}],"version-history":[{"count":1,"href":"https:\/\/temucotelevision.cl\/web\/wp-json\/wp\/v2\/posts\/27856\/revisions"}],"predecessor-version":[{"id":27858,"href":"https:\/\/temucotelevision.cl\/web\/wp-json\/wp\/v2\/posts\/27856\/revisions\/27858"}],"wp:featuredmedia":[{"embeddable":true,"href":"https:\/\/temucotelevision.cl\/web\/wp-json\/wp\/v2\/media\/27857"}],"wp:attachment":[{"href":"https:\/\/temucotelevision.cl\/web\/wp-json\/wp\/v2\/media?parent=27856"}],"wp:term":[{"taxonomy":"category","embeddable":true,"href":"https:\/\/temucotelevision.cl\/web\/wp-json\/wp\/v2\/categories?post=27856"},{"taxonomy":"post_tag","embeddable":true,"href":"https:\/\/temucotelevision.cl\/web\/wp-json\/wp\/v2\/tags?post=27856"}],"curies":[{"name":"wp","href":"https:\/\/api.w.org\/{rel}","templated":true}]}}