{"id":27853,"date":"2021-12-03T16:57:14","date_gmt":"2021-12-03T19:57:14","guid":{"rendered":"https:\/\/temucotelevision.cl\/web\/?p=27853"},"modified":"2021-12-03T16:57:15","modified_gmt":"2021-12-03T19:57:15","slug":"funcionarios-de-la-educacion-inicial-de-la-junji-expresan-su-apoyo-al-candidato-presidencial-gabriel-boric","status":"publish","type":"post","link":"https:\/\/temucotelevision.cl\/web\/2021\/12\/03\/funcionarios-de-la-educacion-inicial-de-la-junji-expresan-su-apoyo-al-candidato-presidencial-gabriel-boric\/","title":{"rendered":"Funcionarios de la Educaci\u00f3n Inicial de la JUNJI expresan su apoyo al candidato presidencial Gabriel Boric"},"content":{"rendered":"<div class=\"pvc_clear\"><\/div><p id=\"pvc_stats_27853\" class=\"pvc_stats total_only  \" data-element-id=\"27853\" style=\"\"><i class=\"pvc-stats-icon large\" aria-hidden=\"true\"><svg aria-hidden=\"true\" focusable=\"false\" data-prefix=\"far\" data-icon=\"chart-bar\" role=\"img\" xmlns=\"http:\/\/www.w3.org\/2000\/svg\" viewBox=\"0 0 512 512\" class=\"svg-inline--fa fa-chart-bar fa-w-16 fa-2x\"><path fill=\"currentColor\" d=\"M396.8 352h22.4c6.4 0 12.8-6.4 12.8-12.8V108.8c0-6.4-6.4-12.8-12.8-12.8h-22.4c-6.4 0-12.8 6.4-12.8 12.8v230.4c0 6.4 6.4 12.8 12.8 12.8zm-192 0h22.4c6.4 0 12.8-6.4 12.8-12.8V140.8c0-6.4-6.4-12.8-12.8-12.8h-22.4c-6.4 0-12.8 6.4-12.8 12.8v198.4c0 6.4 6.4 12.8 12.8 12.8zm96 0h22.4c6.4 0 12.8-6.4 12.8-12.8V204.8c0-6.4-6.4-12.8-12.8-12.8h-22.4c-6.4 0-12.8 6.4-12.8 12.8v134.4c0 6.4 6.4 12.8 12.8 12.8zM496 400H48V80c0-8.84-7.16-16-16-16H16C7.16 64 0 71.16 0 80v336c0 17.67 14.33 32 32 32h464c8.84 0 16-7.16 16-16v-16c0-8.84-7.16-16-16-16zm-387.2-48h22.4c6.4 0 12.8-6.4 12.8-12.8v-70.4c0-6.4-6.4-12.8-12.8-12.8h-22.4c-6.4 0-12.8 6.4-12.8 12.8v70.4c0 6.4 6.4 12.8 12.8 12.8z\" class=\"\"><\/path><\/svg><\/i> <img loading=\"lazy\" decoding=\"async\" width=\"16\" height=\"16\" alt=\"Loading\" src=\"https:\/\/temucotelevision.cl\/web\/wp-content\/plugins\/page-views-count\/ajax-loader-2x.gif\" border=0 \/><\/p><div class=\"pvc_clear\"><\/div>\n<p><strong>Este programa es coherente con el respeto al derecho a la educaci\u00f3n p\u00fablica, y al resguardo de las condiciones de trabajo decente para los trabajadores y trabajadoras.<\/strong><\/p>\n\n\n\n<p>Un apoyo concreto al programa del candidato a presidente, Gabriel Boric, entreg\u00f3 la Asociaci\u00f3n Nacional de Funcionarios de la Junji (APROJUNJI) luego de una consulta a las bases. Tal como se expres\u00f3 a trav\u00e9s de una Declaraci\u00f3n P\u00fablica, la decisi\u00f3n se adopt\u00f3 luego de una revisi\u00f3n del programa y consultas internas sobre cu\u00e1l de los candidatos ofrece garant\u00edas a la educaci\u00f3n chilena y a los trabajadores p\u00fablicos.&nbsp;<\/p>\n\n\n\n<p>El documento se\u00f1ala que en el contexto de la segunda vuelta presidencial Chile se encuentra hoy en un proceso de construcci\u00f3n de una Nueva Constituci\u00f3n que guiar\u00e1 la forma en que se va a convivir entre los chilenos y chilenas, y las futuras generaciones. \u201cComo asociaci\u00f3n gremial que re\u00fane a m\u00e1s de 6 mil trabajadoras y trabajadores de la educaci\u00f3n inicial de nuestro pa\u00eds, no podemos estar ajenos a este proceso y tenemos el deber de apoyar el debate democr\u00e1tico y participativo que garantice una educaci\u00f3n p\u00fablica s\u00f3lida y de calidad, como tambi\u00e9n las condiciones de trabajo decente para las trabajadoras y trabajadores\u201d, se\u00f1ala la declaraci\u00f3n.&nbsp;&nbsp;<\/p>\n\n\n\n<p>La declaraci\u00f3n manifiesta que la decisi\u00f3n de este apoyo se adopta como Directorio Nacional y Dirigentes Regionales y que \u201chemos analizado los dos programas de los candidatos a la presidencia, buscando las propuestas que potencien el desarrollo de las sentidas demandas de este sector educativo de JUNJI, y que se relaciona al empleo decente, estabilidad laboral, condiciones de buen trato y carrera funcionaria\u201d.&nbsp;&nbsp;&nbsp;<\/p>\n\n\n\n<p>As\u00ed tambi\u00e9n se se\u00f1ala que \u201ccon preocupaci\u00f3n vemos que lo avanzado en pol\u00edtica p\u00fablica puede retroceder, por las propuestas del&nbsp;&nbsp;candidato a la presidencia Jos\u00e9 A. Kast y ponga en riesgo la funci\u00f3n p\u00fablica y estabilidad laboral, al proponer eliminar ministerios p\u00fablicos, eliminaci\u00f3n del Decreto 170 (que permite la contrataci\u00f3n de especialistas como estrategia de inclusi\u00f3n, psicopedagogos, educadoras diferenciales, psic\u00f3logos, fonoaudi\u00f3logos), despidos masivos de funcionarios del estado, con una visi\u00f3n reduccionista,&nbsp;&nbsp;anacr\u00f3nica de las familias, las mujeres y sus derechos\u201d.&nbsp;<\/p>\n\n\n\n<p>En contraparte es clara en destacar que \u201cvemos que el programa del candidato Gabriel Boric, pone a disposici\u00f3n principios claros y propuestas para avanzar hacia la justicia social, en educaci\u00f3n inicial de calidad y p\u00fablica, equidad, inclusi\u00f3n, con financiamiento igualitario, con fortalecimiento para continuar en&nbsp;&nbsp;la igualdad de g\u00e9nero,&nbsp;&nbsp;y en la defensa del empleo p\u00fablico, con mayores&nbsp;&nbsp;libertades no s\u00f3lo individuales sino colectivas\u201d.&nbsp;<\/p>\n\n\n\n<p>Adem\u00e1s, \u201ccreemos que la educaci\u00f3n no puede estar sometida a los embates del mercado, ni a un bien de consumo, es un derecho universal que debe ser administrado y tener las directrices curriculares que emanan del Estado, fuerte y protector\u201d.&nbsp;&nbsp;<\/p>\n\n\n\n<p>En otras materias de libertades y derechos sociales, Aprojunji se a lo expresado por la ANEF que ha sido clara en se\u00f1alar la urgencia de garantizar la educaci\u00f3n para los ni\u00f1os\/as y j\u00f3venes del pa\u00eds, as\u00ed como la defensa de la funci\u00f3n p\u00fablica. \u201cPara este 19 de diciembre hacemos un llamado a los\/las trabajadores\/as asociados a la APROJUNJI, junto a sus familias y amigos a lo largo de todo Chile, a votar en conciencia, ya que nuestro voto determinar\u00e1 el rol de la educaci\u00f3n inicial y la funci\u00f3n p\u00fablica de los trabajadoras y trabajadores.&nbsp;&nbsp;Que si bien sabemos que el voto es secreto y voluntario, esperamos unidas y unidos lograr que salga electo, quien mejor nos representa a trav\u00e9s de su programa y es Gabriel Boric\u201d, concluye la declaraci\u00f3n p\u00fablica.&nbsp;<\/p>\n","protected":false},"excerpt":{"rendered":"<div class=\"pvc_clear\"><\/div>\n<p id=\"pvc_stats_27853\" class=\"pvc_stats total_only  \" data-element-id=\"27853\" style=\"\"><i class=\"pvc-stats-icon large\" aria-hidden=\"true\"><svg aria-hidden=\"true\" focusable=\"false\" data-prefix=\"far\" data-icon=\"chart-bar\" role=\"img\" xmlns=\"http:\/\/www.w3.org\/2000\/svg\" viewBox=\"0 0 512 512\" class=\"svg-inline--fa fa-chart-bar fa-w-16 fa-2x\"><path fill=\"currentColor\" d=\"M396.8 352h22.4c6.4 0 12.8-6.4 12.8-12.8V108.8c0-6.4-6.4-12.8-12.8-12.8h-22.4c-6.4 0-12.8 6.4-12.8 12.8v230.4c0 6.4 6.4 12.8 12.8 12.8zm-192 0h22.4c6.4 0 12.8-6.4 12.8-12.8V140.8c0-6.4-6.4-12.8-12.8-12.8h-22.4c-6.4 0-12.8 6.4-12.8 12.8v198.4c0 6.4 6.4 12.8 12.8 12.8zm96 0h22.4c6.4 0 12.8-6.4 12.8-12.8V204.8c0-6.4-6.4-12.8-12.8-12.8h-22.4c-6.4 0-12.8 6.4-12.8 12.8v134.4c0 6.4 6.4 12.8 12.8 12.8zM496 400H48V80c0-8.84-7.16-16-16-16H16C7.16 64 0 71.16 0 80v336c0 17.67 14.33 32 32 32h464c8.84 0 16-7.16 16-16v-16c0-8.84-7.16-16-16-16zm-387.2-48h22.4c6.4 0 12.8-6.4 12.8-12.8v-70.4c0-6.4-6.4-12.8-12.8-12.8h-22.4c-6.4 0-12.8 6.4-12.8 12.8v70.4c0 6.4 6.4 12.8 12.8 12.8z\" class=\"\"><\/path><\/svg><\/i> <img loading=\"lazy\" decoding=\"async\" width=\"16\" height=\"16\" alt=\"Loading\" src=\"https:\/\/temucotelevision.cl\/web\/wp-content\/plugins\/page-views-count\/ajax-loader-2x.gif\" border=0 \/><\/p>\n<div class=\"pvc_clear\"><\/div>\n<p>Este programa es coherente con el respeto al derecho a la educaci\u00f3n p\u00fablica, y al resguardo de las condiciones de<\/p>\n","protected":false},"author":1,"featured_media":27854,"comment_status":"open","ping_status":"open","sticky":false,"template":"","format":"standard","meta":{"colormag_page_container_layout":"default_layout","colormag_page_sidebar_layout":"default_layout","footnotes":""},"categories":[84],"tags":[345,1938,235,1088],"class_list":["post-27853","post","type-post","status-publish","format-standard","has-post-thumbnail","hentry","category-politica","tag-apoyo","tag-candidato","tag-funcionarios","tag-junji"],"a3_pvc":{"activated":true,"total_views":41,"today_views":0},"_links":{"self":[{"href":"https:\/\/temucotelevision.cl\/web\/wp-json\/wp\/v2\/posts\/27853","targetHints":{"allow":["GET"]}}],"collection":[{"href":"https:\/\/temucotelevision.cl\/web\/wp-json\/wp\/v2\/posts"}],"about":[{"href":"https:\/\/temucotelevision.cl\/web\/wp-json\/wp\/v2\/types\/post"}],"author":[{"embeddable":true,"href":"https:\/\/temucotelevision.cl\/web\/wp-json\/wp\/v2\/users\/1"}],"replies":[{"embeddable":true,"href":"https:\/\/temucotelevision.cl\/web\/wp-json\/wp\/v2\/comments?post=27853"}],"version-history":[{"count":1,"href":"https:\/\/temucotelevision.cl\/web\/wp-json\/wp\/v2\/posts\/27853\/revisions"}],"predecessor-version":[{"id":27855,"href":"https:\/\/temucotelevision.cl\/web\/wp-json\/wp\/v2\/posts\/27853\/revisions\/27855"}],"wp:featuredmedia":[{"embeddable":true,"href":"https:\/\/temucotelevision.cl\/web\/wp-json\/wp\/v2\/media\/27854"}],"wp:attachment":[{"href":"https:\/\/temucotelevision.cl\/web\/wp-json\/wp\/v2\/media?parent=27853"}],"wp:term":[{"taxonomy":"category","embeddable":true,"href":"https:\/\/temucotelevision.cl\/web\/wp-json\/wp\/v2\/categories?post=27853"},{"taxonomy":"post_tag","embeddable":true,"href":"https:\/\/temucotelevision.cl\/web\/wp-json\/wp\/v2\/tags?post=27853"}],"curies":[{"name":"wp","href":"https:\/\/api.w.org\/{rel}","templated":true}]}}