{"id":27850,"date":"2021-12-03T16:46:17","date_gmt":"2021-12-03T19:46:17","guid":{"rendered":"https:\/\/temucotelevision.cl\/web\/?p=27850"},"modified":"2021-12-03T16:46:19","modified_gmt":"2021-12-03T19:46:19","slug":"en-el-marco-del-dia-internacional-de-las-personas-con-discapacidad-fundacion-corpartes-estrena-cortometraje-animado-para-hablar-sobre-inclusion","status":"publish","type":"post","link":"https:\/\/temucotelevision.cl\/web\/2021\/12\/03\/en-el-marco-del-dia-internacional-de-las-personas-con-discapacidad-fundacion-corpartes-estrena-cortometraje-animado-para-hablar-sobre-inclusion\/","title":{"rendered":"En el marco del D\u00eda Internacional de las Personas con Discapacidad: Fundaci\u00f3n CorpArtes estrena cortometraje animado para hablar sobre inclusi\u00f3n"},"content":{"rendered":"<div class=\"pvc_clear\"><\/div><p id=\"pvc_stats_27850\" class=\"pvc_stats total_only  \" data-element-id=\"27850\" style=\"\"><i class=\"pvc-stats-icon large\" aria-hidden=\"true\"><svg aria-hidden=\"true\" focusable=\"false\" data-prefix=\"far\" data-icon=\"chart-bar\" role=\"img\" xmlns=\"http:\/\/www.w3.org\/2000\/svg\" viewBox=\"0 0 512 512\" class=\"svg-inline--fa fa-chart-bar fa-w-16 fa-2x\"><path fill=\"currentColor\" d=\"M396.8 352h22.4c6.4 0 12.8-6.4 12.8-12.8V108.8c0-6.4-6.4-12.8-12.8-12.8h-22.4c-6.4 0-12.8 6.4-12.8 12.8v230.4c0 6.4 6.4 12.8 12.8 12.8zm-192 0h22.4c6.4 0 12.8-6.4 12.8-12.8V140.8c0-6.4-6.4-12.8-12.8-12.8h-22.4c-6.4 0-12.8 6.4-12.8 12.8v198.4c0 6.4 6.4 12.8 12.8 12.8zm96 0h22.4c6.4 0 12.8-6.4 12.8-12.8V204.8c0-6.4-6.4-12.8-12.8-12.8h-22.4c-6.4 0-12.8 6.4-12.8 12.8v134.4c0 6.4 6.4 12.8 12.8 12.8zM496 400H48V80c0-8.84-7.16-16-16-16H16C7.16 64 0 71.16 0 80v336c0 17.67 14.33 32 32 32h464c8.84 0 16-7.16 16-16v-16c0-8.84-7.16-16-16-16zm-387.2-48h22.4c6.4 0 12.8-6.4 12.8-12.8v-70.4c0-6.4-6.4-12.8-12.8-12.8h-22.4c-6.4 0-12.8 6.4-12.8 12.8v70.4c0 6.4 6.4 12.8 12.8 12.8z\" class=\"\"><\/path><\/svg><\/i> <img loading=\"lazy\" decoding=\"async\" width=\"16\" height=\"16\" alt=\"Loading\" src=\"https:\/\/temucotelevision.cl\/web\/wp-content\/plugins\/page-views-count\/ajax-loader-2x.gif\" border=0 \/><\/p><div class=\"pvc_clear\"><\/div>\n<ul class=\"wp-block-list\"><li><strong>Titulado&nbsp;<em>Un mismo cielo para todos,&nbsp;<\/em>la producci\u00f3n en stop motion busca poner en relevancia el rol que juegan las artes en la inclusi\u00f3n, a trav\u00e9s de la historia de un cachorro que comienza una nueva vida luego de sufrir un accidente. El relato fue creado por j\u00f3venes de la compa\u00f1\u00eda<\/strong><strong>&nbsp;de teatro de Fundaci\u00f3n Mawen, organizaci\u00f3n&nbsp;<\/strong><strong>que trabaja con personas en situaci\u00f3n de discapacidad.&nbsp;<\/strong><strong><\/strong><\/li><\/ul>\n\n\n\n<ul class=\"wp-block-list\"><li><strong>Ser\u00e1 estrenado de forma gratuita&nbsp;en las cuentas de Instagram, Facebook y canal de Youtube de Fundaci\u00f3n CorpArtes el 3 de diciembre, a las 18:00 horas. Asimismo, durante enero de 2022 se publicar\u00e1n otros dos cortometrajes que ahondan en tem\u00e1ticas como la sustentabilidad, la ecolog\u00eda y los procesos creativos.<\/strong><strong><\/strong><\/li><\/ul>\n\n\n\n<p>El cachorro Rudolph sufri\u00f3 un accidente que le cambi\u00f3 la vida: ahora debe usar una silla de ruedas canina y no sabe c\u00f3mo moverse sin tropezar o c\u00f3mo jugar a la pelota&#8230; hasta que la llegada de una nueva amiga y el descubrimiento de las artes, le ayudar\u00e1n a ver su situaci\u00f3n de discapacidad como una nueva oportunidad. Esta es la historia detr\u00e1s de&nbsp;<em>Un mismo cielo para todos,&nbsp;<\/em>el cortometraje animado dirigido a ni\u00f1os, ni\u00f1as y sus familias, que Fundaci\u00f3n CorpArtes estrenar\u00e1 este 3 de diciembre, en el marco del D\u00eda Internacional de las Personas con Discapacidad, buscando poner en relevancia la importancia de la inclusi\u00f3n.&nbsp;<\/p>\n\n\n\n<p>Esta producci\u00f3n en stop motion, que fue animada e ilustrada por la artista Paula Baccelliere, es la primera de tres historias que fueron creadas junto a instituciones colaboradoras de Fundaci\u00f3n CorpArtes, con quienes se desarroll\u00f3 un guion colectivo que da a conocer sus vivencias en torno a la discapacidad, la ecolog\u00eda, la sustentabilidad y los procesos creativos. De esta forma,&nbsp;<em>Un mismo cielo para todos&nbsp;<\/em>es una historia elaborada por j\u00f3venes de la compa\u00f1\u00eda de teatro de Fundaci\u00f3n Mawen, organizaci\u00f3n&nbsp;que trabaja con personas en situaci\u00f3n de discapacidad cognitiva para promover la inclusi\u00f3n a trav\u00e9s de las artes.<\/p>\n\n\n\n<p>\u201cComo Fundaci\u00f3n CorpArtes queremos potenciar la creaci\u00f3n y el trabajo colectivo en torno a las artes, y por lo mismo es que buscamos realizar estos cortometrajes junto a instituciones con las que venimos colaborando desde hace algunos a\u00f1os. Sus valiosas perspectivas de nuestro entorno, tanto desde sus experiencias sobre la situaci\u00f3n de discapacidad como desde la cotidianeidad en centros de protecci\u00f3n de ni\u00f1os, ni\u00f1as y adolescentes en situaci\u00f3n de vulnerabilidad social, nos enriquecen y ayudan a generar contenidos que potencian la reflexi\u00f3n y el di\u00e1logo de ni\u00f1os, ni\u00f1as y sus familias\u201d, expres\u00f3 Francisca Florenzano, Directora Ejecutiva de Fundaci\u00f3n CorpArtes.<\/p>\n\n\n\n<p>A su vez, Mar\u00eda Eliana Sep\u00falveda, Gestora Cultural de Fundaci\u00f3n Mawen, coment\u00f3 que \u201cla experiencia de hacer un guion sobre artes e inclusi\u00f3n fue muy hermosa y arm\u00f3nica, al trabajar con j\u00f3venes de Fundaci\u00f3n Mawen que desde sus propias biograf\u00edas y desde sus intereses fueron aportando a este relato\u201d. V\u00edctor Romero, Director Ejecutivo de la organizaci\u00f3n, a\u00f1adi\u00f3 que \u201cel arte moviliza y permite comunicar los relatos de nuestro mundo interior, de forma que en la libertad de expresar nuestra creatividad nos volvemos tambi\u00e9n creadores de nuevas herramientas que benefician el desarrollo humano integral\u201d.<\/p>\n\n\n\n<p><em>Un mismo cielo para todos&nbsp;<\/em>se estrenar\u00e1 en las cuentas de Instagram (@fundacion_corpartes), Facebook (@FundacionCorpArtes) y el canal de Youtube de Fundaci\u00f3n CorpArtes,&nbsp;el viernes 3 de diciembre, a las 18:00 horas. Asimismo, los otros dos cortometrajes del ciclo, que fueron realizados junto al Servicio Local de Educaci\u00f3n P\u00fablica Barrancas y Fundaci\u00f3n Ciudad del Ni\u00f1o respectivamente, ser\u00e1n estrenados durante el mes de enero en las mismas plataformas.<\/p>\n\n\n\n<p><strong>Inclusi\u00f3n, ecolog\u00eda y sustentabilidad: tres historias para ni\u00f1os y ni\u00f1as<\/strong><\/p>\n\n\n\n<p>\u00bfC\u00f3mo concientizar sobre la necesidad de reducir nuestro consumo y de cuidar el medio ambiente? Y, \u00bfc\u00f3mo dar a conocer a<em>&nbsp;<\/em>ni\u00f1os y ni\u00f1as la realidad que viven las personas en diversas situaciones de discapacidad? Estas son algunas de las preguntas que abordaron los y las j\u00f3venes de la compa\u00f1\u00eda de teatro de Fundaci\u00f3n Mawen (@fundacionmawen), as\u00ed como los ni\u00f1os y ni\u00f1as del&nbsp;Servicio Local de Educaci\u00f3n P\u00fablica Barrancas y de Fundaci\u00f3n Ciudad del Ni\u00f1o, para crear los guiones que dieron vida a&nbsp;tres historias que se estrenar\u00e1n en formato de cortometrajes:<\/p>\n\n\n\n<ol class=\"wp-block-list\" type=\"1\"><li><strong><em>Un mismo cielo para todos<\/em><\/strong><strong><em><\/em><\/strong><\/li><\/ol>\n\n\n\n<p>Duraci\u00f3n: 5&nbsp;min.&nbsp;<\/p>\n\n\n\n<p>Disponible desde el 3 de diciembre de 2021, a las 18:00 horas<\/p>\n\n\n\n<p>Sinopsis:&nbsp;&nbsp;Desde que sufri\u00f3 un accidente, el cachorro Rudolph debe usar una silla de ruedas canina que lo ayuda a desplazarse, pero con la cual no sabe&nbsp;c\u00f3mo moverse sin tropezar por los espacios de su casa o c\u00f3mo jugar a la pelota. As\u00ed, la llegada de una nueva amiga y el descubrimiento de un espacio art\u00edstico, lo har\u00e1n conocer nuevas formas de divertirse, pero, sobre todo, de entender la situaci\u00f3n de discapacidad como una nueva oportunidad.<em><\/em><\/p>\n\n\n\n<p>Creado en stop motion, este cortometraje cuenta con las ilustraciones y animaci\u00f3n de la artista Paula Baccelliere.<\/p>\n\n\n\n<p><strong>Guion:<\/strong><\/p>\n\n\n\n<p>Jeft\u00e9 Mart\u00ednez Verches \/ Actor del Taller de Iniciaci\u00f3n Actoral Mawen<\/p>\n\n\n\n<p>Luis Rodr\u00edguez Guti\u00e9rrez \/ Actor de la Compa\u00f1\u00eda M\u00fasica-Teatro Mawen<\/p>\n\n\n\n<p>Sergio Mej\u00eda \u00c1lvarez \/ Actor de la Compa\u00f1\u00eda M\u00fasica-Teatro Mawen<\/p>\n\n\n\n<p>Nani Sep\u00falveda Cid&nbsp;<strong>\/&nbsp;<\/strong>Gestora Cultural, Fundaci\u00f3n Mawen<\/p>\n\n\n\n<p><strong>Apoyo pedag\u00f3gico de guion:&nbsp;<\/strong>Miguel Malermo<strong><\/strong><\/p>\n\n\n\n<p><strong>Gesti\u00f3n y Coordinaci\u00f3n:<\/strong>&nbsp;Fundaci\u00f3n CorpArtes<\/p>\n\n\n\n<ul class=\"wp-block-list\"><li><strong><em>K\u00fcme monguen&nbsp;<\/em><\/strong><strong>(El buen vivir)<\/strong><strong><\/strong><\/li><\/ul>\n\n\n\n<p>Sinopsis:&nbsp;Luego de vivir durante la pandemia por Covid-19 en el campo con su abuelo, Margarita vuelve a asistir a clases presenciales en su colegio de Santiago. All\u00ed, buscar\u00e1 transmitirles a sus compa\u00f1eros las experiencias vividas en los bosques, trabajando la madera y tallando juguetes. Pero para Tom\u00e1s, uno de sus mejores amigos, todo esto suena muy aburrido, sobre todo el tener que crear sus propios juguetes cuando los puede comprar.<\/p>\n\n\n\n<p>En este relato, creado colectivamente por ni\u00f1os, ni\u00f1as y docentes de centros de protecci\u00f3n del&nbsp;Servicio Local de Educaci\u00f3n P\u00fablica Barranca, se busca poner en relevancia el tema de la sustentabilidad y la necesidad de reducir residuos, reciclar y reutilizar materiales.&nbsp;<\/p>\n\n\n\n<p><strong>Ilustraciones y animaci\u00f3n:&nbsp;<\/strong>Paula Baccelliere<\/p>\n\n\n\n<p><strong>Guion:<\/strong><\/p>\n\n\n\n<p><strong>Escuela Especial Quillahue:<\/strong><\/p>\n\n\n\n<ul class=\"wp-block-list\"><li>Alonso Lillo Lorca<\/li><li>Madeline \u00c1vila L\u00f3pez.<\/li><\/ul>\n\n\n\n<p><strong>Escuela Paulo Freire:<\/strong><\/p>\n\n\n\n<ul class=\"wp-block-list\"><li>Natacha Peinalillo<\/li><li>Sergio Villaroel&nbsp;<\/li><li>Martina Celis&nbsp;<\/li><li>Valentina Mar\u00edn<\/li><li>Profesora Myriam Juanico Blanco.<\/li><\/ul>\n\n\n\n<p><strong>\u00c1rea&nbsp;de&nbsp;Formaci\u00f3n&nbsp;integral Extraescolar SLEP<\/strong><\/p>\n\n\n\n<ul class=\"wp-block-list\"><li>Jos\u00e9 Garrido Guzm\u00e1n&nbsp;<\/li><\/ul>\n\n\n\n<p><strong>Apoyo pedag\u00f3gico de guion:&nbsp;<\/strong>Miguel Malermo<strong><\/strong><\/p>\n\n\n\n<p><strong>Gesti\u00f3n y Coordinaci\u00f3n:<\/strong>&nbsp;Fundaci\u00f3n CorpArtes<\/p>\n\n\n\n<ul class=\"wp-block-list\"><li><strong><em>El viaje de Jonathan<\/em><\/strong><\/li><\/ul>\n\n\n\n<p>Sinopsis:&nbsp;Jonathan es un astronauta chileno que viaja por el espacio con una misi\u00f3n muy importante: encontrar un nuevo planeta donde existan r\u00edos limpios y suelos donde pueda crecer la naturaleza. A medida que su nave va avanzando por el espacio, va recordando c\u00f3mo la Tierra se ha ido deteriorando con el tiempo por las acciones de las personas, llen\u00e1ndose de basura y haciendo irrespirable el aire. \u00bfPodr\u00e1 encontrar alguna soluci\u00f3n para que la humanidad pueda seguir existiendo?<\/p>\n\n\n\n<p>Esta historia fue creada por los ni\u00f1os, ni\u00f1as y terapeutas de Fundaci\u00f3n Ciudad del Ni\u00f1o, y busca crear conciencia sobre el cuidado del medio ambiente.<\/p>\n","protected":false},"excerpt":{"rendered":"<div class=\"pvc_clear\"><\/div>\n<p id=\"pvc_stats_27850\" class=\"pvc_stats total_only  \" data-element-id=\"27850\" style=\"\"><i class=\"pvc-stats-icon large\" aria-hidden=\"true\"><svg aria-hidden=\"true\" focusable=\"false\" data-prefix=\"far\" data-icon=\"chart-bar\" role=\"img\" xmlns=\"http:\/\/www.w3.org\/2000\/svg\" viewBox=\"0 0 512 512\" class=\"svg-inline--fa fa-chart-bar fa-w-16 fa-2x\"><path fill=\"currentColor\" d=\"M396.8 352h22.4c6.4 0 12.8-6.4 12.8-12.8V108.8c0-6.4-6.4-12.8-12.8-12.8h-22.4c-6.4 0-12.8 6.4-12.8 12.8v230.4c0 6.4 6.4 12.8 12.8 12.8zm-192 0h22.4c6.4 0 12.8-6.4 12.8-12.8V140.8c0-6.4-6.4-12.8-12.8-12.8h-22.4c-6.4 0-12.8 6.4-12.8 12.8v198.4c0 6.4 6.4 12.8 12.8 12.8zm96 0h22.4c6.4 0 12.8-6.4 12.8-12.8V204.8c0-6.4-6.4-12.8-12.8-12.8h-22.4c-6.4 0-12.8 6.4-12.8 12.8v134.4c0 6.4 6.4 12.8 12.8 12.8zM496 400H48V80c0-8.84-7.16-16-16-16H16C7.16 64 0 71.16 0 80v336c0 17.67 14.33 32 32 32h464c8.84 0 16-7.16 16-16v-16c0-8.84-7.16-16-16-16zm-387.2-48h22.4c6.4 0 12.8-6.4 12.8-12.8v-70.4c0-6.4-6.4-12.8-12.8-12.8h-22.4c-6.4 0-12.8 6.4-12.8 12.8v70.4c0 6.4 6.4 12.8 12.8 12.8z\" class=\"\"><\/path><\/svg><\/i> <img loading=\"lazy\" decoding=\"async\" width=\"16\" height=\"16\" alt=\"Loading\" src=\"https:\/\/temucotelevision.cl\/web\/wp-content\/plugins\/page-views-count\/ajax-loader-2x.gif\" border=0 \/><\/p>\n<div class=\"pvc_clear\"><\/div>\n<p>Titulado&nbsp;Un mismo cielo para todos,&nbsp;la producci\u00f3n en stop motion busca poner en relevancia el rol que juegan las artes en<\/p>\n","protected":false},"author":1,"featured_media":27851,"comment_status":"open","ping_status":"open","sticky":false,"template":"","format":"standard","meta":{"colormag_page_container_layout":"default_layout","colormag_page_sidebar_layout":"default_layout","footnotes":""},"categories":[86],"tags":[4857,4856,1131,609],"class_list":["post-27850","post","type-post","status-publish","format-standard","has-post-thumbnail","hentry","category-panoramas","tag-corpartes","tag-cortometraje","tag-discapacidad","tag-estreno"],"a3_pvc":{"activated":true,"total_views":62,"today_views":0},"_links":{"self":[{"href":"https:\/\/temucotelevision.cl\/web\/wp-json\/wp\/v2\/posts\/27850","targetHints":{"allow":["GET"]}}],"collection":[{"href":"https:\/\/temucotelevision.cl\/web\/wp-json\/wp\/v2\/posts"}],"about":[{"href":"https:\/\/temucotelevision.cl\/web\/wp-json\/wp\/v2\/types\/post"}],"author":[{"embeddable":true,"href":"https:\/\/temucotelevision.cl\/web\/wp-json\/wp\/v2\/users\/1"}],"replies":[{"embeddable":true,"href":"https:\/\/temucotelevision.cl\/web\/wp-json\/wp\/v2\/comments?post=27850"}],"version-history":[{"count":1,"href":"https:\/\/temucotelevision.cl\/web\/wp-json\/wp\/v2\/posts\/27850\/revisions"}],"predecessor-version":[{"id":27852,"href":"https:\/\/temucotelevision.cl\/web\/wp-json\/wp\/v2\/posts\/27850\/revisions\/27852"}],"wp:featuredmedia":[{"embeddable":true,"href":"https:\/\/temucotelevision.cl\/web\/wp-json\/wp\/v2\/media\/27851"}],"wp:attachment":[{"href":"https:\/\/temucotelevision.cl\/web\/wp-json\/wp\/v2\/media?parent=27850"}],"wp:term":[{"taxonomy":"category","embeddable":true,"href":"https:\/\/temucotelevision.cl\/web\/wp-json\/wp\/v2\/categories?post=27850"},{"taxonomy":"post_tag","embeddable":true,"href":"https:\/\/temucotelevision.cl\/web\/wp-json\/wp\/v2\/tags?post=27850"}],"curies":[{"name":"wp","href":"https:\/\/api.w.org\/{rel}","templated":true}]}}