{"id":27847,"date":"2021-12-03T16:41:35","date_gmt":"2021-12-03T19:41:35","guid":{"rendered":"https:\/\/temucotelevision.cl\/web\/?p=27847"},"modified":"2021-12-03T16:41:36","modified_gmt":"2021-12-03T19:41:36","slug":"equipo-mt-0-villarrica-detiene-a-tres-personas-por-cultivo-y-microtrafico-de-drogas","status":"publish","type":"post","link":"https:\/\/temucotelevision.cl\/web\/2021\/12\/03\/equipo-mt-0-villarrica-detiene-a-tres-personas-por-cultivo-y-microtrafico-de-drogas\/","title":{"rendered":"Equipo MT-0 Villarrica detiene a tres personas por cultivo y microtr\u00e1fico de drogas"},"content":{"rendered":"<div class=\"pvc_clear\"><\/div><p id=\"pvc_stats_27847\" class=\"pvc_stats total_only  \" data-element-id=\"27847\" style=\"\"><i class=\"pvc-stats-icon large\" aria-hidden=\"true\"><svg aria-hidden=\"true\" focusable=\"false\" data-prefix=\"far\" data-icon=\"chart-bar\" role=\"img\" xmlns=\"http:\/\/www.w3.org\/2000\/svg\" viewBox=\"0 0 512 512\" class=\"svg-inline--fa fa-chart-bar fa-w-16 fa-2x\"><path fill=\"currentColor\" d=\"M396.8 352h22.4c6.4 0 12.8-6.4 12.8-12.8V108.8c0-6.4-6.4-12.8-12.8-12.8h-22.4c-6.4 0-12.8 6.4-12.8 12.8v230.4c0 6.4 6.4 12.8 12.8 12.8zm-192 0h22.4c6.4 0 12.8-6.4 12.8-12.8V140.8c0-6.4-6.4-12.8-12.8-12.8h-22.4c-6.4 0-12.8 6.4-12.8 12.8v198.4c0 6.4 6.4 12.8 12.8 12.8zm96 0h22.4c6.4 0 12.8-6.4 12.8-12.8V204.8c0-6.4-6.4-12.8-12.8-12.8h-22.4c-6.4 0-12.8 6.4-12.8 12.8v134.4c0 6.4 6.4 12.8 12.8 12.8zM496 400H48V80c0-8.84-7.16-16-16-16H16C7.16 64 0 71.16 0 80v336c0 17.67 14.33 32 32 32h464c8.84 0 16-7.16 16-16v-16c0-8.84-7.16-16-16-16zm-387.2-48h22.4c6.4 0 12.8-6.4 12.8-12.8v-70.4c0-6.4-6.4-12.8-12.8-12.8h-22.4c-6.4 0-12.8 6.4-12.8 12.8v70.4c0 6.4 6.4 12.8 12.8 12.8z\" class=\"\"><\/path><\/svg><\/i> <img loading=\"lazy\" decoding=\"async\" width=\"16\" height=\"16\" alt=\"Loading\" src=\"https:\/\/temucotelevision.cl\/web\/wp-content\/plugins\/page-views-count\/ajax-loader-2x.gif\" border=0 \/><\/p><div class=\"pvc_clear\"><\/div>\n<p>En coordinaci\u00f3n con la Fiscal\u00eda local de Puc\u00f3n y previo an\u00e1lisis delictual, el equipo de Microtr\u00e1fico Cero (MT-0) de la Brigada de Investigaci\u00f3n Criminal (Bicrim) Villarrica, detuvo a tres hombres -mayores de edad-, por cultivo y microtr\u00e1fico de drogas.<\/p>\n\n\n\n<p>El subprefecto Yerko Araya, jefe de la Bicrim Villarrica precis\u00f3 que \u201cel d\u00eda de ayer -2 de diciembre- el equipo de Microtr\u00e1fico Cero de la PDI Villarrica, en virtud a una orden de investigar por el delito de cultivo o cosecha de estupefacientes, iniciada por una denuncia a trav\u00e9s del programa Denuncia Seguro de la Subsecretaria de Prevenci\u00f3n del Delito, realizaron una entrada y registro en un domicilio de Puc\u00f3n, logrando la detenci\u00f3n de tres sujetos mayores de edad, uno de ellos de nacionalidad argentina\u201d<\/p>\n\n\n\n<p>En el operativo se logr\u00f3 incautar 11 matas de cannabis sativa, adem\u00e1s de 255,98 gramos de cannabis, dinero en efectivo, elementos de pesaje, tres tel\u00e9fonos celulares y un kit indoor para la mantenci\u00f3n de las especies.<\/p>\n\n\n\n<p><a><\/a>El fiscal a cargo de la investigaci\u00f3n instruy\u00f3 que los detenidos fueran puestos a disposici\u00f3n del Juzgado de Garant\u00eda de Puc\u00f3n el d\u00eda de hoy -viernes 3 de diciembre- para realizar el respectivo control de detenci\u00f3n.<\/p>\n\n\n\n<p><\/p>\n\n\n\n<p>En coordinaci\u00f3n con la Fiscal\u00eda local de Puc\u00f3n y previo an\u00e1lisis delictual, el equipo de Microtr\u00e1fico Cero (MT-0) de la Brigada de Investigaci\u00f3n Criminal (Bicrim) Villarrica, detuvo a tres hombres -mayores de edad-, por cultivo y microtr\u00e1fico de drogas.<\/p>\n\n\n\n<p>El subprefecto Yerko Araya, jefe de la Bicrim Villarrica precis\u00f3 que \u201cel d\u00eda de ayer -2 de diciembre- el equipo de Microtr\u00e1fico Cero de la PDI Villarrica, en virtud a una orden de investigar por el delito de cultivo o cosecha de estupefacientes, iniciada por una denuncia a trav\u00e9s del programa Denuncia Seguro de la Subsecretaria de Prevenci\u00f3n del Delito, realizaron una entrada y registro en un domicilio de Puc\u00f3n, logrando la detenci\u00f3n de tres sujetos mayores de edad, uno de ellos de nacionalidad argentina\u201d<\/p>\n\n\n\n<p>En el operativo se logr\u00f3 incautar 11 matas de cannabis sativa, adem\u00e1s de 255,98 gramos de cannabis, dinero en efectivo, elementos de pesaje, tres tel\u00e9fonos celulares y un kit indoor para la mantenci\u00f3n de las especies.<\/p>\n\n\n\n<p><a><\/a>El fiscal a cargo de la investigaci\u00f3n instruy\u00f3 que los detenidos fueran puestos a disposici\u00f3n del Juzgado de Garant\u00eda de Puc\u00f3n el d\u00eda de hoy -viernes 3 de diciembre- para realizar el respectivo control de detenci\u00f3n.<\/p>\n","protected":false},"excerpt":{"rendered":"<div class=\"pvc_clear\"><\/div>\n<p id=\"pvc_stats_27847\" class=\"pvc_stats total_only  \" data-element-id=\"27847\" style=\"\"><i class=\"pvc-stats-icon large\" aria-hidden=\"true\"><svg aria-hidden=\"true\" focusable=\"false\" data-prefix=\"far\" data-icon=\"chart-bar\" role=\"img\" xmlns=\"http:\/\/www.w3.org\/2000\/svg\" viewBox=\"0 0 512 512\" class=\"svg-inline--fa fa-chart-bar fa-w-16 fa-2x\"><path fill=\"currentColor\" d=\"M396.8 352h22.4c6.4 0 12.8-6.4 12.8-12.8V108.8c0-6.4-6.4-12.8-12.8-12.8h-22.4c-6.4 0-12.8 6.4-12.8 12.8v230.4c0 6.4 6.4 12.8 12.8 12.8zm-192 0h22.4c6.4 0 12.8-6.4 12.8-12.8V140.8c0-6.4-6.4-12.8-12.8-12.8h-22.4c-6.4 0-12.8 6.4-12.8 12.8v198.4c0 6.4 6.4 12.8 12.8 12.8zm96 0h22.4c6.4 0 12.8-6.4 12.8-12.8V204.8c0-6.4-6.4-12.8-12.8-12.8h-22.4c-6.4 0-12.8 6.4-12.8 12.8v134.4c0 6.4 6.4 12.8 12.8 12.8zM496 400H48V80c0-8.84-7.16-16-16-16H16C7.16 64 0 71.16 0 80v336c0 17.67 14.33 32 32 32h464c8.84 0 16-7.16 16-16v-16c0-8.84-7.16-16-16-16zm-387.2-48h22.4c6.4 0 12.8-6.4 12.8-12.8v-70.4c0-6.4-6.4-12.8-12.8-12.8h-22.4c-6.4 0-12.8 6.4-12.8 12.8v70.4c0 6.4 6.4 12.8 12.8 12.8z\" class=\"\"><\/path><\/svg><\/i> <img loading=\"lazy\" decoding=\"async\" width=\"16\" height=\"16\" alt=\"Loading\" src=\"https:\/\/temucotelevision.cl\/web\/wp-content\/plugins\/page-views-count\/ajax-loader-2x.gif\" border=0 \/><\/p>\n<div class=\"pvc_clear\"><\/div>\n<p>En coordinaci\u00f3n con la Fiscal\u00eda local de Puc\u00f3n y previo an\u00e1lisis delictual, el equipo de Microtr\u00e1fico Cero (MT-0) de la<\/p>\n","protected":false},"author":1,"featured_media":27848,"comment_status":"open","ping_status":"open","sticky":false,"template":"","format":"standard","meta":{"colormag_page_container_layout":"default_layout","colormag_page_sidebar_layout":"default_layout","footnotes":""},"categories":[16],"tags":[539,328,77,2729],"class_list":["post-27847","post","type-post","status-publish","format-standard","has-post-thumbnail","hentry","category-policial","tag-cultivo","tag-detenidos","tag-drogas","tag-microtrafico"],"a3_pvc":{"activated":true,"total_views":54,"today_views":0},"_links":{"self":[{"href":"https:\/\/temucotelevision.cl\/web\/wp-json\/wp\/v2\/posts\/27847","targetHints":{"allow":["GET"]}}],"collection":[{"href":"https:\/\/temucotelevision.cl\/web\/wp-json\/wp\/v2\/posts"}],"about":[{"href":"https:\/\/temucotelevision.cl\/web\/wp-json\/wp\/v2\/types\/post"}],"author":[{"embeddable":true,"href":"https:\/\/temucotelevision.cl\/web\/wp-json\/wp\/v2\/users\/1"}],"replies":[{"embeddable":true,"href":"https:\/\/temucotelevision.cl\/web\/wp-json\/wp\/v2\/comments?post=27847"}],"version-history":[{"count":1,"href":"https:\/\/temucotelevision.cl\/web\/wp-json\/wp\/v2\/posts\/27847\/revisions"}],"predecessor-version":[{"id":27849,"href":"https:\/\/temucotelevision.cl\/web\/wp-json\/wp\/v2\/posts\/27847\/revisions\/27849"}],"wp:featuredmedia":[{"embeddable":true,"href":"https:\/\/temucotelevision.cl\/web\/wp-json\/wp\/v2\/media\/27848"}],"wp:attachment":[{"href":"https:\/\/temucotelevision.cl\/web\/wp-json\/wp\/v2\/media?parent=27847"}],"wp:term":[{"taxonomy":"category","embeddable":true,"href":"https:\/\/temucotelevision.cl\/web\/wp-json\/wp\/v2\/categories?post=27847"},{"taxonomy":"post_tag","embeddable":true,"href":"https:\/\/temucotelevision.cl\/web\/wp-json\/wp\/v2\/tags?post=27847"}],"curies":[{"name":"wp","href":"https:\/\/api.w.org\/{rel}","templated":true}]}}