{"id":27841,"date":"2021-12-03T16:10:46","date_gmt":"2021-12-03T19:10:46","guid":{"rendered":"https:\/\/temucotelevision.cl\/web\/?p=27841"},"modified":"2021-12-03T16:10:48","modified_gmt":"2021-12-03T19:10:48","slug":"teleton-2021-asi-sera-la-teleton-y-sus-27-horas-de-transmision-televisiva","status":"publish","type":"post","link":"https:\/\/temucotelevision.cl\/web\/2021\/12\/03\/teleton-2021-asi-sera-la-teleton-y-sus-27-horas-de-transmision-televisiva\/","title":{"rendered":"Telet\u00f3n 2021: As\u00ed ser\u00e1 la Telet\u00f3n y sus 27 horas de transmisi\u00f3n televisiva"},"content":{"rendered":"<div class=\"pvc_clear\"><\/div><p id=\"pvc_stats_27841\" class=\"pvc_stats total_only  \" data-element-id=\"27841\" style=\"\"><i class=\"pvc-stats-icon large\" aria-hidden=\"true\"><svg aria-hidden=\"true\" focusable=\"false\" data-prefix=\"far\" data-icon=\"chart-bar\" role=\"img\" xmlns=\"http:\/\/www.w3.org\/2000\/svg\" viewBox=\"0 0 512 512\" class=\"svg-inline--fa fa-chart-bar fa-w-16 fa-2x\"><path fill=\"currentColor\" d=\"M396.8 352h22.4c6.4 0 12.8-6.4 12.8-12.8V108.8c0-6.4-6.4-12.8-12.8-12.8h-22.4c-6.4 0-12.8 6.4-12.8 12.8v230.4c0 6.4 6.4 12.8 12.8 12.8zm-192 0h22.4c6.4 0 12.8-6.4 12.8-12.8V140.8c0-6.4-6.4-12.8-12.8-12.8h-22.4c-6.4 0-12.8 6.4-12.8 12.8v198.4c0 6.4 6.4 12.8 12.8 12.8zm96 0h22.4c6.4 0 12.8-6.4 12.8-12.8V204.8c0-6.4-6.4-12.8-12.8-12.8h-22.4c-6.4 0-12.8 6.4-12.8 12.8v134.4c0 6.4 6.4 12.8 12.8 12.8zM496 400H48V80c0-8.84-7.16-16-16-16H16C7.16 64 0 71.16 0 80v336c0 17.67 14.33 32 32 32h464c8.84 0 16-7.16 16-16v-16c0-8.84-7.16-16-16-16zm-387.2-48h22.4c6.4 0 12.8-6.4 12.8-12.8v-70.4c0-6.4-6.4-12.8-12.8-12.8h-22.4c-6.4 0-12.8 6.4-12.8 12.8v70.4c0 6.4 6.4 12.8 12.8 12.8z\" class=\"\"><\/path><\/svg><\/i> <img loading=\"lazy\" decoding=\"async\" width=\"16\" height=\"16\" alt=\"Loading\" src=\"https:\/\/temucotelevision.cl\/web\/wp-content\/plugins\/page-views-count\/ajax-loader-2x.gif\" border=0 \/><\/p><div class=\"pvc_clear\"><\/div>\n<p><em>A las 22 horas de este viernes 03 de comienza una nueva versi\u00f3n de la jornada solidaria por la rehabilitaci\u00f3n de ni\u00f1os, ni\u00f1as y j\u00f3venes en situaci\u00f3n de discapacidad. Aqu\u00ed te contamos algunos de los artistas y sorpresas con que contar\u00e1 el show del Teatro Telet\u00f3n.&nbsp;&nbsp;<\/em><\/p>\n\n\n\n<p>A pocas horas para iniciar esta nueva versi\u00f3n de Telet\u00f3n, el programa se alista con novedades y contenidos cl\u00e1sicos que lo caracterizan. Este 3 y 4 de diciembre comenzar\u00e1 el show televisivo de transmisi\u00f3n ininterrumpida de 27 horas, volviendo a la duraci\u00f3n hist\u00f3rica de a\u00f1os anteriores. Abordar\u00e1 diferentes momentos de entretenci\u00f3n, historias y motivar\u00e1 a participar de esta gran cruzada por la rehabilitaci\u00f3n.<\/p>\n\n\n\n<p>El programa tendr\u00e1 un formato h\u00edbrido y ser\u00e1 realizado exclusivamente desde el Teatro Telet\u00f3n. Esto debido al contexto de pandemia por COVID\u201319, y el estricto respeto a los protocolos sanitarios. Para resguardar la salud del p\u00fablico reducido que asista y todo el staff involucrado en esta producci\u00f3n televisiva, deber\u00e1n pasar por controles preventivos.<\/p>\n\n\n\n<p>Sin embargo, la audiencia desde sus hogares podr\u00e1 hacer un seguimiento completo desde diferentes plataformas, como la televisi\u00f3n y todas las redes sociales.<\/p>\n\n\n\n<p>En cuanto a la organizaci\u00f3n del programa, este constar\u00e1 de 6 bloques para todos los gustos. El primer bloque, dirigido por Pablo Manr\u00edquez, iniciar\u00e1 con una gran obertura musical que incluir\u00e1 danza y tendr\u00e1 un enfoque especial en los deportistas paral\u00edmpicos nacionales. En este segmento se les rendir\u00e1 homenaje por su desempe\u00f1o y representaci\u00f3n de Chile y contar\u00e1 con la participaci\u00f3n del nadador y medallista paral\u00edmpico, Alberto Abarza.<\/p>\n\n\n\n<p>Adem\u00e1s, se presentar\u00e1 la cantante nacional Myriam Hern\u00e1ndez, Luis Jara y Jos\u00e9 Luis \u201cPuma\u201d Rodr\u00edguez, dotando al momento el toque rom\u00e1ntico.<\/p>\n\n\n\n<p>Ya avanzada la noche, en el segundo bloque de 2:00 a 7:00 horas dirigido por Gonzalo Cordero, tendr\u00e1 una mirada juvenil, enfocado en una mezcla de humor, m\u00fasica y juegos.<\/p>\n\n\n\n<p>Este segmento de \u201cCarrete-t\u00f3n\u201d ser\u00e1 conducido por Millaray Viera, Daniel \u201cHuevo\u201d Fuenzalida, Mart\u00edn C\u00e1rcamo y Luis Jara. Contar\u00e1 con concurso de Cosplay, batallas de freestyle, presentaciones musicales y rutinas de humor.<\/p>\n\n\n\n<p>A las 04:30 horas, el programa cambiar\u00e1 de din\u00e1mica y se transportar\u00e1 m\u00e1s all\u00e1 de la atm\u00f3sfera. Junto al astr\u00f3nomo y profesor Jos\u00e9 Maza, se transmitir\u00e1 un evento astron\u00f3mico de inter\u00e9s: el \u00faltimo eclipse solar del a\u00f1o visible desde la Ant\u00e1rtica.<\/p>\n\n\n\n<p>Tras una noche llena de actividades, de 07:00 horas a mediod\u00eda comenzar\u00e1 el d\u00eda con \u201cEl Desayuno de Chile\u201d, bajo la direcci\u00f3n de Pablo Hern\u00e1ndez. Las familias podr\u00e1n despertar y seguir la transmisi\u00f3n con un momento de encuentro de Don Francisco y locatarios de San Bernardo. El momento constar\u00e1 con un esquinazo, cueca y artistas folcl\u00f3ricos.<\/p>\n\n\n\n<p>A trav\u00e9s de la conducci\u00f3n de Diana y Cecilia Bolocco, Pancho Saavedra y Mart\u00edn C\u00e1rcamo, habr\u00e1 un momento especial pensado en los m\u00e1s peque\u00f1os de la casa con las canciones de \u201cEl Perro Chocolo\u201d, \u201cSinergia Kids\u201d y presentaci\u00f3n de artes circenses a cargo del circo de \u201cPastelito y Tachuela Chico\u201d.<\/p>\n\n\n\n<p>En el cuarto bloque, de 12:00 a 16:00 horas y dirigido por Nicol\u00e1s Ortiz, se repasar\u00e1n los mejores momentos de Telet\u00f3n. Este espacio dedicado a los mayores de la familia ser\u00e1 un momento de grandes recuerdos y nostalgia.<\/p>\n\n\n\n<p>Ya avanzada la tarde, iniciar\u00e1 el bloque cinco de 16:00 a 21:00 horas bajo la direcci\u00f3n de Carlos Gaete, este espacio busca ser un momento de reflexi\u00f3n y motivaci\u00f3n para que las personas participen de la donaci\u00f3n.<\/p>\n\n\n\n<p>Adem\u00e1s, se realizar\u00e1 la \u201cRadiot\u00f3n\u201d en la que se presentar\u00e1n los mejores dobles de artistas cl\u00e1sicos de todos los tiempos.<\/p>\n\n\n\n<p>Junto a esto, se har\u00e1 un espacio de homenaje llamado \u201cEn memoria de los que ya no est\u00e1n\u201d, donde se recordar\u00e1 a Patricio Manns, Armando Manzanero, Rafaella Carr\u00e1, entre otros.<\/p>\n\n\n\n<p>Finalmente, en el bloque final cerrar\u00e1 el programa con un espect\u00e1culo potente dirigido por Carlos Mart\u00ed. De 22:00 a 01:00 horas el Teatro ser\u00e1 escenario de grandes artistas como Tommy Rey, dotando de un momento bailable.<\/p>\n\n\n\n<p>Adem\u00e1s, se conmemorar\u00e1n los 20 a\u00f1os de trayectoria de Axe Bah\u00eda, quienes se reunir\u00e1n para presentarse en la Telet\u00f3n de este a\u00f1o. Tambi\u00e9n contar\u00e1 con la presentaci\u00f3n de Ricardo Montaner y \u201cEl Puma\u201d Rodr\u00edguez.<\/p>\n\n\n\n<p>Este momento final buscar\u00e1 motivar a la donaci\u00f3n para lograr llegar a la meta y continuar con la rehabilitaci\u00f3n de los m\u00e1s de 30 mil ni\u00f1os, ni\u00f1as y j\u00f3venes de Arica a Coyhaique.<\/p>\n","protected":false},"excerpt":{"rendered":"<div class=\"pvc_clear\"><\/div>\n<p id=\"pvc_stats_27841\" class=\"pvc_stats total_only  \" data-element-id=\"27841\" style=\"\"><i class=\"pvc-stats-icon large\" aria-hidden=\"true\"><svg aria-hidden=\"true\" focusable=\"false\" data-prefix=\"far\" data-icon=\"chart-bar\" role=\"img\" xmlns=\"http:\/\/www.w3.org\/2000\/svg\" viewBox=\"0 0 512 512\" class=\"svg-inline--fa fa-chart-bar fa-w-16 fa-2x\"><path fill=\"currentColor\" d=\"M396.8 352h22.4c6.4 0 12.8-6.4 12.8-12.8V108.8c0-6.4-6.4-12.8-12.8-12.8h-22.4c-6.4 0-12.8 6.4-12.8 12.8v230.4c0 6.4 6.4 12.8 12.8 12.8zm-192 0h22.4c6.4 0 12.8-6.4 12.8-12.8V140.8c0-6.4-6.4-12.8-12.8-12.8h-22.4c-6.4 0-12.8 6.4-12.8 12.8v198.4c0 6.4 6.4 12.8 12.8 12.8zm96 0h22.4c6.4 0 12.8-6.4 12.8-12.8V204.8c0-6.4-6.4-12.8-12.8-12.8h-22.4c-6.4 0-12.8 6.4-12.8 12.8v134.4c0 6.4 6.4 12.8 12.8 12.8zM496 400H48V80c0-8.84-7.16-16-16-16H16C7.16 64 0 71.16 0 80v336c0 17.67 14.33 32 32 32h464c8.84 0 16-7.16 16-16v-16c0-8.84-7.16-16-16-16zm-387.2-48h22.4c6.4 0 12.8-6.4 12.8-12.8v-70.4c0-6.4-6.4-12.8-12.8-12.8h-22.4c-6.4 0-12.8 6.4-12.8 12.8v70.4c0 6.4 6.4 12.8 12.8 12.8z\" class=\"\"><\/path><\/svg><\/i> <img loading=\"lazy\" decoding=\"async\" width=\"16\" height=\"16\" alt=\"Loading\" src=\"https:\/\/temucotelevision.cl\/web\/wp-content\/plugins\/page-views-count\/ajax-loader-2x.gif\" border=0 \/><\/p>\n<div class=\"pvc_clear\"><\/div>\n<p>A las 22 horas de este viernes 03 de comienza una nueva versi\u00f3n de la jornada solidaria por la rehabilitaci\u00f3n<\/p>\n","protected":false},"author":1,"featured_media":27842,"comment_status":"open","ping_status":"open","sticky":false,"template":"","format":"standard","meta":{"colormag_page_container_layout":"default_layout","colormag_page_sidebar_layout":"default_layout","footnotes":""},"categories":[86,14],"tags":[1989,4855,3313],"class_list":["post-27841","post","type-post","status-publish","format-standard","has-post-thumbnail","hentry","category-panoramas","category-temuco","tag-teleton","tag-television","tag-transmision"],"a3_pvc":{"activated":true,"total_views":48,"today_views":0},"_links":{"self":[{"href":"https:\/\/temucotelevision.cl\/web\/wp-json\/wp\/v2\/posts\/27841","targetHints":{"allow":["GET"]}}],"collection":[{"href":"https:\/\/temucotelevision.cl\/web\/wp-json\/wp\/v2\/posts"}],"about":[{"href":"https:\/\/temucotelevision.cl\/web\/wp-json\/wp\/v2\/types\/post"}],"author":[{"embeddable":true,"href":"https:\/\/temucotelevision.cl\/web\/wp-json\/wp\/v2\/users\/1"}],"replies":[{"embeddable":true,"href":"https:\/\/temucotelevision.cl\/web\/wp-json\/wp\/v2\/comments?post=27841"}],"version-history":[{"count":1,"href":"https:\/\/temucotelevision.cl\/web\/wp-json\/wp\/v2\/posts\/27841\/revisions"}],"predecessor-version":[{"id":27843,"href":"https:\/\/temucotelevision.cl\/web\/wp-json\/wp\/v2\/posts\/27841\/revisions\/27843"}],"wp:featuredmedia":[{"embeddable":true,"href":"https:\/\/temucotelevision.cl\/web\/wp-json\/wp\/v2\/media\/27842"}],"wp:attachment":[{"href":"https:\/\/temucotelevision.cl\/web\/wp-json\/wp\/v2\/media?parent=27841"}],"wp:term":[{"taxonomy":"category","embeddable":true,"href":"https:\/\/temucotelevision.cl\/web\/wp-json\/wp\/v2\/categories?post=27841"},{"taxonomy":"post_tag","embeddable":true,"href":"https:\/\/temucotelevision.cl\/web\/wp-json\/wp\/v2\/tags?post=27841"}],"curies":[{"name":"wp","href":"https:\/\/api.w.org\/{rel}","templated":true}]}}