{"id":27834,"date":"2021-12-03T15:59:10","date_gmt":"2021-12-03T18:59:10","guid":{"rendered":"https:\/\/temucotelevision.cl\/web\/?p=27834"},"modified":"2021-12-03T15:59:11","modified_gmt":"2021-12-03T18:59:11","slug":"hospital-de-villarrica-intensifica-campana-preventiva-del-vih","status":"publish","type":"post","link":"https:\/\/temucotelevision.cl\/web\/2021\/12\/03\/hospital-de-villarrica-intensifica-campana-preventiva-del-vih\/","title":{"rendered":"Hospital de Villarrica intensifica campa\u00f1a preventiva del VIH"},"content":{"rendered":"<div class=\"pvc_clear\"><\/div><p id=\"pvc_stats_27834\" class=\"pvc_stats total_only  \" data-element-id=\"27834\" style=\"\"><i class=\"pvc-stats-icon large\" aria-hidden=\"true\"><svg aria-hidden=\"true\" focusable=\"false\" data-prefix=\"far\" data-icon=\"chart-bar\" role=\"img\" xmlns=\"http:\/\/www.w3.org\/2000\/svg\" viewBox=\"0 0 512 512\" class=\"svg-inline--fa fa-chart-bar fa-w-16 fa-2x\"><path fill=\"currentColor\" d=\"M396.8 352h22.4c6.4 0 12.8-6.4 12.8-12.8V108.8c0-6.4-6.4-12.8-12.8-12.8h-22.4c-6.4 0-12.8 6.4-12.8 12.8v230.4c0 6.4 6.4 12.8 12.8 12.8zm-192 0h22.4c6.4 0 12.8-6.4 12.8-12.8V140.8c0-6.4-6.4-12.8-12.8-12.8h-22.4c-6.4 0-12.8 6.4-12.8 12.8v198.4c0 6.4 6.4 12.8 12.8 12.8zm96 0h22.4c6.4 0 12.8-6.4 12.8-12.8V204.8c0-6.4-6.4-12.8-12.8-12.8h-22.4c-6.4 0-12.8 6.4-12.8 12.8v134.4c0 6.4 6.4 12.8 12.8 12.8zM496 400H48V80c0-8.84-7.16-16-16-16H16C7.16 64 0 71.16 0 80v336c0 17.67 14.33 32 32 32h464c8.84 0 16-7.16 16-16v-16c0-8.84-7.16-16-16-16zm-387.2-48h22.4c6.4 0 12.8-6.4 12.8-12.8v-70.4c0-6.4-6.4-12.8-12.8-12.8h-22.4c-6.4 0-12.8 6.4-12.8 12.8v70.4c0 6.4 6.4 12.8 12.8 12.8z\" class=\"\"><\/path><\/svg><\/i> <img loading=\"lazy\" decoding=\"async\" width=\"16\" height=\"16\" alt=\"Loading\" src=\"https:\/\/temucotelevision.cl\/web\/wp-content\/plugins\/page-views-count\/ajax-loader-2x.gif\" border=0 \/><\/p><div class=\"pvc_clear\"><\/div>\n<p><strong>El llamado a realizarse ex\u00e1menes y tener conductas responsables, se realiz\u00f3 en el marco de la celebraci\u00f3n del d\u00eda mundial de la lucha contra el VIH.<\/strong><\/p>\n\n\n\n<p>Sum\u00e1ndose a la conmemoraci\u00f3n del d\u00eda mundial contra el VIH Sida, el Hospital de Villarrica en una manera de contribuir a la prevenci\u00f3n de nuevos contagios, especialmente entre los m\u00e1s j\u00f3venes, dispuso a una serie de profesionales, desarrollado diversas actividades de promoci\u00f3n preventiva de la enfermedad, entre ellas la visita a medios de comunicaci\u00f3n de la comuna donde respondieron dudas y consultas, hablaron sobre la tem\u00e1tica, prevenci\u00f3n, e insistieron en la necesidad de &nbsp;realizarse el test r\u00e1pido del VIH de forma gratuita y confidencial en el centro hospitalario.<\/p>\n\n\n\n<p><strong>Ex\u00e1menes gratuitos<\/strong><\/p>\n\n\n\n<p>Los ex\u00e1menes para la detecci\u00f3n del VIH (Test r\u00e1pido y Test de Elisa) se constituyen en la \u00fanica herramienta que puede detectar la presencia de esta enfermedad, por ello \u201cla invitaci\u00f3n es que todas las personas que deseen hacerse el examen, puedan acercarse hasta el Hospital de Villarrica, espec\u00edficamente hasta el laboratorio, donde s\u00f3lo portando su c\u00e9dula de identidad podr\u00e1n realizarse este examen de manera gratuita y confidencial\u201d, agreg\u00f3 la matrona del Hospital local, Mar\u00eda Jos\u00e9 Balboa Sandoval.&nbsp;<\/p>\n\n\n\n<p>Seg\u00fan lo descrito por la profesional, a nivel regional y seg\u00fan la estad\u00edstica que maneja el Servicio de Infectolog\u00eda del Hospital Regional Hern\u00e1n Henr\u00edquez Aravena, donde se concentra toda la poblaci\u00f3n en tratamiento y que es portadora del virus; los rangos de mayores casos est\u00e1n entre los 30 y 44 a\u00f1os, seguido el rango de 15 a 29 a\u00f1os, mediciones realizadas hasta el 31 de octubre del 2021.<\/p>\n\n\n\n<p>\u201cCabe destacar que las tres formas de transmisi\u00f3n del virus son: el contacto sexual, donde cobra mayor relevancia el uso del preservativo; las transfusiones sangu\u00edneas o donde hay inyecciones de drogas intravenosas y la transmisi\u00f3n vertical, es decir, durante la gestaci\u00f3n, el parto y la lactancia\u201d, agreg\u00f3 Balboa.<\/p>\n\n\n\n<p><strong>\u00bfCu\u00e1ndo comienza a conmemorarse el D\u00eda Mundial del SIDA?<\/strong><\/p>\n\n\n\n<p>Fue en Estados Unidos y bajo la consigna \u201cEnding the HIV Epidemic in the U.S.\u201d (Poner fin a la epidemia del VIH en los EE. UU.), que durante el a\u00f1o 1988 se declar\u00f3 el denominado \u201cD\u00eda Mundial del SIDA\u201d celebr\u00e1ndose cada 1 de diciembre y orientado a hacer un llamado mundial para apoyar los esfuerzos globales en la prevenci\u00f3n del VIH. Fecha en que las autoridades de salud de ese pa\u00eds y en el mundo en general se han sumado a concientizar sobre lo importante que es para la sociedad el poder disminuir los contagios y generar una cultura preventiva entre las nuevas generaciones.<\/p>\n","protected":false},"excerpt":{"rendered":"<div class=\"pvc_clear\"><\/div>\n<p id=\"pvc_stats_27834\" class=\"pvc_stats total_only  \" data-element-id=\"27834\" style=\"\"><i class=\"pvc-stats-icon large\" aria-hidden=\"true\"><svg aria-hidden=\"true\" focusable=\"false\" data-prefix=\"far\" data-icon=\"chart-bar\" role=\"img\" xmlns=\"http:\/\/www.w3.org\/2000\/svg\" viewBox=\"0 0 512 512\" class=\"svg-inline--fa fa-chart-bar fa-w-16 fa-2x\"><path fill=\"currentColor\" d=\"M396.8 352h22.4c6.4 0 12.8-6.4 12.8-12.8V108.8c0-6.4-6.4-12.8-12.8-12.8h-22.4c-6.4 0-12.8 6.4-12.8 12.8v230.4c0 6.4 6.4 12.8 12.8 12.8zm-192 0h22.4c6.4 0 12.8-6.4 12.8-12.8V140.8c0-6.4-6.4-12.8-12.8-12.8h-22.4c-6.4 0-12.8 6.4-12.8 12.8v198.4c0 6.4 6.4 12.8 12.8 12.8zm96 0h22.4c6.4 0 12.8-6.4 12.8-12.8V204.8c0-6.4-6.4-12.8-12.8-12.8h-22.4c-6.4 0-12.8 6.4-12.8 12.8v134.4c0 6.4 6.4 12.8 12.8 12.8zM496 400H48V80c0-8.84-7.16-16-16-16H16C7.16 64 0 71.16 0 80v336c0 17.67 14.33 32 32 32h464c8.84 0 16-7.16 16-16v-16c0-8.84-7.16-16-16-16zm-387.2-48h22.4c6.4 0 12.8-6.4 12.8-12.8v-70.4c0-6.4-6.4-12.8-12.8-12.8h-22.4c-6.4 0-12.8 6.4-12.8 12.8v70.4c0 6.4 6.4 12.8 12.8 12.8z\" class=\"\"><\/path><\/svg><\/i> <img loading=\"lazy\" decoding=\"async\" width=\"16\" height=\"16\" alt=\"Loading\" src=\"https:\/\/temucotelevision.cl\/web\/wp-content\/plugins\/page-views-count\/ajax-loader-2x.gif\" border=0 \/><\/p>\n<div class=\"pvc_clear\"><\/div>\n<p>El llamado a realizarse ex\u00e1menes y tener conductas responsables, se realiz\u00f3 en el marco de la celebraci\u00f3n del d\u00eda mundial<\/p>\n","protected":false},"author":1,"featured_media":27835,"comment_status":"open","ping_status":"open","sticky":false,"template":"","format":"standard","meta":{"colormag_page_container_layout":"default_layout","colormag_page_sidebar_layout":"default_layout","footnotes":""},"categories":[101],"tags":[532,128,234],"class_list":["post-27834","post","type-post","status-publish","format-standard","has-post-thumbnail","hentry","category-actualidad","tag-campana","tag-hospital","tag-vih"],"a3_pvc":{"activated":true,"total_views":63,"today_views":0},"_links":{"self":[{"href":"https:\/\/temucotelevision.cl\/web\/wp-json\/wp\/v2\/posts\/27834","targetHints":{"allow":["GET"]}}],"collection":[{"href":"https:\/\/temucotelevision.cl\/web\/wp-json\/wp\/v2\/posts"}],"about":[{"href":"https:\/\/temucotelevision.cl\/web\/wp-json\/wp\/v2\/types\/post"}],"author":[{"embeddable":true,"href":"https:\/\/temucotelevision.cl\/web\/wp-json\/wp\/v2\/users\/1"}],"replies":[{"embeddable":true,"href":"https:\/\/temucotelevision.cl\/web\/wp-json\/wp\/v2\/comments?post=27834"}],"version-history":[{"count":1,"href":"https:\/\/temucotelevision.cl\/web\/wp-json\/wp\/v2\/posts\/27834\/revisions"}],"predecessor-version":[{"id":27836,"href":"https:\/\/temucotelevision.cl\/web\/wp-json\/wp\/v2\/posts\/27834\/revisions\/27836"}],"wp:featuredmedia":[{"embeddable":true,"href":"https:\/\/temucotelevision.cl\/web\/wp-json\/wp\/v2\/media\/27835"}],"wp:attachment":[{"href":"https:\/\/temucotelevision.cl\/web\/wp-json\/wp\/v2\/media?parent=27834"}],"wp:term":[{"taxonomy":"category","embeddable":true,"href":"https:\/\/temucotelevision.cl\/web\/wp-json\/wp\/v2\/categories?post=27834"},{"taxonomy":"post_tag","embeddable":true,"href":"https:\/\/temucotelevision.cl\/web\/wp-json\/wp\/v2\/tags?post=27834"}],"curies":[{"name":"wp","href":"https:\/\/api.w.org\/{rel}","templated":true}]}}