{"id":27829,"date":"2021-12-03T15:45:45","date_gmt":"2021-12-03T18:45:45","guid":{"rendered":"https:\/\/temucotelevision.cl\/web\/?p=27829"},"modified":"2021-12-03T15:45:49","modified_gmt":"2021-12-03T18:45:49","slug":"evopoli-inicia-gira-nacional-en-apoyo-a-candidatura-de-jose-antonio-kast","status":"publish","type":"post","link":"https:\/\/temucotelevision.cl\/web\/2021\/12\/03\/evopoli-inicia-gira-nacional-en-apoyo-a-candidatura-de-jose-antonio-kast\/","title":{"rendered":"Ev\u00f3poli inicia gira nacional en apoyo a candidatura de Jos\u00e9 Antonio Kast"},"content":{"rendered":"<div class=\"pvc_clear\"><\/div><p id=\"pvc_stats_27829\" class=\"pvc_stats total_only  \" data-element-id=\"27829\" style=\"\"><i class=\"pvc-stats-icon large\" aria-hidden=\"true\"><svg aria-hidden=\"true\" focusable=\"false\" data-prefix=\"far\" data-icon=\"chart-bar\" role=\"img\" xmlns=\"http:\/\/www.w3.org\/2000\/svg\" viewBox=\"0 0 512 512\" class=\"svg-inline--fa fa-chart-bar fa-w-16 fa-2x\"><path fill=\"currentColor\" d=\"M396.8 352h22.4c6.4 0 12.8-6.4 12.8-12.8V108.8c0-6.4-6.4-12.8-12.8-12.8h-22.4c-6.4 0-12.8 6.4-12.8 12.8v230.4c0 6.4 6.4 12.8 12.8 12.8zm-192 0h22.4c6.4 0 12.8-6.4 12.8-12.8V140.8c0-6.4-6.4-12.8-12.8-12.8h-22.4c-6.4 0-12.8 6.4-12.8 12.8v198.4c0 6.4 6.4 12.8 12.8 12.8zm96 0h22.4c6.4 0 12.8-6.4 12.8-12.8V204.8c0-6.4-6.4-12.8-12.8-12.8h-22.4c-6.4 0-12.8 6.4-12.8 12.8v134.4c0 6.4 6.4 12.8 12.8 12.8zM496 400H48V80c0-8.84-7.16-16-16-16H16C7.16 64 0 71.16 0 80v336c0 17.67 14.33 32 32 32h464c8.84 0 16-7.16 16-16v-16c0-8.84-7.16-16-16-16zm-387.2-48h22.4c6.4 0 12.8-6.4 12.8-12.8v-70.4c0-6.4-6.4-12.8-12.8-12.8h-22.4c-6.4 0-12.8 6.4-12.8 12.8v70.4c0 6.4 6.4 12.8 12.8 12.8z\" class=\"\"><\/path><\/svg><\/i> <img loading=\"lazy\" decoding=\"async\" width=\"16\" height=\"16\" alt=\"Loading\" src=\"https:\/\/temucotelevision.cl\/web\/wp-content\/plugins\/page-views-count\/ajax-loader-2x.gif\" border=0 \/><\/p><div class=\"pvc_clear\"><\/div>\n<p><em>Representantes del partido se desplegar\u00e1n en distintas regiones del pa\u00eds hasta el 16 de diciembre.<\/em><\/p>\n\n\n\n<p>Este jueves comenz\u00f3 la gira nacional de Ev\u00f3poli en apoyo a la candidatura de Jos\u00e9 Antonio Kast de cara a la segunda vuelta presidencial. De esta forma, la colectividad busca incentivar la participaci\u00f3n de la ciudadan\u00eda, promoviendo los valores de la libertad, la justicia y el desarrollo, en distintas regiones del pa\u00eds.<\/p>\n\n\n\n<p>La primera actividad fue el d\u00eda de ayer en Angol y cont\u00f3 con la participaci\u00f3n del senador de la regi\u00f3n, Felipe Kast y la secretaria general del partido, Luz Poblete. En tanto, este viernes recorrer\u00e1n los \u00c1ngeles y Concepci\u00f3n, reuni\u00e9ndose con distintas organizaciones y adherentes.<\/p>\n\n\n\n<p>Respecto a las motivaciones que llevaron a realizar una campa\u00f1a propia, Poblete asegur\u00f3 que \u201cestamos convencidos de que necesitamos recuperar la senda del progreso de los \u00faltimos 30 a\u00f1os, generando condiciones de estabilidad, seguridad y paz, que permitan a los habitantes de cada rinc\u00f3n de Chile, llevar a cabo sus proyectos de vida en un futuro gobierno\u201d.<\/p>\n\n\n\n<p>Por su parte, el senador Kast agreg\u00f3 que \u201cestamos invitando a las personas que en primera vuelta votaron por Sichel o incluso por Parisi, a que en esta segunda vuelta- primero- vayan a votar. No da lo mismo quien gobierna Chile en los pr\u00f3ximos cuatro a\u00f1os y por lo mismo desde Ev\u00f3poli no nos vamos a quedar de brazos cruzados\u201d.<\/p>\n\n\n\n<p>\u201cNo queremos que gobierne el Partido Comunista y el Frente Amplio. Creemos que tenemos que avanzar en vivir en un pa\u00eds en paz, con seguridad y con mayor cantidad de empleos y mejores sueldos\u201d, concluy\u00f3.<\/p>\n\n\n\n<p>La gira continuar\u00e1 hasta el 16 de diciembre y contempla actividades en el Maule, O&#8217;Higgins, Antofagasta, Coquimbo, Valpara\u00edso, la Metropolitana y Magallanes.<\/p>\n","protected":false},"excerpt":{"rendered":"<div class=\"pvc_clear\"><\/div>\n<p id=\"pvc_stats_27829\" class=\"pvc_stats total_only  \" data-element-id=\"27829\" style=\"\"><i class=\"pvc-stats-icon large\" aria-hidden=\"true\"><svg aria-hidden=\"true\" focusable=\"false\" data-prefix=\"far\" data-icon=\"chart-bar\" role=\"img\" xmlns=\"http:\/\/www.w3.org\/2000\/svg\" viewBox=\"0 0 512 512\" class=\"svg-inline--fa fa-chart-bar fa-w-16 fa-2x\"><path fill=\"currentColor\" d=\"M396.8 352h22.4c6.4 0 12.8-6.4 12.8-12.8V108.8c0-6.4-6.4-12.8-12.8-12.8h-22.4c-6.4 0-12.8 6.4-12.8 12.8v230.4c0 6.4 6.4 12.8 12.8 12.8zm-192 0h22.4c6.4 0 12.8-6.4 12.8-12.8V140.8c0-6.4-6.4-12.8-12.8-12.8h-22.4c-6.4 0-12.8 6.4-12.8 12.8v198.4c0 6.4 6.4 12.8 12.8 12.8zm96 0h22.4c6.4 0 12.8-6.4 12.8-12.8V204.8c0-6.4-6.4-12.8-12.8-12.8h-22.4c-6.4 0-12.8 6.4-12.8 12.8v134.4c0 6.4 6.4 12.8 12.8 12.8zM496 400H48V80c0-8.84-7.16-16-16-16H16C7.16 64 0 71.16 0 80v336c0 17.67 14.33 32 32 32h464c8.84 0 16-7.16 16-16v-16c0-8.84-7.16-16-16-16zm-387.2-48h22.4c6.4 0 12.8-6.4 12.8-12.8v-70.4c0-6.4-6.4-12.8-12.8-12.8h-22.4c-6.4 0-12.8 6.4-12.8 12.8v70.4c0 6.4 6.4 12.8 12.8 12.8z\" class=\"\"><\/path><\/svg><\/i> <img loading=\"lazy\" decoding=\"async\" width=\"16\" height=\"16\" alt=\"Loading\" src=\"https:\/\/temucotelevision.cl\/web\/wp-content\/plugins\/page-views-count\/ajax-loader-2x.gif\" border=0 \/><\/p>\n<div class=\"pvc_clear\"><\/div>\n<p>Representantes del partido se desplegar\u00e1n en distintas regiones del pa\u00eds hasta el 16 de diciembre. Este jueves comenz\u00f3 la gira<\/p>\n","protected":false},"author":1,"featured_media":27830,"comment_status":"open","ping_status":"open","sticky":false,"template":"","format":"standard","meta":{"colormag_page_container_layout":"default_layout","colormag_page_sidebar_layout":"default_layout","footnotes":""},"categories":[84],"tags":[345,3333,581,1761],"class_list":["post-27829","post","type-post","status-publish","format-standard","has-post-thumbnail","hentry","category-politica","tag-apoyo","tag-candidatura","tag-gira","tag-kast"],"a3_pvc":{"activated":true,"total_views":44,"today_views":0},"_links":{"self":[{"href":"https:\/\/temucotelevision.cl\/web\/wp-json\/wp\/v2\/posts\/27829","targetHints":{"allow":["GET"]}}],"collection":[{"href":"https:\/\/temucotelevision.cl\/web\/wp-json\/wp\/v2\/posts"}],"about":[{"href":"https:\/\/temucotelevision.cl\/web\/wp-json\/wp\/v2\/types\/post"}],"author":[{"embeddable":true,"href":"https:\/\/temucotelevision.cl\/web\/wp-json\/wp\/v2\/users\/1"}],"replies":[{"embeddable":true,"href":"https:\/\/temucotelevision.cl\/web\/wp-json\/wp\/v2\/comments?post=27829"}],"version-history":[{"count":1,"href":"https:\/\/temucotelevision.cl\/web\/wp-json\/wp\/v2\/posts\/27829\/revisions"}],"predecessor-version":[{"id":27831,"href":"https:\/\/temucotelevision.cl\/web\/wp-json\/wp\/v2\/posts\/27829\/revisions\/27831"}],"wp:featuredmedia":[{"embeddable":true,"href":"https:\/\/temucotelevision.cl\/web\/wp-json\/wp\/v2\/media\/27830"}],"wp:attachment":[{"href":"https:\/\/temucotelevision.cl\/web\/wp-json\/wp\/v2\/media?parent=27829"}],"wp:term":[{"taxonomy":"category","embeddable":true,"href":"https:\/\/temucotelevision.cl\/web\/wp-json\/wp\/v2\/categories?post=27829"},{"taxonomy":"post_tag","embeddable":true,"href":"https:\/\/temucotelevision.cl\/web\/wp-json\/wp\/v2\/tags?post=27829"}],"curies":[{"name":"wp","href":"https:\/\/api.w.org\/{rel}","templated":true}]}}