{"id":27818,"date":"2021-12-03T15:19:48","date_gmt":"2021-12-03T18:19:48","guid":{"rendered":"https:\/\/temucotelevision.cl\/web\/?p=27818"},"modified":"2021-12-03T15:19:49","modified_gmt":"2021-12-03T18:19:49","slug":"loncoche-avanza-en-instalar-primera-planta-movil-de-reciclaje-en-la-region","status":"publish","type":"post","link":"https:\/\/temucotelevision.cl\/web\/2021\/12\/03\/loncoche-avanza-en-instalar-primera-planta-movil-de-reciclaje-en-la-region\/","title":{"rendered":"Loncoche avanza en instalar primera planta m\u00f3vil de reciclaje en la regi\u00f3n"},"content":{"rendered":"<div class=\"pvc_clear\"><\/div><p id=\"pvc_stats_27818\" class=\"pvc_stats total_only  \" data-element-id=\"27818\" style=\"\"><i class=\"pvc-stats-icon large\" aria-hidden=\"true\"><svg aria-hidden=\"true\" focusable=\"false\" data-prefix=\"far\" data-icon=\"chart-bar\" role=\"img\" xmlns=\"http:\/\/www.w3.org\/2000\/svg\" viewBox=\"0 0 512 512\" class=\"svg-inline--fa fa-chart-bar fa-w-16 fa-2x\"><path fill=\"currentColor\" d=\"M396.8 352h22.4c6.4 0 12.8-6.4 12.8-12.8V108.8c0-6.4-6.4-12.8-12.8-12.8h-22.4c-6.4 0-12.8 6.4-12.8 12.8v230.4c0 6.4 6.4 12.8 12.8 12.8zm-192 0h22.4c6.4 0 12.8-6.4 12.8-12.8V140.8c0-6.4-6.4-12.8-12.8-12.8h-22.4c-6.4 0-12.8 6.4-12.8 12.8v198.4c0 6.4 6.4 12.8 12.8 12.8zm96 0h22.4c6.4 0 12.8-6.4 12.8-12.8V204.8c0-6.4-6.4-12.8-12.8-12.8h-22.4c-6.4 0-12.8 6.4-12.8 12.8v134.4c0 6.4 6.4 12.8 12.8 12.8zM496 400H48V80c0-8.84-7.16-16-16-16H16C7.16 64 0 71.16 0 80v336c0 17.67 14.33 32 32 32h464c8.84 0 16-7.16 16-16v-16c0-8.84-7.16-16-16-16zm-387.2-48h22.4c6.4 0 12.8-6.4 12.8-12.8v-70.4c0-6.4-6.4-12.8-12.8-12.8h-22.4c-6.4 0-12.8 6.4-12.8 12.8v70.4c0 6.4 6.4 12.8 12.8 12.8z\" class=\"\"><\/path><\/svg><\/i> <img loading=\"lazy\" decoding=\"async\" width=\"16\" height=\"16\" alt=\"Loading\" src=\"https:\/\/temucotelevision.cl\/web\/wp-content\/plugins\/page-views-count\/ajax-loader-2x.gif\" border=0 \/><\/p><div class=\"pvc_clear\"><\/div>\n<p>Tras la reuni\u00f3n sostenida en Santiago con la embajadora de Taiw\u00e1n en Chile, Silvia Yu Chi Liu, el alcalde de Loncoche Alexis Pineda Ruiz, avanz\u00f3 en la idea de poder instalar la primera planta de reciclaje m\u00f3vil en la regi\u00f3n.<\/p>\n\n\n\n<p>Se trata de tecnolog\u00eda moderna e innovadora dise\u00f1ada en Taiw\u00e1n que permite compactar, purificar y remodelar los residuos, proceso que culmina con la elaboraci\u00f3n de materiales de construcci\u00f3n y lo mejor es que se puede trasladar a diferentes puntos gracias a que est\u00e1 dise\u00f1ada como una planta m\u00f3vil tipo tr\u00e1iler. La energ\u00eda que utiliza esta planta es en base a paneles solares y su consumo es m\u00ednimo.<\/p>\n\n\n\n<p>\u201c<em>El mayor problema que hoy tenemos es la disposici\u00f3n de los residuos domiciliarios. Ese es un problema que enfrentamos todas las regiones a nivel pa\u00eds. Actualmente por la carretera vemos pasar camiones desde Ancud a botar la basura en Mulchen, nosotros a\u00fan lo hacemos en Villarrica pero eso pronto cambiar\u00e1 pues a ese vertedero le quedan con suerte 2 a\u00f1os. As\u00ed es que lo que nos toca como municipios es comenzar a ver opciones, y si bien esta planta no soluciona el problema, junto a otras acciones s\u00ed contribuye a disminuir la cantidad de basura que debemos disponer y nosotros como comuna queremos comenzar a ocuparnos con ideas innovadoras y amigables con el medio ambiente<\/em>\u201d se\u00f1al\u00f3 el alcalde Alexis Pineda Ru\u00edz.<\/p>\n\n\n\n<p>Se trata de una iniciativa \u00fanica que se enmarca en el posicionamiento de Loncoche como la puerta de entrada sur a la Araucan\u00eda Lacustre, estrategia que considera ser una comuna amigable con el medio ambiente.<\/p>\n","protected":false},"excerpt":{"rendered":"<div class=\"pvc_clear\"><\/div>\n<p id=\"pvc_stats_27818\" class=\"pvc_stats total_only  \" data-element-id=\"27818\" style=\"\"><i class=\"pvc-stats-icon large\" aria-hidden=\"true\"><svg aria-hidden=\"true\" focusable=\"false\" data-prefix=\"far\" data-icon=\"chart-bar\" role=\"img\" xmlns=\"http:\/\/www.w3.org\/2000\/svg\" viewBox=\"0 0 512 512\" class=\"svg-inline--fa fa-chart-bar fa-w-16 fa-2x\"><path fill=\"currentColor\" d=\"M396.8 352h22.4c6.4 0 12.8-6.4 12.8-12.8V108.8c0-6.4-6.4-12.8-12.8-12.8h-22.4c-6.4 0-12.8 6.4-12.8 12.8v230.4c0 6.4 6.4 12.8 12.8 12.8zm-192 0h22.4c6.4 0 12.8-6.4 12.8-12.8V140.8c0-6.4-6.4-12.8-12.8-12.8h-22.4c-6.4 0-12.8 6.4-12.8 12.8v198.4c0 6.4 6.4 12.8 12.8 12.8zm96 0h22.4c6.4 0 12.8-6.4 12.8-12.8V204.8c0-6.4-6.4-12.8-12.8-12.8h-22.4c-6.4 0-12.8 6.4-12.8 12.8v134.4c0 6.4 6.4 12.8 12.8 12.8zM496 400H48V80c0-8.84-7.16-16-16-16H16C7.16 64 0 71.16 0 80v336c0 17.67 14.33 32 32 32h464c8.84 0 16-7.16 16-16v-16c0-8.84-7.16-16-16-16zm-387.2-48h22.4c6.4 0 12.8-6.4 12.8-12.8v-70.4c0-6.4-6.4-12.8-12.8-12.8h-22.4c-6.4 0-12.8 6.4-12.8 12.8v70.4c0 6.4 6.4 12.8 12.8 12.8z\" class=\"\"><\/path><\/svg><\/i> <img loading=\"lazy\" decoding=\"async\" width=\"16\" height=\"16\" alt=\"Loading\" src=\"https:\/\/temucotelevision.cl\/web\/wp-content\/plugins\/page-views-count\/ajax-loader-2x.gif\" border=0 \/><\/p>\n<div class=\"pvc_clear\"><\/div>\n<p>Tras la reuni\u00f3n sostenida en Santiago con la embajadora de Taiw\u00e1n en Chile, Silvia Yu Chi Liu, el alcalde de<\/p>\n","protected":false},"author":1,"featured_media":27820,"comment_status":"open","ping_status":"open","sticky":false,"template":"","format":"standard","meta":{"colormag_page_container_layout":"default_layout","colormag_page_sidebar_layout":"default_layout","footnotes":""},"categories":[15],"tags":[202,1322,1417],"class_list":["post-27818","post","type-post","status-publish","format-standard","has-post-thumbnail","hentry","category-la-araucania","tag-alcalde","tag-planta","tag-reciclaje"],"a3_pvc":{"activated":true,"total_views":41,"today_views":0},"_links":{"self":[{"href":"https:\/\/temucotelevision.cl\/web\/wp-json\/wp\/v2\/posts\/27818","targetHints":{"allow":["GET"]}}],"collection":[{"href":"https:\/\/temucotelevision.cl\/web\/wp-json\/wp\/v2\/posts"}],"about":[{"href":"https:\/\/temucotelevision.cl\/web\/wp-json\/wp\/v2\/types\/post"}],"author":[{"embeddable":true,"href":"https:\/\/temucotelevision.cl\/web\/wp-json\/wp\/v2\/users\/1"}],"replies":[{"embeddable":true,"href":"https:\/\/temucotelevision.cl\/web\/wp-json\/wp\/v2\/comments?post=27818"}],"version-history":[{"count":1,"href":"https:\/\/temucotelevision.cl\/web\/wp-json\/wp\/v2\/posts\/27818\/revisions"}],"predecessor-version":[{"id":27821,"href":"https:\/\/temucotelevision.cl\/web\/wp-json\/wp\/v2\/posts\/27818\/revisions\/27821"}],"wp:featuredmedia":[{"embeddable":true,"href":"https:\/\/temucotelevision.cl\/web\/wp-json\/wp\/v2\/media\/27820"}],"wp:attachment":[{"href":"https:\/\/temucotelevision.cl\/web\/wp-json\/wp\/v2\/media?parent=27818"}],"wp:term":[{"taxonomy":"category","embeddable":true,"href":"https:\/\/temucotelevision.cl\/web\/wp-json\/wp\/v2\/categories?post=27818"},{"taxonomy":"post_tag","embeddable":true,"href":"https:\/\/temucotelevision.cl\/web\/wp-json\/wp\/v2\/tags?post=27818"}],"curies":[{"name":"wp","href":"https:\/\/api.w.org\/{rel}","templated":true}]}}