{"id":27815,"date":"2021-12-02T22:14:37","date_gmt":"2021-12-03T01:14:37","guid":{"rendered":"https:\/\/temucotelevision.cl\/web\/?p=27815"},"modified":"2021-12-02T22:15:10","modified_gmt":"2021-12-03T01:15:10","slug":"diputado-rathgeb-por-ataque-incendiario-en-lautaro-ya-no-estan-respetando-a-las-personas-ni-a-nadie","status":"publish","type":"post","link":"https:\/\/temucotelevision.cl\/web\/2021\/12\/02\/diputado-rathgeb-por-ataque-incendiario-en-lautaro-ya-no-estan-respetando-a-las-personas-ni-a-nadie\/","title":{"rendered":"Diputado Rathgeb por ataque incendiario en Lautaro: &#8220;Ya no est\u00e1n respetando a las personas ni a nadie&#8221;"},"content":{"rendered":"<div class=\"pvc_clear\"><\/div><p id=\"pvc_stats_27815\" class=\"pvc_stats total_only  \" data-element-id=\"27815\" style=\"\"><i class=\"pvc-stats-icon large\" aria-hidden=\"true\"><svg aria-hidden=\"true\" focusable=\"false\" data-prefix=\"far\" data-icon=\"chart-bar\" role=\"img\" xmlns=\"http:\/\/www.w3.org\/2000\/svg\" viewBox=\"0 0 512 512\" class=\"svg-inline--fa fa-chart-bar fa-w-16 fa-2x\"><path fill=\"currentColor\" d=\"M396.8 352h22.4c6.4 0 12.8-6.4 12.8-12.8V108.8c0-6.4-6.4-12.8-12.8-12.8h-22.4c-6.4 0-12.8 6.4-12.8 12.8v230.4c0 6.4 6.4 12.8 12.8 12.8zm-192 0h22.4c6.4 0 12.8-6.4 12.8-12.8V140.8c0-6.4-6.4-12.8-12.8-12.8h-22.4c-6.4 0-12.8 6.4-12.8 12.8v198.4c0 6.4 6.4 12.8 12.8 12.8zm96 0h22.4c6.4 0 12.8-6.4 12.8-12.8V204.8c0-6.4-6.4-12.8-12.8-12.8h-22.4c-6.4 0-12.8 6.4-12.8 12.8v134.4c0 6.4 6.4 12.8 12.8 12.8zM496 400H48V80c0-8.84-7.16-16-16-16H16C7.16 64 0 71.16 0 80v336c0 17.67 14.33 32 32 32h464c8.84 0 16-7.16 16-16v-16c0-8.84-7.16-16-16-16zm-387.2-48h22.4c6.4 0 12.8-6.4 12.8-12.8v-70.4c0-6.4-6.4-12.8-12.8-12.8h-22.4c-6.4 0-12.8 6.4-12.8 12.8v70.4c0 6.4 6.4 12.8 12.8 12.8z\" class=\"\"><\/path><\/svg><\/i> <img loading=\"lazy\" decoding=\"async\" width=\"16\" height=\"16\" alt=\"Loading\" src=\"https:\/\/temucotelevision.cl\/web\/wp-content\/plugins\/page-views-count\/ajax-loader-2x.gif\" border=0 \/><\/p><div class=\"pvc_clear\"><\/div>\n<p><strong>El parlamentario llam\u00f3 a dimensionar lo que realizaron los antisociales que no conforme con incendiar, tambi\u00e9n amenazaron al cuidador.<\/strong><\/p>\n\n\n\n<p>Un emplazamiento a todos los sectores a tomar conciencia de la gravedad del ataque incendiario cometido en las \u00faltimas horas en Lautaro, realiz\u00f3 el diputado de Renovaci\u00f3n Nacional por La Araucan\u00eda, Jorge Rathgeb Schifferli.<\/p>\n\n\n\n<p>El parlamentario indic\u00f3 que junto con destruir bienes materiales, ac\u00e1 se amenaz\u00f3 al cuidador y eso refleja que las &#8220;mentes enfermas&#8221;, ahora ya no tienen ning\u00fan respeto por la vida de los trabajadores.<\/p>\n\n\n\n<p>Para Rathgeb esto sigue siendo un llamado de atenci\u00f3n, para que se act\u00fae, porque ahora quienes llevan su sustento diario, est\u00e1n en vilo por este tipo de amenazas, como lo refrenda lo acontecido en Lautaro.<\/p>\n\n\n\n<p>&#8220;Lo he dicho en varias oportunidades y lo reitero, si no salen a alzar la voz las agrupaciones que defienden derechos laborales cuando un trabajador o cuidador es amenazado o resulta lesionado, es porque algo anda mal. Ac\u00e1 el llamado es a reflexionar si defienden a todos o bien que digan que alguien debe tener una tendencia pol\u00edtica para salir a hablar&#8221;, se\u00f1al\u00f3 el diputado Rathgeb.<\/p>\n\n\n\n<p>El congresista fue m\u00e1s all\u00e1 y puso el ejemplo del trabajador lesionado en Carahue, oportunidad en que todos los colectivos laborales optaron por el silencio, algo que se ha repetido por lo general -coment\u00f3 el legislador- cuando hay personas que han sufrido lesiones o han resultado heridas.<\/p>\n\n\n\n<iframe loading=\"lazy\" src=\"https:\/\/www.facebook.com\/plugins\/post.php?href=https%3A%2F%2Fwww.facebook.com%2FTemucoTelevision%2Fposts%2F1730603627143035&#038;show_text=true&#038;width=500\" width=\"500\" height=\"628\" style=\"border:none;overflow:hidden\" scrolling=\"no\" frameborder=\"0\" allowfullscreen=\"true\" allow=\"autoplay; clipboard-write; encrypted-media; picture-in-picture; web-share\"><\/iframe>\n","protected":false},"excerpt":{"rendered":"<div class=\"pvc_clear\"><\/div>\n<p id=\"pvc_stats_27815\" class=\"pvc_stats total_only  \" data-element-id=\"27815\" style=\"\"><i class=\"pvc-stats-icon large\" aria-hidden=\"true\"><svg aria-hidden=\"true\" focusable=\"false\" data-prefix=\"far\" data-icon=\"chart-bar\" role=\"img\" xmlns=\"http:\/\/www.w3.org\/2000\/svg\" viewBox=\"0 0 512 512\" class=\"svg-inline--fa fa-chart-bar fa-w-16 fa-2x\"><path fill=\"currentColor\" d=\"M396.8 352h22.4c6.4 0 12.8-6.4 12.8-12.8V108.8c0-6.4-6.4-12.8-12.8-12.8h-22.4c-6.4 0-12.8 6.4-12.8 12.8v230.4c0 6.4 6.4 12.8 12.8 12.8zm-192 0h22.4c6.4 0 12.8-6.4 12.8-12.8V140.8c0-6.4-6.4-12.8-12.8-12.8h-22.4c-6.4 0-12.8 6.4-12.8 12.8v198.4c0 6.4 6.4 12.8 12.8 12.8zm96 0h22.4c6.4 0 12.8-6.4 12.8-12.8V204.8c0-6.4-6.4-12.8-12.8-12.8h-22.4c-6.4 0-12.8 6.4-12.8 12.8v134.4c0 6.4 6.4 12.8 12.8 12.8zM496 400H48V80c0-8.84-7.16-16-16-16H16C7.16 64 0 71.16 0 80v336c0 17.67 14.33 32 32 32h464c8.84 0 16-7.16 16-16v-16c0-8.84-7.16-16-16-16zm-387.2-48h22.4c6.4 0 12.8-6.4 12.8-12.8v-70.4c0-6.4-6.4-12.8-12.8-12.8h-22.4c-6.4 0-12.8 6.4-12.8 12.8v70.4c0 6.4 6.4 12.8 12.8 12.8z\" class=\"\"><\/path><\/svg><\/i> <img loading=\"lazy\" decoding=\"async\" width=\"16\" height=\"16\" alt=\"Loading\" src=\"https:\/\/temucotelevision.cl\/web\/wp-content\/plugins\/page-views-count\/ajax-loader-2x.gif\" border=0 \/><\/p>\n<div class=\"pvc_clear\"><\/div>\n<p>El parlamentario llam\u00f3 a dimensionar lo que realizaron los antisociales que no conforme con incendiar, tambi\u00e9n amenazaron al cuidador. Un<\/p>\n","protected":false},"author":1,"featured_media":27816,"comment_status":"open","ping_status":"open","sticky":false,"template":"","format":"standard","meta":{"colormag_page_container_layout":"default_layout","colormag_page_sidebar_layout":"default_layout","footnotes":""},"categories":[15,84],"tags":[349,4854,154,766],"class_list":["post-27815","post","type-post","status-publish","format-standard","has-post-thumbnail","hentry","category-la-araucania","category-politica","tag-ataque","tag-bodegas","tag-diputado","tag-personas"],"a3_pvc":{"activated":true,"total_views":37,"today_views":0},"_links":{"self":[{"href":"https:\/\/temucotelevision.cl\/web\/wp-json\/wp\/v2\/posts\/27815","targetHints":{"allow":["GET"]}}],"collection":[{"href":"https:\/\/temucotelevision.cl\/web\/wp-json\/wp\/v2\/posts"}],"about":[{"href":"https:\/\/temucotelevision.cl\/web\/wp-json\/wp\/v2\/types\/post"}],"author":[{"embeddable":true,"href":"https:\/\/temucotelevision.cl\/web\/wp-json\/wp\/v2\/users\/1"}],"replies":[{"embeddable":true,"href":"https:\/\/temucotelevision.cl\/web\/wp-json\/wp\/v2\/comments?post=27815"}],"version-history":[{"count":1,"href":"https:\/\/temucotelevision.cl\/web\/wp-json\/wp\/v2\/posts\/27815\/revisions"}],"predecessor-version":[{"id":27817,"href":"https:\/\/temucotelevision.cl\/web\/wp-json\/wp\/v2\/posts\/27815\/revisions\/27817"}],"wp:featuredmedia":[{"embeddable":true,"href":"https:\/\/temucotelevision.cl\/web\/wp-json\/wp\/v2\/media\/27816"}],"wp:attachment":[{"href":"https:\/\/temucotelevision.cl\/web\/wp-json\/wp\/v2\/media?parent=27815"}],"wp:term":[{"taxonomy":"category","embeddable":true,"href":"https:\/\/temucotelevision.cl\/web\/wp-json\/wp\/v2\/categories?post=27815"},{"taxonomy":"post_tag","embeddable":true,"href":"https:\/\/temucotelevision.cl\/web\/wp-json\/wp\/v2\/tags?post=27815"}],"curies":[{"name":"wp","href":"https:\/\/api.w.org\/{rel}","templated":true}]}}