{"id":27812,"date":"2021-12-02T21:56:37","date_gmt":"2021-12-03T00:56:37","guid":{"rendered":"https:\/\/temucotelevision.cl\/web\/?p=27812"},"modified":"2021-12-02T21:56:39","modified_gmt":"2021-12-03T00:56:39","slug":"teleton-2021-estos-son-los-artistas-confirmados-para-el-show","status":"publish","type":"post","link":"https:\/\/temucotelevision.cl\/web\/2021\/12\/02\/teleton-2021-estos-son-los-artistas-confirmados-para-el-show\/","title":{"rendered":"Telet\u00f3n 2021: Estos son los artistas confirmados para el show"},"content":{"rendered":"<div class=\"pvc_clear\"><\/div><p id=\"pvc_stats_27812\" class=\"pvc_stats total_only  \" data-element-id=\"27812\" style=\"\"><i class=\"pvc-stats-icon large\" aria-hidden=\"true\"><svg aria-hidden=\"true\" focusable=\"false\" data-prefix=\"far\" data-icon=\"chart-bar\" role=\"img\" xmlns=\"http:\/\/www.w3.org\/2000\/svg\" viewBox=\"0 0 512 512\" class=\"svg-inline--fa fa-chart-bar fa-w-16 fa-2x\"><path fill=\"currentColor\" d=\"M396.8 352h22.4c6.4 0 12.8-6.4 12.8-12.8V108.8c0-6.4-6.4-12.8-12.8-12.8h-22.4c-6.4 0-12.8 6.4-12.8 12.8v230.4c0 6.4 6.4 12.8 12.8 12.8zm-192 0h22.4c6.4 0 12.8-6.4 12.8-12.8V140.8c0-6.4-6.4-12.8-12.8-12.8h-22.4c-6.4 0-12.8 6.4-12.8 12.8v198.4c0 6.4 6.4 12.8 12.8 12.8zm96 0h22.4c6.4 0 12.8-6.4 12.8-12.8V204.8c0-6.4-6.4-12.8-12.8-12.8h-22.4c-6.4 0-12.8 6.4-12.8 12.8v134.4c0 6.4 6.4 12.8 12.8 12.8zM496 400H48V80c0-8.84-7.16-16-16-16H16C7.16 64 0 71.16 0 80v336c0 17.67 14.33 32 32 32h464c8.84 0 16-7.16 16-16v-16c0-8.84-7.16-16-16-16zm-387.2-48h22.4c6.4 0 12.8-6.4 12.8-12.8v-70.4c0-6.4-6.4-12.8-12.8-12.8h-22.4c-6.4 0-12.8 6.4-12.8 12.8v70.4c0 6.4 6.4 12.8 12.8 12.8z\" class=\"\"><\/path><\/svg><\/i> <img loading=\"lazy\" decoding=\"async\" width=\"16\" height=\"16\" alt=\"Loading\" src=\"https:\/\/temucotelevision.cl\/web\/wp-content\/plugins\/page-views-count\/ajax-loader-2x.gif\" border=0 \/><\/p><div class=\"pvc_clear\"><\/div>\n<p><em>Este viernes 03 de diciembre se realiza una nueva versi\u00f3n de la cruzada solidaria con m\u00fasica, entretenci\u00f3n y sorpresas en el Teatro Telet\u00f3n. Aqu\u00ed te contamos quienes son algunos de los artistas que estar\u00e1n en el escenario.<\/em><\/p>\n\n\n\n<p>Franco El Gorila, Tommy Rey, Ricardo Montaner y Puma Rodr\u00edguez son algunos de los artistas nacionales e internacionales que participar\u00e1n de Telet\u00f3n 2021.<\/p>\n\n\n\n<p>En la antesala del inicio de la versi\u00f3n de Telet\u00f3n 2021, una amplia gama de artistas animar\u00e1 las 27 horas de transmisi\u00f3n continua que tendr\u00e1 el show.&nbsp; El programa iniciar\u00e1 con su apertura este viernes 3 de diciembre y finalizar\u00e1 en la noche del s\u00e1bado 4.<\/p>\n\n\n\n<p>El show se estructurar\u00e1 en seis bloques pensados para todos los p\u00fablicos y tendr\u00e1 diferentes instancias de humor, m\u00fasica e historias<\/p>\n\n\n\n<p><strong>Artistas Internacionales<\/strong><\/p>\n\n\n\n<p>En cuanto a la cartelera internacional, los artistas que se presentar\u00e1n en el escenario del Teatro Telet\u00f3n son y Jos\u00e9 Luis \u201cPuma\u201d Rodr\u00edguez, Ricardo Montaner, Axe Bah\u00eda, Osmani Garc\u00eda, Silvestre Dandung, Luis Lambis y Franco \u201cEl Gorila\u201d.<\/p>\n\n\n\n<p>Tambi\u00e9n habr\u00e1 un momento especial para celebrar los 20 a\u00f1os de la banda brasile\u00f1a, donde buscar\u00e1 recordar sus principales \u00e9xitos como \u201cBeso En La Boca\u201d y \u201cManivela\u201d.<\/p>\n\n\n\n<p><strong>Artistas Nacionales<\/strong><\/p>\n\n\n\n<p>Por otro lado, la propuesta nacional no se queda atr\u00e1s y contar\u00e1 con la participaci\u00f3n en el humor de Stefan Kramer.<\/p>\n\n\n\n<p>Desde lo musical se presentar\u00e1n Jordan, Los Chenitas, Flor de Rap junto a su hija Rosanita y Swing del Mono (banda de Gustavo \u201cEl Guat\u00f3n de la Fruta\u201d Becerra).<\/p>\n\n\n\n<p>Para el bloque matutino del s\u00e1bado, los m\u00e1s peque\u00f1os podr\u00e1n disfrutar de las canciones de El Perro Chocolo y Sinergia Kids, junto al acto circense de El Circo de Pastelito y Tachuela Chico.<\/p>\n\n\n\n<p>Tambi\u00e9n, se presentar\u00e1n Daniela Castillo, Vesta Lugg, Emilia Dides, Carolina Soto y Tita Parra.<\/p>\n\n\n\n<p>A cargo de la m\u00fasica bailable estar\u00e1n Tommy Rey, Tomo como Rey y Chacareros de Paine.<\/p>\n","protected":false},"excerpt":{"rendered":"<div class=\"pvc_clear\"><\/div>\n<p id=\"pvc_stats_27812\" class=\"pvc_stats total_only  \" data-element-id=\"27812\" style=\"\"><i class=\"pvc-stats-icon large\" aria-hidden=\"true\"><svg aria-hidden=\"true\" focusable=\"false\" data-prefix=\"far\" data-icon=\"chart-bar\" role=\"img\" xmlns=\"http:\/\/www.w3.org\/2000\/svg\" viewBox=\"0 0 512 512\" class=\"svg-inline--fa fa-chart-bar fa-w-16 fa-2x\"><path fill=\"currentColor\" d=\"M396.8 352h22.4c6.4 0 12.8-6.4 12.8-12.8V108.8c0-6.4-6.4-12.8-12.8-12.8h-22.4c-6.4 0-12.8 6.4-12.8 12.8v230.4c0 6.4 6.4 12.8 12.8 12.8zm-192 0h22.4c6.4 0 12.8-6.4 12.8-12.8V140.8c0-6.4-6.4-12.8-12.8-12.8h-22.4c-6.4 0-12.8 6.4-12.8 12.8v198.4c0 6.4 6.4 12.8 12.8 12.8zm96 0h22.4c6.4 0 12.8-6.4 12.8-12.8V204.8c0-6.4-6.4-12.8-12.8-12.8h-22.4c-6.4 0-12.8 6.4-12.8 12.8v134.4c0 6.4 6.4 12.8 12.8 12.8zM496 400H48V80c0-8.84-7.16-16-16-16H16C7.16 64 0 71.16 0 80v336c0 17.67 14.33 32 32 32h464c8.84 0 16-7.16 16-16v-16c0-8.84-7.16-16-16-16zm-387.2-48h22.4c6.4 0 12.8-6.4 12.8-12.8v-70.4c0-6.4-6.4-12.8-12.8-12.8h-22.4c-6.4 0-12.8 6.4-12.8 12.8v70.4c0 6.4 6.4 12.8 12.8 12.8z\" class=\"\"><\/path><\/svg><\/i> <img loading=\"lazy\" decoding=\"async\" width=\"16\" height=\"16\" alt=\"Loading\" src=\"https:\/\/temucotelevision.cl\/web\/wp-content\/plugins\/page-views-count\/ajax-loader-2x.gif\" border=0 \/><\/p>\n<div class=\"pvc_clear\"><\/div>\n<p>Este viernes 03 de diciembre se realiza una nueva versi\u00f3n de la cruzada solidaria con m\u00fasica, entretenci\u00f3n y sorpresas en<\/p>\n","protected":false},"author":1,"featured_media":27813,"comment_status":"open","ping_status":"open","sticky":false,"template":"","format":"standard","meta":{"colormag_page_container_layout":"default_layout","colormag_page_sidebar_layout":"default_layout","footnotes":""},"categories":[101],"tags":[332,616,1989],"class_list":["post-27812","post","type-post","status-publish","format-standard","has-post-thumbnail","hentry","category-actualidad","tag-artistas","tag-show","tag-teleton"],"a3_pvc":{"activated":true,"total_views":80,"today_views":0},"_links":{"self":[{"href":"https:\/\/temucotelevision.cl\/web\/wp-json\/wp\/v2\/posts\/27812","targetHints":{"allow":["GET"]}}],"collection":[{"href":"https:\/\/temucotelevision.cl\/web\/wp-json\/wp\/v2\/posts"}],"about":[{"href":"https:\/\/temucotelevision.cl\/web\/wp-json\/wp\/v2\/types\/post"}],"author":[{"embeddable":true,"href":"https:\/\/temucotelevision.cl\/web\/wp-json\/wp\/v2\/users\/1"}],"replies":[{"embeddable":true,"href":"https:\/\/temucotelevision.cl\/web\/wp-json\/wp\/v2\/comments?post=27812"}],"version-history":[{"count":1,"href":"https:\/\/temucotelevision.cl\/web\/wp-json\/wp\/v2\/posts\/27812\/revisions"}],"predecessor-version":[{"id":27814,"href":"https:\/\/temucotelevision.cl\/web\/wp-json\/wp\/v2\/posts\/27812\/revisions\/27814"}],"wp:featuredmedia":[{"embeddable":true,"href":"https:\/\/temucotelevision.cl\/web\/wp-json\/wp\/v2\/media\/27813"}],"wp:attachment":[{"href":"https:\/\/temucotelevision.cl\/web\/wp-json\/wp\/v2\/media?parent=27812"}],"wp:term":[{"taxonomy":"category","embeddable":true,"href":"https:\/\/temucotelevision.cl\/web\/wp-json\/wp\/v2\/categories?post=27812"},{"taxonomy":"post_tag","embeddable":true,"href":"https:\/\/temucotelevision.cl\/web\/wp-json\/wp\/v2\/tags?post=27812"}],"curies":[{"name":"wp","href":"https:\/\/api.w.org\/{rel}","templated":true}]}}