{"id":27809,"date":"2021-12-02T19:02:29","date_gmt":"2021-12-02T22:02:29","guid":{"rendered":"https:\/\/temucotelevision.cl\/web\/?p=27809"},"modified":"2021-12-02T19:02:32","modified_gmt":"2021-12-02T22:02:32","slug":"los-autenticos-decadentes-el-primer-album-de-la-trilogia-adn-ya-esta-disponible-en-chile","status":"publish","type":"post","link":"https:\/\/temucotelevision.cl\/web\/2021\/12\/02\/los-autenticos-decadentes-el-primer-album-de-la-trilogia-adn-ya-esta-disponible-en-chile\/","title":{"rendered":"Los Aut\u00e9nticos Decadentes: El primer \u00e1lbum de la trilog\u00eda ADN ya est\u00e1 disponible en Chile"},"content":{"rendered":"<div class=\"pvc_clear\"><\/div><p id=\"pvc_stats_27809\" class=\"pvc_stats total_only  \" data-element-id=\"27809\" style=\"\"><i class=\"pvc-stats-icon large\" aria-hidden=\"true\"><svg aria-hidden=\"true\" focusable=\"false\" data-prefix=\"far\" data-icon=\"chart-bar\" role=\"img\" xmlns=\"http:\/\/www.w3.org\/2000\/svg\" viewBox=\"0 0 512 512\" class=\"svg-inline--fa fa-chart-bar fa-w-16 fa-2x\"><path fill=\"currentColor\" d=\"M396.8 352h22.4c6.4 0 12.8-6.4 12.8-12.8V108.8c0-6.4-6.4-12.8-12.8-12.8h-22.4c-6.4 0-12.8 6.4-12.8 12.8v230.4c0 6.4 6.4 12.8 12.8 12.8zm-192 0h22.4c6.4 0 12.8-6.4 12.8-12.8V140.8c0-6.4-6.4-12.8-12.8-12.8h-22.4c-6.4 0-12.8 6.4-12.8 12.8v198.4c0 6.4 6.4 12.8 12.8 12.8zm96 0h22.4c6.4 0 12.8-6.4 12.8-12.8V204.8c0-6.4-6.4-12.8-12.8-12.8h-22.4c-6.4 0-12.8 6.4-12.8 12.8v134.4c0 6.4 6.4 12.8 12.8 12.8zM496 400H48V80c0-8.84-7.16-16-16-16H16C7.16 64 0 71.16 0 80v336c0 17.67 14.33 32 32 32h464c8.84 0 16-7.16 16-16v-16c0-8.84-7.16-16-16-16zm-387.2-48h22.4c6.4 0 12.8-6.4 12.8-12.8v-70.4c0-6.4-6.4-12.8-12.8-12.8h-22.4c-6.4 0-12.8 6.4-12.8 12.8v70.4c0 6.4 6.4 12.8 12.8 12.8z\" class=\"\"><\/path><\/svg><\/i> <img loading=\"lazy\" decoding=\"async\" width=\"16\" height=\"16\" alt=\"Loading\" src=\"https:\/\/temucotelevision.cl\/web\/wp-content\/plugins\/page-views-count\/ajax-loader-2x.gif\" border=0 \/><\/p><div class=\"pvc_clear\"><\/div>\n<p><\/p>\n\n\n\n<h2 class=\"wp-block-heading\"><strong>En formato CD Digipack Deluxe, en las mejores disquer\u00edas y tiendas del pa\u00eds<\/strong><\/h2>\n\n\n\n<p><strong>Entretanto el single \u201cGolpes en el coraz\u00f3n\u201d junto a Natalia Lafourcade es un \u00e9xito rotundo en Am\u00e9rica Latina y se encuentra en el puesto #1 de Radio en M\u00e9xico y Argentina<\/strong>.<\/p>\n\n\n\n<p><strong>Los Aut\u00e9nticos Decadentes<\/strong>&nbsp;cierran 2021 celebrando en alto sus 35 a\u00f1os de carrera y con grandes planes para el a\u00f1o que entra. La banda acaba de regresar de una gira promocional por M\u00e9xico, donde el&nbsp;<em>Cap\u00edtulo&nbsp;<\/em><strong><em>A<\/em>&nbsp;<\/strong>-primer \u00e1lbum de la trilog\u00eda&nbsp;discogr\u00e1fica&nbsp;<strong>ADN<\/strong>&#8211;&nbsp; es un \u00e9xito rotundo y el actual single,&nbsp;<strong>Golpes en el coraz\u00f3n<\/strong>&nbsp;junto a&nbsp;<strong>Natalia Lafourcade<\/strong>, arrasa en las radios nacionales ubic\u00e1ndose en el primer puesto en los charts de difusi\u00f3n, al igual que en Argentina.<br><br><strong>Golpes en el coraz\u00f3n<\/strong>&nbsp;es una obra original de&nbsp;<strong>Los Tigres del Norte&nbsp;<\/strong>y es la canci\u00f3n elegida por&nbsp;<strong>LAD<\/strong>&nbsp;para dar a conocer su nuevo trabajo de estudio, titulado&nbsp;<strong>ADN:&nbsp;<\/strong>un proyecto en tres \u00e1lbums que nos transporta a las influencias seminales de la banda y adem\u00e1s sirve como un compendio de la m\u00fasica en espa\u00f1ol imprescindible del \u00faltimo medio siglo. Entre los invitados del Cap\u00edtulo&nbsp;<strong>A&nbsp;<\/strong>Chile dice presente con la colaboraci\u00f3n especial de \u201cel hurac\u00e1n bailable\u201d&nbsp;<strong>Santaferia<\/strong>&nbsp;en la versi\u00f3n de&nbsp;<strong>No te enamores nunca de aquel marinero bengal\u00ed&nbsp;<\/strong>del ic\u00f3nico grupo argentino de los a\u00f1os \u00b480&nbsp;<strong>Los Abuelos de la Nada<\/strong>.<\/p>\n\n\n\n<p>El Cap\u00edtulo\u00a0<strong>A\u00a0<\/strong>ya<strong>\u00a0<\/strong>se encuentra disponible en tiendas de todo\u00a0Chile en formato CD Digipack Deluxe, con edici\u00f3n del sello\u00a0<strong>M&amp;E Discos<\/strong>, que tambi\u00e9n acaba de reeditar el aclamado\u00a0<strong>MTV Unplugged &#8211; Fiesta Nacional<\/strong>.<br>Los cap\u00edtulos\u00a0<strong>D<\/strong>\u00a0y\u00a0<strong>N\u00a0<\/strong>llegar\u00e1n en 2022.<\/p>\n\n\n\n<p>Entretanto,\u00a0<strong>Los Aut\u00e9nticos Decadentes\u00a0<\/strong>se encuentran desarrollando con gran \u00e9xito su gira 35 Aniversario por Argentina. El tour, que agot\u00f3 dos Estadios Obras de Buenos Aires y tendr\u00e1 una tercera fecha en Diciembre, llegar\u00e1 en Enero de 2022 a nuestro pa\u00eds de la mano de\u00a0<strong>Swing Management<\/strong>. Los conciertos tendr\u00e1n lugar en\u00a0<strong>Santiago<\/strong>\u00a0(13 de Enero, Teatro Caupolic\u00e1n)<em>,\u00a0<\/em><strong>Mostazal<\/strong>\u00a0 (15 y 20 de Enero, Gran Arena Monticello),\u00a0<strong>Vi\u00f1a del Mar\u00a0<\/strong>(21 de Enero, Quinta Vergara) y\u00a0<strong>La Serena<\/strong>\u00a0(22 de Enero, Espacio Pe\u00f1uelas). Las entradas se encuentran a la venta a trav\u00e9s de\u00a0<a href=\"http:\/\/puntoticket.com\/\">puntoticket.com<\/a>.<\/p>\n\n\n\n<p class=\"has-text-align-center\"><strong>Adem\u00e1s, Swing Management anuncia Gira de verano Chile 2022:<\/strong><br>\u00a0<br><strong>13 Enero\u00a0<\/strong>Teatro Caupolic\u00e1n<strong>\u00a0Santiago<\/strong><br><strong>15 Enero\u00a0<\/strong>Gran Arena Monticello<strong>\u00a0Mostazal &#8211; Santiago<\/strong><br><strong>20 Enero\u00a0<\/strong>Gran Arena Monticello<strong>\u00a0Mostazal &#8211; Santiago<\/strong><br><strong>21 Enero\u00a0<\/strong>Quinta Vergara<strong>\u00a0Vi\u00f1a del Mar<\/strong><br><strong>22 Enero\u00a0<\/strong>Espacio Pe\u00f1uelas<strong>\u00a0La Serena &#8211; Coquimbo<\/strong><\/p>\n\n\n\n<figure class=\"wp-block-image\"><img decoding=\"async\" src=\"https:\/\/mcusercontent.com\/9c5ff9553262395cbb5771bc1\/images\/18106eaf-c928-be3d-80ff-d40f01ea287e.jpg\" alt=\"\"\/><\/figure>\n","protected":false},"excerpt":{"rendered":"<div class=\"pvc_clear\"><\/div>\n<p id=\"pvc_stats_27809\" class=\"pvc_stats total_only  \" data-element-id=\"27809\" style=\"\"><i class=\"pvc-stats-icon large\" aria-hidden=\"true\"><svg aria-hidden=\"true\" focusable=\"false\" data-prefix=\"far\" data-icon=\"chart-bar\" role=\"img\" xmlns=\"http:\/\/www.w3.org\/2000\/svg\" viewBox=\"0 0 512 512\" class=\"svg-inline--fa fa-chart-bar fa-w-16 fa-2x\"><path fill=\"currentColor\" d=\"M396.8 352h22.4c6.4 0 12.8-6.4 12.8-12.8V108.8c0-6.4-6.4-12.8-12.8-12.8h-22.4c-6.4 0-12.8 6.4-12.8 12.8v230.4c0 6.4 6.4 12.8 12.8 12.8zm-192 0h22.4c6.4 0 12.8-6.4 12.8-12.8V140.8c0-6.4-6.4-12.8-12.8-12.8h-22.4c-6.4 0-12.8 6.4-12.8 12.8v198.4c0 6.4 6.4 12.8 12.8 12.8zm96 0h22.4c6.4 0 12.8-6.4 12.8-12.8V204.8c0-6.4-6.4-12.8-12.8-12.8h-22.4c-6.4 0-12.8 6.4-12.8 12.8v134.4c0 6.4 6.4 12.8 12.8 12.8zM496 400H48V80c0-8.84-7.16-16-16-16H16C7.16 64 0 71.16 0 80v336c0 17.67 14.33 32 32 32h464c8.84 0 16-7.16 16-16v-16c0-8.84-7.16-16-16-16zm-387.2-48h22.4c6.4 0 12.8-6.4 12.8-12.8v-70.4c0-6.4-6.4-12.8-12.8-12.8h-22.4c-6.4 0-12.8 6.4-12.8 12.8v70.4c0 6.4 6.4 12.8 12.8 12.8z\" class=\"\"><\/path><\/svg><\/i> <img loading=\"lazy\" decoding=\"async\" width=\"16\" height=\"16\" alt=\"Loading\" src=\"https:\/\/temucotelevision.cl\/web\/wp-content\/plugins\/page-views-count\/ajax-loader-2x.gif\" border=0 \/><\/p>\n<div class=\"pvc_clear\"><\/div>\n<p>En formato CD Digipack Deluxe, en las mejores disquer\u00edas y tiendas del pa\u00eds Entretanto el single \u201cGolpes en el coraz\u00f3n\u201d<\/p>\n","protected":false},"author":1,"featured_media":27810,"comment_status":"open","ping_status":"open","sticky":false,"template":"","format":"standard","meta":{"colormag_page_container_layout":"default_layout","colormag_page_sidebar_layout":"default_layout","footnotes":""},"categories":[369],"tags":[],"class_list":["post-27809","post","type-post","status-publish","format-standard","has-post-thumbnail","hentry","category-musica"],"a3_pvc":{"activated":true,"total_views":54,"today_views":0},"_links":{"self":[{"href":"https:\/\/temucotelevision.cl\/web\/wp-json\/wp\/v2\/posts\/27809","targetHints":{"allow":["GET"]}}],"collection":[{"href":"https:\/\/temucotelevision.cl\/web\/wp-json\/wp\/v2\/posts"}],"about":[{"href":"https:\/\/temucotelevision.cl\/web\/wp-json\/wp\/v2\/types\/post"}],"author":[{"embeddable":true,"href":"https:\/\/temucotelevision.cl\/web\/wp-json\/wp\/v2\/users\/1"}],"replies":[{"embeddable":true,"href":"https:\/\/temucotelevision.cl\/web\/wp-json\/wp\/v2\/comments?post=27809"}],"version-history":[{"count":1,"href":"https:\/\/temucotelevision.cl\/web\/wp-json\/wp\/v2\/posts\/27809\/revisions"}],"predecessor-version":[{"id":27811,"href":"https:\/\/temucotelevision.cl\/web\/wp-json\/wp\/v2\/posts\/27809\/revisions\/27811"}],"wp:featuredmedia":[{"embeddable":true,"href":"https:\/\/temucotelevision.cl\/web\/wp-json\/wp\/v2\/media\/27810"}],"wp:attachment":[{"href":"https:\/\/temucotelevision.cl\/web\/wp-json\/wp\/v2\/media?parent=27809"}],"wp:term":[{"taxonomy":"category","embeddable":true,"href":"https:\/\/temucotelevision.cl\/web\/wp-json\/wp\/v2\/categories?post=27809"},{"taxonomy":"post_tag","embeddable":true,"href":"https:\/\/temucotelevision.cl\/web\/wp-json\/wp\/v2\/tags?post=27809"}],"curies":[{"name":"wp","href":"https:\/\/api.w.org\/{rel}","templated":true}]}}