{"id":27805,"date":"2021-12-02T18:46:36","date_gmt":"2021-12-02T21:46:36","guid":{"rendered":"https:\/\/temucotelevision.cl\/web\/?p=27805"},"modified":"2021-12-02T18:46:37","modified_gmt":"2021-12-02T21:46:37","slug":"vigilancia-con-drones-subsecretaria-inaugura-nueva-central-de-monitoreo-en-la-araucania","status":"publish","type":"post","link":"https:\/\/temucotelevision.cl\/web\/2021\/12\/02\/vigilancia-con-drones-subsecretaria-inaugura-nueva-central-de-monitoreo-en-la-araucania\/","title":{"rendered":"Vigilancia con drones: Subsecretaria inaugura nueva central de monitoreo en La Araucan\u00eda"},"content":{"rendered":"<div class=\"pvc_clear\"><\/div><p id=\"pvc_stats_27805\" class=\"pvc_stats total_only  \" data-element-id=\"27805\" style=\"\"><i class=\"pvc-stats-icon large\" aria-hidden=\"true\"><svg aria-hidden=\"true\" focusable=\"false\" data-prefix=\"far\" data-icon=\"chart-bar\" role=\"img\" xmlns=\"http:\/\/www.w3.org\/2000\/svg\" viewBox=\"0 0 512 512\" class=\"svg-inline--fa fa-chart-bar fa-w-16 fa-2x\"><path fill=\"currentColor\" d=\"M396.8 352h22.4c6.4 0 12.8-6.4 12.8-12.8V108.8c0-6.4-6.4-12.8-12.8-12.8h-22.4c-6.4 0-12.8 6.4-12.8 12.8v230.4c0 6.4 6.4 12.8 12.8 12.8zm-192 0h22.4c6.4 0 12.8-6.4 12.8-12.8V140.8c0-6.4-6.4-12.8-12.8-12.8h-22.4c-6.4 0-12.8 6.4-12.8 12.8v198.4c0 6.4 6.4 12.8 12.8 12.8zm96 0h22.4c6.4 0 12.8-6.4 12.8-12.8V204.8c0-6.4-6.4-12.8-12.8-12.8h-22.4c-6.4 0-12.8 6.4-12.8 12.8v134.4c0 6.4 6.4 12.8 12.8 12.8zM496 400H48V80c0-8.84-7.16-16-16-16H16C7.16 64 0 71.16 0 80v336c0 17.67 14.33 32 32 32h464c8.84 0 16-7.16 16-16v-16c0-8.84-7.16-16-16-16zm-387.2-48h22.4c6.4 0 12.8-6.4 12.8-12.8v-70.4c0-6.4-6.4-12.8-12.8-12.8h-22.4c-6.4 0-12.8 6.4-12.8 12.8v70.4c0 6.4 6.4 12.8 12.8 12.8z\" class=\"\"><\/path><\/svg><\/i> <img loading=\"lazy\" decoding=\"async\" width=\"16\" height=\"16\" alt=\"Loading\" src=\"https:\/\/temucotelevision.cl\/web\/wp-content\/plugins\/page-views-count\/ajax-loader-2x.gif\" border=0 \/><\/p><div class=\"pvc_clear\"><\/div>\n<ul class=\"wp-block-list\"><li>Mar\u00eda Jos\u00e9 G\u00f3mez destac\u00f3 que en los \u00faltimos cuatro a\u00f1os, el Gobierno del Presidente Sebasti\u00e1n Pi\u00f1era ha invertido m\u00e1s de 5.500 millones de pesos para mejorar la seguridad en la regi\u00f3n.<\/li><\/ul>\n\n\n\n<p>En el marco del Plan Calle Segura, la Subsecretaria de Prevenci\u00f3n del Delito, Mar\u00eda Jos\u00e9 G\u00f3mez, inaugur\u00f3 este jueves la central de monitorio de drones de La Araucan\u00eda, durante una visita a la regi\u00f3n.<\/p>\n\n\n\n<p>La puesta en marcha de este proyecto consider\u00f3 una inversi\u00f3n p\u00fablica total de $1.017 millones. La nueva sala procesar\u00e1 y almacenar\u00e1 im\u00e1genes provenientes de cuatro drones que ya operan en La Araucan\u00eda.<\/p>\n\n\n\n<p>Acompa\u00f1ada por el Delegado Presidencial V\u00edctor Manoli, la Subsecretaria destac\u00f3 que el Plan Calle Segura tiene entre sus ejes dotar de m\u00e1s y mejor tecnolog\u00eda a los territorios para que puedan combatir el delito y la violencia. En ese contexto, subray\u00f3 que la seguridad p\u00fablica ha sido una prioridad para el Gobierno del Presidente Sebasti\u00e1n Pi\u00f1era desde el d\u00eda uno, en l\u00ednea con el lugar central que el tema tiene para la ciudadan\u00eda.&nbsp;<\/p>\n\n\n\n<p>\u201cHemos realizado inversiones y proyectos que nos han permitido ir apoyando los temas de seguridad. Estos drones est\u00e1n al servicio de las 32 comunas de la Regi\u00f3n de La Araucan\u00eda y realizan labores de patrullaje en coordinaci\u00f3n con los municipios y las polic\u00edas\u201d, enfatiz\u00f3 G\u00f3mez.<\/p>\n\n\n\n<p>\u201cLas im\u00e1genes de estos drones, de alta definici\u00f3n, son adem\u00e1s valiosos medios de prueba en las investigaciones que realiza el Ministerio P\u00fablico para poder perseguir il\u00edcitos y sancionarlos de la manera que corresponde\u201d, agreg\u00f3 la autoridad. En el mismo contexto, el Delegado Presidencia regional, V\u00edctor Manoli, agreg\u00f3 que \u201cnos sentimos muy contentos y orgullosos de inaugurar esta sala de monitoreo que ven\u00eda funcionando en marcha blanca, pero que ya ha permitido el monitoreo y detenciones en il\u00edcitos como transferencia de drogas o robos, los que han sido detectado con los drones que se manejan desde la Delegaci\u00f3n regional\u201d.&nbsp;<\/p>\n\n\n\n<p>Manoli destac\u00f3 la presencia de los dos generales de Carabineros en la regi\u00f3n, adem\u00e1s del Fiscal regional la jefa regional de la Polic\u00eda de Investigaciones, y el Alcalde de Temuco, \u201cquien tambi\u00e9n es parte importante en la prevenci\u00f3n de delitos y seguimiento de estos actos\u201d, reconoci\u00f3 Manoli<\/p>\n\n\n\n<p>Finalmente, Mar\u00eda Jos\u00e9 G\u00f3mez inform\u00f3 que el Gobierno, a trav\u00e9s de la Subsecretar\u00eda de Prevenci\u00f3n del Delito, ha invertido en los \u00faltimos cuatro a\u00f1os m\u00e1s de 5.500 millones de pesos para mejorar la seguridad en la regi\u00f3n.<\/p>\n\n\n\n<p>El programa de Televigilancia M\u00f3vil con drones funciona en La Araucan\u00eda desde el a\u00f1o 2019, suma sobre 1.600 horas de vuelo y, a la fecha, ha permitido detener a m\u00e1s de 255 personas.&nbsp;<\/p>\n\n\n\n<p>El plan se ejecuta actualmente en 10 regiones del pa\u00eds.\u00a0\u00a0<\/p>\n\n\n\n<figure class=\"wp-block-image size-large\"><img loading=\"lazy\" decoding=\"async\" width=\"1024\" height=\"768\" src=\"https:\/\/temucotelevision.cl\/web\/wp-content\/uploads\/2021\/12\/Monitoreo3-1024x768.jpg\" alt=\"\" class=\"wp-image-27807\" srcset=\"https:\/\/temucotelevision.cl\/web\/wp-content\/uploads\/2021\/12\/Monitoreo3-1024x768.jpg 1024w, https:\/\/temucotelevision.cl\/web\/wp-content\/uploads\/2021\/12\/Monitoreo3-768x576.jpg 768w, https:\/\/temucotelevision.cl\/web\/wp-content\/uploads\/2021\/12\/Monitoreo3-1536x1152.jpg 1536w, https:\/\/temucotelevision.cl\/web\/wp-content\/uploads\/2021\/12\/Monitoreo3.jpg 1600w\" sizes=\"auto, (max-width: 1024px) 100vw, 1024px\" \/><\/figure>\n","protected":false},"excerpt":{"rendered":"<div class=\"pvc_clear\"><\/div>\n<p id=\"pvc_stats_27805\" class=\"pvc_stats total_only  \" data-element-id=\"27805\" style=\"\"><i class=\"pvc-stats-icon large\" aria-hidden=\"true\"><svg aria-hidden=\"true\" focusable=\"false\" data-prefix=\"far\" data-icon=\"chart-bar\" role=\"img\" xmlns=\"http:\/\/www.w3.org\/2000\/svg\" viewBox=\"0 0 512 512\" class=\"svg-inline--fa fa-chart-bar fa-w-16 fa-2x\"><path fill=\"currentColor\" d=\"M396.8 352h22.4c6.4 0 12.8-6.4 12.8-12.8V108.8c0-6.4-6.4-12.8-12.8-12.8h-22.4c-6.4 0-12.8 6.4-12.8 12.8v230.4c0 6.4 6.4 12.8 12.8 12.8zm-192 0h22.4c6.4 0 12.8-6.4 12.8-12.8V140.8c0-6.4-6.4-12.8-12.8-12.8h-22.4c-6.4 0-12.8 6.4-12.8 12.8v198.4c0 6.4 6.4 12.8 12.8 12.8zm96 0h22.4c6.4 0 12.8-6.4 12.8-12.8V204.8c0-6.4-6.4-12.8-12.8-12.8h-22.4c-6.4 0-12.8 6.4-12.8 12.8v134.4c0 6.4 6.4 12.8 12.8 12.8zM496 400H48V80c0-8.84-7.16-16-16-16H16C7.16 64 0 71.16 0 80v336c0 17.67 14.33 32 32 32h464c8.84 0 16-7.16 16-16v-16c0-8.84-7.16-16-16-16zm-387.2-48h22.4c6.4 0 12.8-6.4 12.8-12.8v-70.4c0-6.4-6.4-12.8-12.8-12.8h-22.4c-6.4 0-12.8 6.4-12.8 12.8v70.4c0 6.4 6.4 12.8 12.8 12.8z\" class=\"\"><\/path><\/svg><\/i> <img loading=\"lazy\" decoding=\"async\" width=\"16\" height=\"16\" alt=\"Loading\" src=\"https:\/\/temucotelevision.cl\/web\/wp-content\/plugins\/page-views-count\/ajax-loader-2x.gif\" border=0 \/><\/p>\n<div class=\"pvc_clear\"><\/div>\n<p>Mar\u00eda Jos\u00e9 G\u00f3mez destac\u00f3 que en los \u00faltimos cuatro a\u00f1os, el Gobierno del Presidente Sebasti\u00e1n Pi\u00f1era ha invertido m\u00e1s de<\/p>\n","protected":false},"author":1,"featured_media":27806,"comment_status":"open","ping_status":"open","sticky":false,"template":"","format":"standard","meta":{"colormag_page_container_layout":"default_layout","colormag_page_sidebar_layout":"default_layout","footnotes":""},"categories":[15],"tags":[397,2612,170,986],"class_list":["post-27805","post","type-post","status-publish","format-standard","has-post-thumbnail","hentry","category-la-araucania","tag-drones","tag-monitoreo","tag-region","tag-vigilancia"],"a3_pvc":{"activated":true,"total_views":101,"today_views":0},"_links":{"self":[{"href":"https:\/\/temucotelevision.cl\/web\/wp-json\/wp\/v2\/posts\/27805","targetHints":{"allow":["GET"]}}],"collection":[{"href":"https:\/\/temucotelevision.cl\/web\/wp-json\/wp\/v2\/posts"}],"about":[{"href":"https:\/\/temucotelevision.cl\/web\/wp-json\/wp\/v2\/types\/post"}],"author":[{"embeddable":true,"href":"https:\/\/temucotelevision.cl\/web\/wp-json\/wp\/v2\/users\/1"}],"replies":[{"embeddable":true,"href":"https:\/\/temucotelevision.cl\/web\/wp-json\/wp\/v2\/comments?post=27805"}],"version-history":[{"count":1,"href":"https:\/\/temucotelevision.cl\/web\/wp-json\/wp\/v2\/posts\/27805\/revisions"}],"predecessor-version":[{"id":27808,"href":"https:\/\/temucotelevision.cl\/web\/wp-json\/wp\/v2\/posts\/27805\/revisions\/27808"}],"wp:featuredmedia":[{"embeddable":true,"href":"https:\/\/temucotelevision.cl\/web\/wp-json\/wp\/v2\/media\/27806"}],"wp:attachment":[{"href":"https:\/\/temucotelevision.cl\/web\/wp-json\/wp\/v2\/media?parent=27805"}],"wp:term":[{"taxonomy":"category","embeddable":true,"href":"https:\/\/temucotelevision.cl\/web\/wp-json\/wp\/v2\/categories?post=27805"},{"taxonomy":"post_tag","embeddable":true,"href":"https:\/\/temucotelevision.cl\/web\/wp-json\/wp\/v2\/tags?post=27805"}],"curies":[{"name":"wp","href":"https:\/\/api.w.org\/{rel}","templated":true}]}}