{"id":27803,"date":"2021-12-02T18:39:17","date_gmt":"2021-12-02T21:39:17","guid":{"rendered":"https:\/\/temucotelevision.cl\/web\/?p=27803"},"modified":"2021-12-02T18:39:18","modified_gmt":"2021-12-02T21:39:18","slug":"relatores-de-ddhh-interpelan-al-gobierno-de-chile-por-criminalizacion-del-comercio-ambulante","status":"publish","type":"post","link":"https:\/\/temucotelevision.cl\/web\/2021\/12\/02\/relatores-de-ddhh-interpelan-al-gobierno-de-chile-por-criminalizacion-del-comercio-ambulante\/","title":{"rendered":"Relatores de DDHH interpelan al Gobierno de Chile por criminalizaci\u00f3n del comercio ambulante"},"content":{"rendered":"<div class=\"pvc_clear\"><\/div><p id=\"pvc_stats_27803\" class=\"pvc_stats total_only  \" data-element-id=\"27803\" style=\"\"><i class=\"pvc-stats-icon large\" aria-hidden=\"true\"><svg aria-hidden=\"true\" focusable=\"false\" data-prefix=\"far\" data-icon=\"chart-bar\" role=\"img\" xmlns=\"http:\/\/www.w3.org\/2000\/svg\" viewBox=\"0 0 512 512\" class=\"svg-inline--fa fa-chart-bar fa-w-16 fa-2x\"><path fill=\"currentColor\" d=\"M396.8 352h22.4c6.4 0 12.8-6.4 12.8-12.8V108.8c0-6.4-6.4-12.8-12.8-12.8h-22.4c-6.4 0-12.8 6.4-12.8 12.8v230.4c0 6.4 6.4 12.8 12.8 12.8zm-192 0h22.4c6.4 0 12.8-6.4 12.8-12.8V140.8c0-6.4-6.4-12.8-12.8-12.8h-22.4c-6.4 0-12.8 6.4-12.8 12.8v198.4c0 6.4 6.4 12.8 12.8 12.8zm96 0h22.4c6.4 0 12.8-6.4 12.8-12.8V204.8c0-6.4-6.4-12.8-12.8-12.8h-22.4c-6.4 0-12.8 6.4-12.8 12.8v134.4c0 6.4 6.4 12.8 12.8 12.8zM496 400H48V80c0-8.84-7.16-16-16-16H16C7.16 64 0 71.16 0 80v336c0 17.67 14.33 32 32 32h464c8.84 0 16-7.16 16-16v-16c0-8.84-7.16-16-16-16zm-387.2-48h22.4c6.4 0 12.8-6.4 12.8-12.8v-70.4c0-6.4-6.4-12.8-12.8-12.8h-22.4c-6.4 0-12.8 6.4-12.8 12.8v70.4c0 6.4 6.4 12.8 12.8 12.8z\" class=\"\"><\/path><\/svg><\/i> <img loading=\"lazy\" decoding=\"async\" width=\"16\" height=\"16\" alt=\"Loading\" src=\"https:\/\/temucotelevision.cl\/web\/wp-content\/plugins\/page-views-count\/ajax-loader-2x.gif\" border=0 \/><\/p><div class=\"pvc_clear\"><\/div>\n<p>El 28 de mayo de 2021, dos Procedimientos Especiales del Consejo de Derechos Humanos&nbsp; interpelaron al Gobierno de Chile en relaci\u00f3n con los hechos de violaci\u00f3n de derechos denunciados por la Red de Defensa de los Territorios Araucan\u00eda y el CETIM. La interpelaci\u00f3n trata de la criminalizaci\u00f3n y el maltrato de las trabajadoras del comercio ambulante, entre \u00e9stas a las integrantes de diversas comunidades Mapuche en la ciudad de Temuco, en la regi\u00f3n de la Araucan\u00eda de Chile, as\u00ed como tambi\u00e9n a trabajadoras y trabajadores chilenas y migrantes del comercio ambulante.<\/p>\n\n\n\n<p>El Relator Especial de Naciones Unidas sobre la extrema pobreza y los derechos humanos y el Relator Especial de Naciones Unidas sobre los derechos de los pueblos ind\u00edgenas, autores de la interpelaci\u00f3n, informaron sobre la extrema pobreza en Chile, y en particular en la regi\u00f3n de la Araucan\u00eda. Tambi\u00e9n destacan la importancia del comercio informal de las poblaciones rurales, la cual es una tradici\u00f3n ancestral. Los Relatores recuerdan la obligaci\u00f3n de Chile, en virtud del Convenio 169 de la OIT sobre los pueblos ind\u00edgenas y tribales, de reconocer las actividades culturales de las comunidades ind\u00edgenas para garantizar su autosuficiencia y desarrollo econ\u00f3mico.<\/p>\n\n\n\n<p>Adem\u00e1s, los Relatores deducen que el comercio informal es legal, dado que la Constituci\u00f3n chilena garantiza la libertad de ejercer una actividad econ\u00f3mica siempre que no sea contraria a la moral, al orden p\u00fablico o a la seguridad nacional y no contradiga la ley.[1] [e2] &nbsp;La regulaci\u00f3n del comercio informal es competencia de los municipios en Chile, que pueden regular estas actividades con ordenanzas. Sobre esta base legal, la ciudad de Temuco emiti\u00f3 en 2018 la Ordenanza N\u00ba 3 para prohibir el comercio ambulante en el centro de la ciudad. Los Relatores denuncian que la Ordenanza ha sido aplicada por las fuerzas de polic\u00eda y que en el proceso, las mujeres comerciantes fueron objeto de <strong>continuas violencias y represiones, y de tratos crueles, inhumanos y degradantes por parte de los inspectores municipales. Las presuntas violaciones son las del derecho a la vida, la integridad f\u00edsica, la libertad y la seguridad, y la libertad de trabajo.<\/strong> Los Relatores tambi\u00e9n mencionan el impacto de la pandemia de Covid-19 en la situaci\u00f3n de las poblaciones mencionadas.&nbsp;<\/p>\n\n\n\n<p>&nbsp;La interpelaci\u00f3n trata igualmente del impacto socioecon\u00f3mico de la prohibici\u00f3n del comercio ambulante en Temuco, adem\u00e1s de analizar la participaci\u00f3n libre, previa e informada de los pueblos ind\u00edgenas seg\u00fan el Convenio 169 de la OIT. En este sentido, los Relatores afirman que la ordenanza emitida por la Municipalidad de Temuco afecta directamente los derechos de los pueblos ind\u00edgenas, y sin embargo no se realiz\u00f3 ninguna consulta en el proceso. El documento de los expertos de la ONU&nbsp; concluye con una serie de ocho preguntas dirigidas al Gobierno de Chile para que aclare la situaci\u00f3n, y con un anexo en el que se recuerdan los instrumentos del derecho internacional de los derechos humanos aplicables en este caso y que Chile tiene que respetar.<\/p>\n\n\n\n<p>&nbsp;<strong>La respuesta del Gobierno y la Municipalidad de Temuco<\/strong><\/p>\n\n\n\n<p>El 28 de julio de 2021, dos meses despu\u00e9s de que los Relatores enviaran la interpelaci\u00f3n, Chile emiti\u00f3 una respuesta. El documento de respuesta fue elaborado por la Municipalidad de Temuco y el Ministerio de Desarrollo Social y Familia. La Municipalidad de Temuco comienza su respuesta se\u00f1alando que cuando reci\u00e9n asumida el 28 de junio de 2021, ofreci\u00f3 disculpas p\u00fablicas a las mujeres afectadas por la prohibici\u00f3n del comercio ambulante y las invit\u00f3 a una nueva forma de comunicaci\u00f3n. Indic\u00f3 que se comprometi\u00f3 a capacitar a sus funcionarios y a la comunidad de Temuco para que respeten los derechos humanos en sus relaciones con las mujeres Mapuche. En cuanto a la ordenanza que proh\u00edbe el comercio ambulante en el centro de Temuco, la Municipalidad comunic\u00f3 que se est\u00e1 trabajando para modificarla a la luz de las normas chilenas e internacionales. Estos elementos de la respuesta constituyen una respuesta parcial a las solicitudes de los Relatores Especiales relativas a los medios aplicados para garantizar el respeto de la integridad f\u00edsica y psicol\u00f3gica de la persona, de la libertad y de la seguridad, as\u00ed como del derecho a la libertad de trabajo de las personas que viven del comercio ambulante (pregunta n\u00ba 2).<\/p>\n\n\n\n<p>Frente al pedido de los Relatores Especiales de proporcionar informaci\u00f3n sobre los medios implementados para garantizar que las mujeres ind\u00edgenas comerciantes no entren en una espiral de precariedad y pobreza, principalmente en el contexto de Covid-19 (pregunta n\u00b0 3), la respuesta del Ministerio de Desarrollo Social y Familia se refiere a las medidas puestas en marcha en el marco de Covid-19. Una respuesta insuficiente ya que no se refiere a una medida en especial desarrollada para el comercio ambulante de Temuco. El Ministerio indica que ha actuado para crear diferentes apoyos con el objetivo de reforzar la Red de Protecci\u00f3n Social y ayudar a las familias que han visto una ca\u00edda importante de sus ingresos. Sin embargo, a priori no se han establecido medidas espec\u00edficas para proteger a\u00fan m\u00e1s a la poblaci\u00f3n ind\u00edgena de la pobreza extrema.<\/p>\n\n\n\n<p>En cuanto a la obligaci\u00f3n del Estado de consultar a los pueblos ind\u00edgenas antes de la adopci\u00f3n de medidas legislativas o administrativas (pregunta n\u00ba 5), el Ministerio recuerda la entrada en vigor en marzo de 2014 del Decreto Supremo n\u00ba 66, que supone regular las consultas a los pueblos ind\u00edgenas, listando los 88 procesos de consulta realizados desde 2009 en el pa\u00eds, ninguno de los cuales se relaciona con la Ordenanza que proh\u00edbe el comercio ambulante en el centro de Temuco.<\/p>\n\n\n\n<p>Aparte de estos pocos elementos de respuesta, Chile ignora 5 de las 8 preguntas de la comunicaci\u00f3n. En efecto, la Municipalidad de Temuco y el Ministerio no proporcionaron ninguna informaci\u00f3n sobre las alegaciones formuladas (pregunta n\u00b0 1), ni sobre los medios aplicados para garantizar los derechos sociales, econ\u00f3micos y culturales de los pueblos ind\u00edgenas, incluido el derecho al trabajo (pregunta n\u00b0 4). No se proporcion\u00f3 ning\u00fan comentario sobre las medidas adoptadas para garantizar que las fuerzas policiales respeten los derechos humanos establecidos en los Principios B\u00e1sicos de la ONU (pregunta n\u00b0 6), ni sobre la persecuci\u00f3n del incumplimiento (pregunta n\u00b0 7). Por \u00faltimo, la respuesta de Chile no contiene ninguna informaci\u00f3n sobre las pol\u00edticas y medidas preventivas y de sensibilizaci\u00f3n adoptadas para combatir la represi\u00f3n y la criminalizaci\u00f3n de las trabajadoras del comercio informal (pregunta n\u00b0 8).<\/p>\n\n\n\n<p>Desde la Red de Defensa de los Territorios, se\u00f1alaron que \u201c&#8230;esta interpelaci\u00f3n de dos Relatores de la ONU al Estado de Chile, demuestra que las prohibiciones del ejercicio del comercio ambulante son incompatibles con el respeto al marco internacional de derechos humanos. El Decreto Supremo 66\/2014 que regula la Consulta a Pueblos Ind\u00edgenas en la pr\u00e1ctica limita la consulta en Chile, cercenando el derecho de los pueblos originarios a participar de las decisiones que les afectan. La ordenanza N\u00b03 de Temuco deber\u00eda, por tanto, ser derogada, para desarrollar una nueva normativa comunal con la participaci\u00f3n efectiva de las y los comerciantes ambulantes, que garantice el ejercicio del derecho al trabajo, la participaci\u00f3n, la integridad f\u00edsica y ps\u00edquica de todas y todos los habitantes de la ciudad, incluyendo a las y los propios trabajadores del comercio ambulante\u201d.<\/p>\n\n\n\n<p>Desde el CETIM se\u00f1alaron que \u201cahora las autoridades competentes tienen el deber de rectificar esta situaci\u00f3n que vulnera los derechos humanos de las poblaciones m\u00e1s vulnerables del pa\u00eds, siguiendo lo dicho por los Relatores Especiales y sobre todo cuanto reivindicado por las y los representantes de las comunidades afectadas. Cabe resaltar la importancia de la intervenci\u00f3n de las Relator\u00edas de la ONU, la cual demuestra el rol positivo que dichos mecanismos pueden jugar de cara a corregir situaciones de no-derecho a nivel local o nacional. Se trata de apropiarse de estos mecanismos y ponerlos al servicio de las demandas sociales que emanan del terreno.\u201d.<\/p>\n\n\n\n<p>La Red de Defensa de los Territorios de La Araucan\u00eda y el CETIM seguir\u00e1n comprometidos con el destino de los comerciantes ambulantes de Temuco, y continuar\u00e1n sus esfuerzos (a nivel local, nacional e internacional) para proteger sus derechos y tradiciones ancestrales, permiti\u00e9ndoles salir de la extrema pobreza. En este sentido, y de cara a la respuesta exigua de las autoridades, las dos organizaciones continuar\u00e1n el trabajo de incidencia para derogar la Ordenanza y regular el comercio ambulante con el f\u00edn de proteger los derechos de las poblaciones afectadas.<\/p>\n","protected":false},"excerpt":{"rendered":"<div class=\"pvc_clear\"><\/div>\n<p id=\"pvc_stats_27803\" class=\"pvc_stats total_only  \" data-element-id=\"27803\" style=\"\"><i class=\"pvc-stats-icon large\" aria-hidden=\"true\"><svg aria-hidden=\"true\" focusable=\"false\" data-prefix=\"far\" data-icon=\"chart-bar\" role=\"img\" xmlns=\"http:\/\/www.w3.org\/2000\/svg\" viewBox=\"0 0 512 512\" class=\"svg-inline--fa fa-chart-bar fa-w-16 fa-2x\"><path fill=\"currentColor\" d=\"M396.8 352h22.4c6.4 0 12.8-6.4 12.8-12.8V108.8c0-6.4-6.4-12.8-12.8-12.8h-22.4c-6.4 0-12.8 6.4-12.8 12.8v230.4c0 6.4 6.4 12.8 12.8 12.8zm-192 0h22.4c6.4 0 12.8-6.4 12.8-12.8V140.8c0-6.4-6.4-12.8-12.8-12.8h-22.4c-6.4 0-12.8 6.4-12.8 12.8v198.4c0 6.4 6.4 12.8 12.8 12.8zm96 0h22.4c6.4 0 12.8-6.4 12.8-12.8V204.8c0-6.4-6.4-12.8-12.8-12.8h-22.4c-6.4 0-12.8 6.4-12.8 12.8v134.4c0 6.4 6.4 12.8 12.8 12.8zM496 400H48V80c0-8.84-7.16-16-16-16H16C7.16 64 0 71.16 0 80v336c0 17.67 14.33 32 32 32h464c8.84 0 16-7.16 16-16v-16c0-8.84-7.16-16-16-16zm-387.2-48h22.4c6.4 0 12.8-6.4 12.8-12.8v-70.4c0-6.4-6.4-12.8-12.8-12.8h-22.4c-6.4 0-12.8 6.4-12.8 12.8v70.4c0 6.4 6.4 12.8 12.8 12.8z\" class=\"\"><\/path><\/svg><\/i> <img loading=\"lazy\" decoding=\"async\" width=\"16\" height=\"16\" alt=\"Loading\" src=\"https:\/\/temucotelevision.cl\/web\/wp-content\/plugins\/page-views-count\/ajax-loader-2x.gif\" border=0 \/><\/p>\n<div class=\"pvc_clear\"><\/div>\n<p>El 28 de mayo de 2021, dos Procedimientos Especiales del Consejo de Derechos Humanos&nbsp; interpelaron al Gobierno de Chile en<\/p>\n","protected":false},"author":1,"featured_media":19756,"comment_status":"open","ping_status":"open","sticky":false,"template":"","format":"standard","meta":{"colormag_page_container_layout":"default_layout","colormag_page_sidebar_layout":"default_layout","footnotes":""},"categories":[101],"tags":[3606,605,915,206],"class_list":["post-27803","post","type-post","status-publish","format-standard","has-post-thumbnail","hentry","category-actualidad","tag-ambulante","tag-comercio","tag-ddhh","tag-gobierno"],"a3_pvc":{"activated":true,"total_views":68,"today_views":0},"_links":{"self":[{"href":"https:\/\/temucotelevision.cl\/web\/wp-json\/wp\/v2\/posts\/27803","targetHints":{"allow":["GET"]}}],"collection":[{"href":"https:\/\/temucotelevision.cl\/web\/wp-json\/wp\/v2\/posts"}],"about":[{"href":"https:\/\/temucotelevision.cl\/web\/wp-json\/wp\/v2\/types\/post"}],"author":[{"embeddable":true,"href":"https:\/\/temucotelevision.cl\/web\/wp-json\/wp\/v2\/users\/1"}],"replies":[{"embeddable":true,"href":"https:\/\/temucotelevision.cl\/web\/wp-json\/wp\/v2\/comments?post=27803"}],"version-history":[{"count":1,"href":"https:\/\/temucotelevision.cl\/web\/wp-json\/wp\/v2\/posts\/27803\/revisions"}],"predecessor-version":[{"id":27804,"href":"https:\/\/temucotelevision.cl\/web\/wp-json\/wp\/v2\/posts\/27803\/revisions\/27804"}],"wp:featuredmedia":[{"embeddable":true,"href":"https:\/\/temucotelevision.cl\/web\/wp-json\/wp\/v2\/media\/19756"}],"wp:attachment":[{"href":"https:\/\/temucotelevision.cl\/web\/wp-json\/wp\/v2\/media?parent=27803"}],"wp:term":[{"taxonomy":"category","embeddable":true,"href":"https:\/\/temucotelevision.cl\/web\/wp-json\/wp\/v2\/categories?post=27803"},{"taxonomy":"post_tag","embeddable":true,"href":"https:\/\/temucotelevision.cl\/web\/wp-json\/wp\/v2\/tags?post=27803"}],"curies":[{"name":"wp","href":"https:\/\/api.w.org\/{rel}","templated":true}]}}