{"id":27745,"date":"2021-11-29T21:41:04","date_gmt":"2021-11-30T00:41:04","guid":{"rendered":"https:\/\/temucotelevision.cl\/web\/?p=27745"},"modified":"2021-11-29T22:22:03","modified_gmt":"2021-11-30T01:22:03","slug":"senadora-aravena-la-incautacion-de-arsenal-de-guerra-demuestra-el-poder-de-fuego-del-crimen-organizado-y-terrorismo-en-la-araucania","status":"publish","type":"post","link":"https:\/\/temucotelevision.cl\/web\/2021\/11\/29\/senadora-aravena-la-incautacion-de-arsenal-de-guerra-demuestra-el-poder-de-fuego-del-crimen-organizado-y-terrorismo-en-la-araucania\/","title":{"rendered":"Senadora Aravena: \u201cLa incautaci\u00f3n de arsenal de guerra demuestra el poder de fuego del crimen organizado y terrorismo en La Araucan\u00eda\u201d"},"content":{"rendered":"<div class=\"pvc_clear\"><\/div><p id=\"pvc_stats_27745\" class=\"pvc_stats total_only  \" data-element-id=\"27745\" style=\"\"><i class=\"pvc-stats-icon large\" aria-hidden=\"true\"><svg aria-hidden=\"true\" focusable=\"false\" data-prefix=\"far\" data-icon=\"chart-bar\" role=\"img\" xmlns=\"http:\/\/www.w3.org\/2000\/svg\" viewBox=\"0 0 512 512\" class=\"svg-inline--fa fa-chart-bar fa-w-16 fa-2x\"><path fill=\"currentColor\" d=\"M396.8 352h22.4c6.4 0 12.8-6.4 12.8-12.8V108.8c0-6.4-6.4-12.8-12.8-12.8h-22.4c-6.4 0-12.8 6.4-12.8 12.8v230.4c0 6.4 6.4 12.8 12.8 12.8zm-192 0h22.4c6.4 0 12.8-6.4 12.8-12.8V140.8c0-6.4-6.4-12.8-12.8-12.8h-22.4c-6.4 0-12.8 6.4-12.8 12.8v198.4c0 6.4 6.4 12.8 12.8 12.8zm96 0h22.4c6.4 0 12.8-6.4 12.8-12.8V204.8c0-6.4-6.4-12.8-12.8-12.8h-22.4c-6.4 0-12.8 6.4-12.8 12.8v134.4c0 6.4 6.4 12.8 12.8 12.8zM496 400H48V80c0-8.84-7.16-16-16-16H16C7.16 64 0 71.16 0 80v336c0 17.67 14.33 32 32 32h464c8.84 0 16-7.16 16-16v-16c0-8.84-7.16-16-16-16zm-387.2-48h22.4c6.4 0 12.8-6.4 12.8-12.8v-70.4c0-6.4-6.4-12.8-12.8-12.8h-22.4c-6.4 0-12.8 6.4-12.8 12.8v70.4c0 6.4 6.4 12.8 12.8 12.8z\" class=\"\"><\/path><\/svg><\/i> <img loading=\"lazy\" decoding=\"async\" width=\"16\" height=\"16\" alt=\"Loading\" src=\"https:\/\/temucotelevision.cl\/web\/wp-content\/plugins\/page-views-count\/ajax-loader-2x.gif\" border=0 \/><\/p><div class=\"pvc_clear\"><\/div>\n<p class=\"wp-block-paragraph\"><em>La parlamentaria pidi\u00f3 la condena transversal en este hecho y en los ataques que tuvieron lugar este fin de semana en la comuna de Lonquimay.<\/em><\/p>\n\n\n\n<p class=\"wp-block-paragraph\">La senadora Carmen Gloria Aravena manifest\u00f3 su preocupaci\u00f3n tras la incautaci\u00f3n de una&nbsp;&nbsp;gran cantidad de armas de alto poder de fuego en la regi\u00f3n de&nbsp;&nbsp;La Araucan\u00eda, diligencia que se concret\u00f3 luego de que se detectara una encomienda en el Aeropuerto Pudahuel, la cual conten\u00eda partes met\u00e1licas y pl\u00e1sticas de armamentos, lo que ten\u00eda como destino la ciudad de Temuco.<\/p>\n\n\n\n<p class=\"wp-block-paragraph\">Al respecto, la parlamentaria por La Araucan\u00eda indic\u00f3: \u201cNadie puede negar que el terrorismo se ha apoderado de La Araucan\u00eda y la Macrozona Sur.\u00a0<strong>La\u00a0incautaci\u00f3n de fusiles, escopetas, pistolas, rifles y municiones,\u00a0demuestra el gran poder de fuego del crimen organizado y terrorismo en nuestra regi\u00f3n.<\/strong>\u00a0Estamos hablando que luego de diversos allanamientos en Temuco y Talcahuano se encontr\u00f3 un verdadero arsenal de guerra\u201d.<\/p>\n\n\n\n<figure class=\"wp-block-image size-large\"><img loading=\"lazy\" decoding=\"async\" width=\"1024\" height=\"772\" src=\"https:\/\/temucotelevision.cl\/web\/wp-content\/uploads\/2021\/11\/Captura-de-pantalla-2021-11-29-a-las-22.21.08-1024x772.png\" alt=\"\" class=\"wp-image-27749\" srcset=\"https:\/\/temucotelevision.cl\/web\/wp-content\/uploads\/2021\/11\/Captura-de-pantalla-2021-11-29-a-las-22.21.08-1024x772.png 1024w, https:\/\/temucotelevision.cl\/web\/wp-content\/uploads\/2021\/11\/Captura-de-pantalla-2021-11-29-a-las-22.21.08-768x579.png 768w, https:\/\/temucotelevision.cl\/web\/wp-content\/uploads\/2021\/11\/Captura-de-pantalla-2021-11-29-a-las-22.21.08.png 1510w\" sizes=\"auto, (max-width: 1024px) 100vw, 1024px\" \/><\/figure>\n\n\n\n<p class=\"wp-block-paragraph\">De acuerdo al listado entregado por la polic\u00eda civil, en los procedimientos se incautaron una pistola Astra 300, una pistola Bersa Thunder 22, una pistola CZ P-07 calibre 9&#215;19 mil\u00edmetros, una carabina Inland M1, un fusil CZ 527, un fusil Daniel Defense M4, una pistola Glock 23 calibre .40, una escopeta Maverick calibre 12, un rifle Remington .22, una pistola Norinco .22, una pistola marca Glock con cargador extendido, tres fusiles de asalto AR-15 en perfecto estado de funcionamiento, sin n\u00famero identificatorio, una m\u00e1quina recargadora de munici\u00f3n y gran cantidad de balas.<\/p>\n\n\n\n<p class=\"wp-block-paragraph\">Asimismo, Aravena solicit\u00f3 prestar atenci\u00f3n a la extensi\u00f3n de los hechos de violencia hacia otros puntos de la regi\u00f3n, como ocurri\u00f3 este fin de semana en Lonquimay, donde primero se registr\u00f3 un incendio en el&nbsp;refugio y cafeter\u00eda del Centro de monta\u00f1a Arenales y despu\u00e9s un atentado en el sector de Laguna Galletu\u00e9 destruy\u00f3 tres caba\u00f1as y un bote.<\/p>\n\n\n\n<p class=\"wp-block-paragraph\">\u201cNo se puede tener un doble discurso. Si no se est\u00e1 de acuerdo con la violencia, \u00e9sta se debe condenar, y se debe aprobar la extensi\u00f3n del estado de emergencia, que ha permitido una disminuci\u00f3n de los atentados en la macrozona sur. Debemos condenar la violencia y legislar con prontitud los proyectos de ley que buscan dar soluci\u00f3n a este conflicto\u201d, puntualiz\u00f3.<\/p>\n\n\n\n<figure class=\"wp-block-image size-large\"><img loading=\"lazy\" decoding=\"async\" width=\"1024\" height=\"765\" src=\"https:\/\/temucotelevision.cl\/web\/wp-content\/uploads\/2021\/11\/Captura-de-pantalla-2021-11-29-a-las-22.20.24-1024x765.png\" alt=\"\" class=\"wp-image-27747\" srcset=\"https:\/\/temucotelevision.cl\/web\/wp-content\/uploads\/2021\/11\/Captura-de-pantalla-2021-11-29-a-las-22.20.24-1024x765.png 1024w, https:\/\/temucotelevision.cl\/web\/wp-content\/uploads\/2021\/11\/Captura-de-pantalla-2021-11-29-a-las-22.20.24-768x574.png 768w, https:\/\/temucotelevision.cl\/web\/wp-content\/uploads\/2021\/11\/Captura-de-pantalla-2021-11-29-a-las-22.20.24.png 1510w\" sizes=\"auto, (max-width: 1024px) 100vw, 1024px\" \/><\/figure>\n","protected":false},"excerpt":{"rendered":"<div class=\"pvc_clear\"><\/div>\n<p id=\"pvc_stats_27745\" class=\"pvc_stats total_only  \" data-element-id=\"27745\" style=\"\"><i class=\"pvc-stats-icon large\" aria-hidden=\"true\"><svg aria-hidden=\"true\" focusable=\"false\" data-prefix=\"far\" data-icon=\"chart-bar\" role=\"img\" xmlns=\"http:\/\/www.w3.org\/2000\/svg\" viewBox=\"0 0 512 512\" class=\"svg-inline--fa fa-chart-bar fa-w-16 fa-2x\"><path fill=\"currentColor\" d=\"M396.8 352h22.4c6.4 0 12.8-6.4 12.8-12.8V108.8c0-6.4-6.4-12.8-12.8-12.8h-22.4c-6.4 0-12.8 6.4-12.8 12.8v230.4c0 6.4 6.4 12.8 12.8 12.8zm-192 0h22.4c6.4 0 12.8-6.4 12.8-12.8V140.8c0-6.4-6.4-12.8-12.8-12.8h-22.4c-6.4 0-12.8 6.4-12.8 12.8v198.4c0 6.4 6.4 12.8 12.8 12.8zm96 0h22.4c6.4 0 12.8-6.4 12.8-12.8V204.8c0-6.4-6.4-12.8-12.8-12.8h-22.4c-6.4 0-12.8 6.4-12.8 12.8v134.4c0 6.4 6.4 12.8 12.8 12.8zM496 400H48V80c0-8.84-7.16-16-16-16H16C7.16 64 0 71.16 0 80v336c0 17.67 14.33 32 32 32h464c8.84 0 16-7.16 16-16v-16c0-8.84-7.16-16-16-16zm-387.2-48h22.4c6.4 0 12.8-6.4 12.8-12.8v-70.4c0-6.4-6.4-12.8-12.8-12.8h-22.4c-6.4 0-12.8 6.4-12.8 12.8v70.4c0 6.4 6.4 12.8 12.8 12.8z\" class=\"\"><\/path><\/svg><\/i> <img loading=\"lazy\" decoding=\"async\" width=\"16\" height=\"16\" alt=\"Loading\" src=\"https:\/\/temucotelevision.cl\/web\/wp-content\/plugins\/page-views-count\/ajax-loader-2x.gif\" border=0 \/><\/p>\n<div class=\"pvc_clear\"><\/div>\n<p>La parlamentaria pidi\u00f3 la condena transversal en este hecho y en los ataques que tuvieron lugar este fin de semana<\/p>\n","protected":false},"author":1,"featured_media":12133,"comment_status":"open","ping_status":"open","sticky":false,"template":"","format":"standard","meta":{"colormag_page_container_layout":"default_layout","colormag_page_sidebar_layout":"default_layout","advanced_seo_description":"","jetpack_seo_html_title":"","jetpack_seo_noindex":false,"jetpack_seo_schema_type":"","_jetpack_newsletter_access":"","_jetpack_dont_email_post_to_subs":false,"_jetpack_newsletter_tier_id":0,"_jetpack_memberships_contains_paywalled_content":false,"_jetpack_feature_clip_id":0,"_jetpack_memberships_contains_paid_content":false,"footnotes":"","jetpack_publicize_message":"","jetpack_publicize_feature_enabled":true,"jetpack_social_post_already_shared":false,"jetpack_social_options":{"image_generator_settings":{"template":"highway","default_image_id":0,"font":"","enabled":false},"version":2},"jetpack_post_was_ever_published":false},"categories":[84,14],"tags":[1332,3707,4850,2065],"class_list":["post-27745","post","type-post","status-publish","format-standard","has-post-thumbnail","hentry","category-politica","category-temuco","tag-armas","tag-arsenal","tag-incautacion","tag-senadora"],"a3_pvc":{"activated":true,"total_views":88,"today_views":0},"jetpack_publicize_connections":[],"jetpack_sharing_enabled":true,"jetpack_likes_enabled":true,"jetpack_featured_media_url":"https:\/\/temucotelevision.cl\/web\/wp-content\/uploads\/2020\/07\/Senadora-Llamadas.jpg","_links":{"self":[{"href":"https:\/\/temucotelevision.cl\/web\/wp-json\/wp\/v2\/posts\/27745","targetHints":{"allow":["GET"]}}],"collection":[{"href":"https:\/\/temucotelevision.cl\/web\/wp-json\/wp\/v2\/posts"}],"about":[{"href":"https:\/\/temucotelevision.cl\/web\/wp-json\/wp\/v2\/types\/post"}],"author":[{"embeddable":true,"href":"https:\/\/temucotelevision.cl\/web\/wp-json\/wp\/v2\/users\/1"}],"replies":[{"embeddable":true,"href":"https:\/\/temucotelevision.cl\/web\/wp-json\/wp\/v2\/comments?post=27745"}],"version-history":[{"count":3,"href":"https:\/\/temucotelevision.cl\/web\/wp-json\/wp\/v2\/posts\/27745\/revisions"}],"predecessor-version":[{"id":27750,"href":"https:\/\/temucotelevision.cl\/web\/wp-json\/wp\/v2\/posts\/27745\/revisions\/27750"}],"wp:featuredmedia":[{"embeddable":true,"href":"https:\/\/temucotelevision.cl\/web\/wp-json\/wp\/v2\/media\/12133"}],"wp:attachment":[{"href":"https:\/\/temucotelevision.cl\/web\/wp-json\/wp\/v2\/media?parent=27745"}],"wp:term":[{"taxonomy":"category","embeddable":true,"href":"https:\/\/temucotelevision.cl\/web\/wp-json\/wp\/v2\/categories?post=27745"},{"taxonomy":"post_tag","embeddable":true,"href":"https:\/\/temucotelevision.cl\/web\/wp-json\/wp\/v2\/tags?post=27745"}],"curies":[{"name":"wp","href":"https:\/\/api.w.org\/{rel}","templated":true}]}}