{"id":26863,"date":"2021-10-30T16:33:21","date_gmt":"2021-10-30T19:33:21","guid":{"rendered":"https:\/\/temucotelevision.cl\/web\/?p=26863"},"modified":"2021-10-30T16:33:22","modified_gmt":"2021-10-30T19:33:22","slug":"bibliotecas-publicas-de-la-araucania-seran-beneficiadas-con-44-millones-del-fondo-de-mejoramiento-del-ministerio-de-las-culturas","status":"publish","type":"post","link":"https:\/\/temucotelevision.cl\/web\/2021\/10\/30\/bibliotecas-publicas-de-la-araucania-seran-beneficiadas-con-44-millones-del-fondo-de-mejoramiento-del-ministerio-de-las-culturas\/","title":{"rendered":"Bibliotecas p\u00fablicas de La Araucan\u00eda ser\u00e1n beneficiadas con $44 millones del Fondo de Mejoramiento del Ministerio de las Culturas"},"content":{"rendered":"<div class=\"pvc_clear\"><\/div><p id=\"pvc_stats_26863\" class=\"pvc_stats total_only  \" data-element-id=\"26863\" style=\"\"><i class=\"pvc-stats-icon large\" aria-hidden=\"true\"><svg aria-hidden=\"true\" focusable=\"false\" data-prefix=\"far\" data-icon=\"chart-bar\" role=\"img\" xmlns=\"http:\/\/www.w3.org\/2000\/svg\" viewBox=\"0 0 512 512\" class=\"svg-inline--fa fa-chart-bar fa-w-16 fa-2x\"><path fill=\"currentColor\" d=\"M396.8 352h22.4c6.4 0 12.8-6.4 12.8-12.8V108.8c0-6.4-6.4-12.8-12.8-12.8h-22.4c-6.4 0-12.8 6.4-12.8 12.8v230.4c0 6.4 6.4 12.8 12.8 12.8zm-192 0h22.4c6.4 0 12.8-6.4 12.8-12.8V140.8c0-6.4-6.4-12.8-12.8-12.8h-22.4c-6.4 0-12.8 6.4-12.8 12.8v198.4c0 6.4 6.4 12.8 12.8 12.8zm96 0h22.4c6.4 0 12.8-6.4 12.8-12.8V204.8c0-6.4-6.4-12.8-12.8-12.8h-22.4c-6.4 0-12.8 6.4-12.8 12.8v134.4c0 6.4 6.4 12.8 12.8 12.8zM496 400H48V80c0-8.84-7.16-16-16-16H16C7.16 64 0 71.16 0 80v336c0 17.67 14.33 32 32 32h464c8.84 0 16-7.16 16-16v-16c0-8.84-7.16-16-16-16zm-387.2-48h22.4c6.4 0 12.8-6.4 12.8-12.8v-70.4c0-6.4-6.4-12.8-12.8-12.8h-22.4c-6.4 0-12.8 6.4-12.8 12.8v70.4c0 6.4 6.4 12.8 12.8 12.8z\" class=\"\"><\/path><\/svg><\/i> <img loading=\"lazy\" decoding=\"async\" width=\"16\" height=\"16\" alt=\"Loading\" src=\"https:\/\/temucotelevision.cl\/web\/wp-content\/plugins\/page-views-count\/ajax-loader-2x.gif\" border=0 \/><\/p><div class=\"pvc_clear\"><\/div>\n<p>\u00b7&nbsp;&nbsp;&nbsp;&nbsp;&nbsp;&nbsp;&nbsp;&nbsp;&nbsp;<strong>Los proyectos recibir\u00e1n financiamiento en diversas l\u00edneas, como la renovaci\u00f3n de colecciones bibliogr\u00e1ficas, recambio de mobiliario, equipamiento para la prevenci\u00f3n del Covid- 19 y mejoramiento en infraestructura. En total se entregar\u00e1n $539.107.000 para bibliotecas a lo largo y ancho del pa\u00eds.<\/strong><\/p>\n\n\n\n<p>El Servicio Nacional del Patrimonio Cultural, dependiente del Ministerio de las Culturas, las Artes y el Patrimonio, anunci\u00f3 el listado de proyectos que recibir\u00e1n financiamiento en el marco del Programa de Mejoramiento Integral de Bibliotecas P\u00fablicas (PMI) en su segunda convocatoria 2021. Las bibliotecas de La Araucan\u00eda recibir\u00e1n$44.190.542, que permitir\u00e1n la ejecuci\u00f3n de 9 iniciativas.<\/p>\n\n\n\n<p>41 iniciativas del pa\u00eds, provenientes de trece regiones del pa\u00eds, resultaron beneficiadas por un monto de $539.107.001 para la adquisici\u00f3n de infraestructura, equipamiento y mobiliario, colecciones bibliogr\u00e1ficas y la l\u00ednea Covid- 19.<\/p>\n\n\n\n<p>\u201cPoco a poco estamos retomando la presencialidad en las salas de cine, teatros, museos y otros espacios art\u00edstico culturales, y desde luego queremos que las bibliotecas p\u00fablicas puedan tambi\u00e9n retomar su servicio a la comunidad y acercar la experiencia del libro y la lectura a las personas. La entrega de estos recursos busca justamente mejorar las condiciones en que estos espacios reciben a sus visitantes, es decir, contar con bibliotecas m\u00e1s confortables y mejor equipadas para usuarias y usuarios de todo Chile\u201d, dijo la ministra de las Culturas, Consuelo Vald\u00e9s.<\/p>\n\n\n\n<p><strong>Proyectos de La Araucan\u00eda<\/strong><\/p>\n\n\n\n<p>En La Araucan\u00eda fueron seleccionadas 9 iniciativas de 7 bibliotecas:<\/p>\n\n\n\n<p>Categor\u00eda Covid-19:<\/p>\n\n\n\n<p>\u00b7&nbsp;&nbsp;&nbsp;&nbsp;&nbsp;&nbsp;&nbsp;&nbsp;&nbsp;Biblioteca Pur\u00e9n. Monto: $3.122.560.<\/p>\n\n\n\n<p>\u00b7&nbsp;&nbsp;&nbsp;&nbsp;&nbsp;&nbsp;&nbsp;&nbsp;&nbsp;Biblioteca Lonquimay. Monto: $3.843.700 11.<\/p>\n\n\n\n<p>\u00b7&nbsp;&nbsp;&nbsp;&nbsp;&nbsp;&nbsp;&nbsp;&nbsp;&nbsp;Biblioteca Padre Las Casas. Monto:&nbsp; $4.545.012<\/p>\n\n\n\n<p>\u00b7&nbsp;&nbsp;&nbsp;&nbsp;&nbsp;&nbsp;&nbsp;&nbsp;&nbsp;Biblioteca Radal, Freire. Monto: $773.500<\/p>\n\n\n\n<p>\u00b7&nbsp;&nbsp;&nbsp;&nbsp;&nbsp;&nbsp;&nbsp;&nbsp;&nbsp;Biblioteca Quepe, Freire. Monto: $1.071.000<\/p>\n\n\n\n<p>\u00b7&nbsp;&nbsp;&nbsp;&nbsp;&nbsp;&nbsp;&nbsp;&nbsp;&nbsp;Biblioteca Freire. Monto: $1.071.000<\/p>\n\n\n\n<p>Categor\u00eda Equipamiento y mobiliario:<\/p>\n\n\n\n<p>Biblioteca Villa Austral, Temuco. Monto: $ 19.831.963<\/p>\n\n\n\n<p>Categor\u00eda Colecciones Bibliogr\u00e1ficas:<\/p>\n\n\n\n<p>Biblioteca Padre Las Casas. Monto: $ 4.996.299<\/p>\n\n\n\n<p>Biblioteca Lonquimay. Monto: $ 4.935.508<\/p>\n\n\n\n<p>El seremi Enzo Cortesi valor\u00f3 esta significativa convocatoria que beneficiar\u00e1 a bibliotecas de la regi\u00f3n, por un monto total de 44 millones de pesos. \u201cSon 9 proyectos que van en directa ayuda y optimizaci\u00f3n de la atenci\u00f3n a los usuarios, permitiendo brindar un mejor servicio. Sabemos el rol esencial que las bibliotecas cumplen en sus territorios, son espacios donde las personas se encuentran, generan v\u00ednculos, comparten en torno a los libros, al conocimiento y a la cultura, as\u00ed es que nos complace dar esta buena noticia\u201d, sostuvo Cortesi.&nbsp;<\/p>\n\n\n\n<p>El director del Servicio de Patrimonio Cultural de La Araucan\u00eda, Roberto Concha, subray\u00f3 que \u201cresulta tremendamente destacable que casi la cuarta parte de los proyectos ganadores son de nuestra regi\u00f3n, lo cual se condice con la importancia que tienen las bibliotecas p\u00fablicas en La Araucan\u00eda. Son espacios no solo para la lectura sino tambi\u00e9n de acceso a la informaci\u00f3n y a la cultura, as\u00ed como para la gesti\u00f3n de tr\u00e1mites gracias al soporte de Biblioredes, en espacios locales de las 32 comunas de la regi\u00f3n\u201d.<\/p>\n\n\n\n<p>Cecilia Contreras, encargada de la biblioteca de Lonquimay, afirm\u00f3 que \u201cestamos muy contentos con los dos proyectos que nos ganamos. Uno de ellos nos ayudar\u00e1 a adquirir colecciones de literatura infantil, juvenil, medioambiental y queremos con \u00e9l dar mayor \u00e9nfasis a la literatura local para que as\u00ed los usuarios vengan interiorizarse m\u00e1s acerca de ella. Y el otro, es de equipamiento Covid y nos permitir\u00e1 realizar nuestras actividades con mayor seguridad, con mejor protecci\u00f3n para los usuarios, podr\u00e1n venir a la biblioteca con m\u00e1s tranquilidad y seguir haciendo las actividades que tenemos programadas para m\u00e1s adelante, con toda la tranquilidad en este tiempo de pandemia\u201d.<\/p>\n\n\n\n<p>En tanto, la encargada de Bibliotecas de Freire, Hilda Sep\u00falveda, explic\u00f3 que \u201cFinanciamiento seguro en tiempos de pandemia es el proyecto que se adjudicaron las 3 bibliotecas de la comuna: Freire, Quepe y Radal, que recibir\u00e1n implementaci\u00f3n de seguridad para la atenci\u00f3n de p\u00fablico, para que as\u00ed los usuarios pueden acercarse con confianza a requerir los servicios. Los implementos son dispensadores de alcohol, separadores acr\u00edlicos y se\u00f1al\u00e9ticas de piso\u201d. Y agreg\u00f3 que \u201cel alcalde de nuestra comuna Luis Arias y el equipo de bibliotecas nos encontramos muy contentos con estas iniciativas del PMI de Bibliotecas\u201d.<\/p>\n\n\n\n<p><strong>En todo el pa\u00eds<\/strong><\/p>\n\n\n\n<p>A nivel nacional, la presente convocatoria destac\u00f3 por un considerable n\u00famero de iniciativas en la categor\u00eda Infraestructura y Conservaci\u00f3n (15 en total), cinco de las cuales se adjudicaron fondos que en conjunto alcanzan los $349.971.997.&nbsp;<\/p>\n\n\n\n<p>La reapertura de la l\u00ednea de Colecciones Bibliogr\u00e1ficas signific\u00f3 la postulaci\u00f3n de 17 iniciativas, de las cuales diez recibieron recursos por $48.545.021. Destaca la Biblioteca N\u00b0 483 de Recoleta (Metropolitana), ubicada al interior del Parque de la Infancia de la comuna, que podr\u00e1 adquirir colecciones que contribuyan a la salud f\u00edsica y ps\u00edquica de la poblaci\u00f3n infanto juvenil, por casi cinco millones de pesos.<\/p>\n\n\n\n<p>En la categor\u00eda Equipamiento y Mobiliario se asignaron $72.956.129 a cinco establecimientos, mientras que en la l\u00ednea Covid- 19, destinada a ayudar a las bibliotecas p\u00fablicas a funcionar de manera segura en contexto de pandemia, 21 recintos recibir\u00e1n recursos por un total de $67.633.854 para adquirir insumos y mobiliario que les permitan reanudar sus servicios con protocolos sanitarios adecuados.<\/p>\n","protected":false},"excerpt":{"rendered":"<div class=\"pvc_clear\"><\/div>\n<p id=\"pvc_stats_26863\" class=\"pvc_stats total_only  \" data-element-id=\"26863\" style=\"\"><i class=\"pvc-stats-icon large\" aria-hidden=\"true\"><svg aria-hidden=\"true\" focusable=\"false\" data-prefix=\"far\" data-icon=\"chart-bar\" role=\"img\" xmlns=\"http:\/\/www.w3.org\/2000\/svg\" viewBox=\"0 0 512 512\" class=\"svg-inline--fa fa-chart-bar fa-w-16 fa-2x\"><path fill=\"currentColor\" d=\"M396.8 352h22.4c6.4 0 12.8-6.4 12.8-12.8V108.8c0-6.4-6.4-12.8-12.8-12.8h-22.4c-6.4 0-12.8 6.4-12.8 12.8v230.4c0 6.4 6.4 12.8 12.8 12.8zm-192 0h22.4c6.4 0 12.8-6.4 12.8-12.8V140.8c0-6.4-6.4-12.8-12.8-12.8h-22.4c-6.4 0-12.8 6.4-12.8 12.8v198.4c0 6.4 6.4 12.8 12.8 12.8zm96 0h22.4c6.4 0 12.8-6.4 12.8-12.8V204.8c0-6.4-6.4-12.8-12.8-12.8h-22.4c-6.4 0-12.8 6.4-12.8 12.8v134.4c0 6.4 6.4 12.8 12.8 12.8zM496 400H48V80c0-8.84-7.16-16-16-16H16C7.16 64 0 71.16 0 80v336c0 17.67 14.33 32 32 32h464c8.84 0 16-7.16 16-16v-16c0-8.84-7.16-16-16-16zm-387.2-48h22.4c6.4 0 12.8-6.4 12.8-12.8v-70.4c0-6.4-6.4-12.8-12.8-12.8h-22.4c-6.4 0-12.8 6.4-12.8 12.8v70.4c0 6.4 6.4 12.8 12.8 12.8z\" class=\"\"><\/path><\/svg><\/i> <img loading=\"lazy\" decoding=\"async\" width=\"16\" height=\"16\" alt=\"Loading\" src=\"https:\/\/temucotelevision.cl\/web\/wp-content\/plugins\/page-views-count\/ajax-loader-2x.gif\" border=0 \/><\/p>\n<div class=\"pvc_clear\"><\/div>\n<p>\u00b7&nbsp;&nbsp;&nbsp;&nbsp;&nbsp;&nbsp;&nbsp;&nbsp;&nbsp;Los proyectos recibir\u00e1n financiamiento en diversas l\u00edneas, como la renovaci\u00f3n de colecciones bibliogr\u00e1ficas, recambio de mobiliario, equipamiento para la prevenci\u00f3n<\/p>\n","protected":false},"author":1,"featured_media":26864,"comment_status":"open","ping_status":"open","sticky":false,"template":"","format":"standard","meta":{"colormag_page_container_layout":"default_layout","colormag_page_sidebar_layout":"default_layout","footnotes":""},"categories":[15],"tags":[3920,4228,1620,2687],"class_list":["post-26863","post","type-post","status-publish","format-standard","has-post-thumbnail","hentry","category-la-araucania","tag-bibliotecas","tag-culturas","tag-fondos","tag-ministerio"],"a3_pvc":{"activated":true,"total_views":39,"today_views":0},"_links":{"self":[{"href":"https:\/\/temucotelevision.cl\/web\/wp-json\/wp\/v2\/posts\/26863","targetHints":{"allow":["GET"]}}],"collection":[{"href":"https:\/\/temucotelevision.cl\/web\/wp-json\/wp\/v2\/posts"}],"about":[{"href":"https:\/\/temucotelevision.cl\/web\/wp-json\/wp\/v2\/types\/post"}],"author":[{"embeddable":true,"href":"https:\/\/temucotelevision.cl\/web\/wp-json\/wp\/v2\/users\/1"}],"replies":[{"embeddable":true,"href":"https:\/\/temucotelevision.cl\/web\/wp-json\/wp\/v2\/comments?post=26863"}],"version-history":[{"count":1,"href":"https:\/\/temucotelevision.cl\/web\/wp-json\/wp\/v2\/posts\/26863\/revisions"}],"predecessor-version":[{"id":26865,"href":"https:\/\/temucotelevision.cl\/web\/wp-json\/wp\/v2\/posts\/26863\/revisions\/26865"}],"wp:featuredmedia":[{"embeddable":true,"href":"https:\/\/temucotelevision.cl\/web\/wp-json\/wp\/v2\/media\/26864"}],"wp:attachment":[{"href":"https:\/\/temucotelevision.cl\/web\/wp-json\/wp\/v2\/media?parent=26863"}],"wp:term":[{"taxonomy":"category","embeddable":true,"href":"https:\/\/temucotelevision.cl\/web\/wp-json\/wp\/v2\/categories?post=26863"},{"taxonomy":"post_tag","embeddable":true,"href":"https:\/\/temucotelevision.cl\/web\/wp-json\/wp\/v2\/tags?post=26863"}],"curies":[{"name":"wp","href":"https:\/\/api.w.org\/{rel}","templated":true}]}}