{"id":26860,"date":"2021-10-30T16:31:06","date_gmt":"2021-10-30T19:31:06","guid":{"rendered":"https:\/\/temucotelevision.cl\/web\/?p=26860"},"modified":"2021-10-30T16:31:07","modified_gmt":"2021-10-30T19:31:07","slug":"a-un-ano-de-su-asesinato-carabineros-realiza-misa-en-memoria-del-cabo-nain","status":"publish","type":"post","link":"https:\/\/temucotelevision.cl\/web\/2021\/10\/30\/a-un-ano-de-su-asesinato-carabineros-realiza-misa-en-memoria-del-cabo-nain\/","title":{"rendered":"A un a\u00f1o de su asesinato, Carabineros realiza misa en memoria del Cabo Na\u00edn"},"content":{"rendered":"<div class=\"pvc_clear\"><\/div><p id=\"pvc_stats_26860\" class=\"pvc_stats total_only  \" data-element-id=\"26860\" style=\"\"><i class=\"pvc-stats-icon large\" aria-hidden=\"true\"><svg aria-hidden=\"true\" focusable=\"false\" data-prefix=\"far\" data-icon=\"chart-bar\" role=\"img\" xmlns=\"http:\/\/www.w3.org\/2000\/svg\" viewBox=\"0 0 512 512\" class=\"svg-inline--fa fa-chart-bar fa-w-16 fa-2x\"><path fill=\"currentColor\" d=\"M396.8 352h22.4c6.4 0 12.8-6.4 12.8-12.8V108.8c0-6.4-6.4-12.8-12.8-12.8h-22.4c-6.4 0-12.8 6.4-12.8 12.8v230.4c0 6.4 6.4 12.8 12.8 12.8zm-192 0h22.4c6.4 0 12.8-6.4 12.8-12.8V140.8c0-6.4-6.4-12.8-12.8-12.8h-22.4c-6.4 0-12.8 6.4-12.8 12.8v198.4c0 6.4 6.4 12.8 12.8 12.8zm96 0h22.4c6.4 0 12.8-6.4 12.8-12.8V204.8c0-6.4-6.4-12.8-12.8-12.8h-22.4c-6.4 0-12.8 6.4-12.8 12.8v134.4c0 6.4 6.4 12.8 12.8 12.8zM496 400H48V80c0-8.84-7.16-16-16-16H16C7.16 64 0 71.16 0 80v336c0 17.67 14.33 32 32 32h464c8.84 0 16-7.16 16-16v-16c0-8.84-7.16-16-16-16zm-387.2-48h22.4c6.4 0 12.8-6.4 12.8-12.8v-70.4c0-6.4-6.4-12.8-12.8-12.8h-22.4c-6.4 0-12.8 6.4-12.8 12.8v70.4c0 6.4 6.4 12.8 12.8 12.8z\" class=\"\"><\/path><\/svg><\/i> <img loading=\"lazy\" decoding=\"async\" width=\"16\" height=\"16\" alt=\"Loading\" src=\"https:\/\/temucotelevision.cl\/web\/wp-content\/plugins\/page-views-count\/ajax-loader-2x.gif\" border=0 \/><\/p><div class=\"pvc_clear\"><\/div>\n<p>En dependencias de la 2\u00aa Comisar\u00eda \u201cTemuco\u201d, \u00faltima unidad policial del m\u00e1rtir, Carabineros de La Araucan\u00eda realiz\u00f3 una misa en memoria del Cabo 2do. Eugenio Na\u00edn Caniumil, a un a\u00f1o de su cobarde asesinato en medio de un procedimiento el sector Metrenco, en Padre Las Casas.\u00a0<\/p>\n\n\n\n<p>La ceremonia religiosa, fue oficiada por el Padre Leonardo Escobar, capell\u00e1n de Carabineros, y seguida atentamente por la viuda e hijos; el General C\u00e9sar Bobadilla, Jefe de la Macrozona Sur Control Orden P\u00fablico e Intervenci\u00f3n; el General Manuel Cifuentes, Jefe de la IX Zona \u201cAraucan\u00eda\u201d; familiares, amigos y camaradas del fallecido uniformado.<\/p>\n\n\n\n<p>Precisamente, finalizando la misa, el General Bobadilla tom\u00f3 la palabra, reiterando el irrestricto apoyo a la viuda e hijos y se dirigi\u00f3 a los Carabineros presentes, destacando el legado del Cabo Na\u00edn. \u201cEugenio siempre est\u00e1 presente y quiero agradecerles porque siempre lo han recordado, siempre han estado con \u00e9l. Eugenio no se ha ido, su cuerpo s\u00ed, pero su esp\u00edritu y su alma est\u00e1 aqu\u00ed, en esta unidad. En cada servicio lo recordamos, en cada momento Eugenio est\u00e1 presente. Nunca dejen de recordar a aquellos que dieron la vida, a aquellas personas que formaron a nuestro lado, nunca dejen de recordar a Eugenio quien us\u00f3 este verde uniforme, nunca dejen de recordar a este hombre que dio la vida por la Patria y por Carabineros de Chile\u201d, se\u00f1al\u00f3.<\/p>\n\n\n\n<p>En tanto, la viuda del m\u00e1rtir, Daihanna Pereira, agradeci\u00f3 la organizaci\u00f3n de la misa y, por sobre todo, las muestras de afecto y cari\u00f1o hacia su familia, las que perduran en el tiempo.<\/p>\n\n\n\n<p>La jornada conmemorativa, contempl\u00f3 adem\u00e1s una visita a la gruta en memoria del Cabo Na\u00edn, ubicada en el patio interior de la 2\u00aa Comisar\u00eda \u201cTemuco\u201d, donde los Generales de Carabineros y la viuda, encendieron velas en su honor.<\/p>\n\n\n\n<p>Cabe recordar, que el 13 de enero de este a\u00f1o, se realiz\u00f3 la ceremonia de ascenso p\u00f3stumo del Cabo Na\u00edn al grado de Suboficial Mayor de Carabineros de Chile. En tanto, en el \u00e1rea judicial, una persona fue detenida por el OS-9 y se mantiene en prisi\u00f3n preventiva por el cobarde y alevoso crimen que conmocion\u00f3 al pa\u00eds, ocurrido el 30 de octubre de 2021.<\/p>\n","protected":false},"excerpt":{"rendered":"<div class=\"pvc_clear\"><\/div>\n<p id=\"pvc_stats_26860\" class=\"pvc_stats total_only  \" data-element-id=\"26860\" style=\"\"><i class=\"pvc-stats-icon large\" aria-hidden=\"true\"><svg aria-hidden=\"true\" focusable=\"false\" data-prefix=\"far\" data-icon=\"chart-bar\" role=\"img\" xmlns=\"http:\/\/www.w3.org\/2000\/svg\" viewBox=\"0 0 512 512\" class=\"svg-inline--fa fa-chart-bar fa-w-16 fa-2x\"><path fill=\"currentColor\" d=\"M396.8 352h22.4c6.4 0 12.8-6.4 12.8-12.8V108.8c0-6.4-6.4-12.8-12.8-12.8h-22.4c-6.4 0-12.8 6.4-12.8 12.8v230.4c0 6.4 6.4 12.8 12.8 12.8zm-192 0h22.4c6.4 0 12.8-6.4 12.8-12.8V140.8c0-6.4-6.4-12.8-12.8-12.8h-22.4c-6.4 0-12.8 6.4-12.8 12.8v198.4c0 6.4 6.4 12.8 12.8 12.8zm96 0h22.4c6.4 0 12.8-6.4 12.8-12.8V204.8c0-6.4-6.4-12.8-12.8-12.8h-22.4c-6.4 0-12.8 6.4-12.8 12.8v134.4c0 6.4 6.4 12.8 12.8 12.8zM496 400H48V80c0-8.84-7.16-16-16-16H16C7.16 64 0 71.16 0 80v336c0 17.67 14.33 32 32 32h464c8.84 0 16-7.16 16-16v-16c0-8.84-7.16-16-16-16zm-387.2-48h22.4c6.4 0 12.8-6.4 12.8-12.8v-70.4c0-6.4-6.4-12.8-12.8-12.8h-22.4c-6.4 0-12.8 6.4-12.8 12.8v70.4c0 6.4 6.4 12.8 12.8 12.8z\" class=\"\"><\/path><\/svg><\/i> <img loading=\"lazy\" decoding=\"async\" width=\"16\" height=\"16\" alt=\"Loading\" src=\"https:\/\/temucotelevision.cl\/web\/wp-content\/plugins\/page-views-count\/ajax-loader-2x.gif\" border=0 \/><\/p>\n<div class=\"pvc_clear\"><\/div>\n<p>En dependencias de la 2\u00aa Comisar\u00eda \u201cTemuco\u201d, \u00faltima unidad policial del m\u00e1rtir, Carabineros de La Araucan\u00eda realiz\u00f3 una misa en<\/p>\n","protected":false},"author":1,"featured_media":26861,"comment_status":"open","ping_status":"open","sticky":false,"template":"","format":"standard","meta":{"colormag_page_container_layout":"default_layout","colormag_page_sidebar_layout":"default_layout","footnotes":""},"categories":[16,14],"tags":[3193,349,1294,125],"class_list":["post-26860","post","type-post","status-publish","format-standard","has-post-thumbnail","hentry","category-policial","category-temuco","tag-asesinato","tag-ataque","tag-cabo","tag-carabineros"],"a3_pvc":{"activated":true,"total_views":30,"today_views":0},"_links":{"self":[{"href":"https:\/\/temucotelevision.cl\/web\/wp-json\/wp\/v2\/posts\/26860","targetHints":{"allow":["GET"]}}],"collection":[{"href":"https:\/\/temucotelevision.cl\/web\/wp-json\/wp\/v2\/posts"}],"about":[{"href":"https:\/\/temucotelevision.cl\/web\/wp-json\/wp\/v2\/types\/post"}],"author":[{"embeddable":true,"href":"https:\/\/temucotelevision.cl\/web\/wp-json\/wp\/v2\/users\/1"}],"replies":[{"embeddable":true,"href":"https:\/\/temucotelevision.cl\/web\/wp-json\/wp\/v2\/comments?post=26860"}],"version-history":[{"count":1,"href":"https:\/\/temucotelevision.cl\/web\/wp-json\/wp\/v2\/posts\/26860\/revisions"}],"predecessor-version":[{"id":26862,"href":"https:\/\/temucotelevision.cl\/web\/wp-json\/wp\/v2\/posts\/26860\/revisions\/26862"}],"wp:featuredmedia":[{"embeddable":true,"href":"https:\/\/temucotelevision.cl\/web\/wp-json\/wp\/v2\/media\/26861"}],"wp:attachment":[{"href":"https:\/\/temucotelevision.cl\/web\/wp-json\/wp\/v2\/media?parent=26860"}],"wp:term":[{"taxonomy":"category","embeddable":true,"href":"https:\/\/temucotelevision.cl\/web\/wp-json\/wp\/v2\/categories?post=26860"},{"taxonomy":"post_tag","embeddable":true,"href":"https:\/\/temucotelevision.cl\/web\/wp-json\/wp\/v2\/tags?post=26860"}],"curies":[{"name":"wp","href":"https:\/\/api.w.org\/{rel}","templated":true}]}}