{"id":26851,"date":"2021-10-29T22:24:44","date_gmt":"2021-10-30T01:24:44","guid":{"rendered":"https:\/\/temucotelevision.cl\/web\/?p=26851"},"modified":"2021-10-29T22:24:46","modified_gmt":"2021-10-30T01:24:46","slug":"el-fosis-abre-mas-de-700-cupos-para-feria-virtual-de-navidad","status":"publish","type":"post","link":"https:\/\/temucotelevision.cl\/web\/2021\/10\/29\/el-fosis-abre-mas-de-700-cupos-para-feria-virtual-de-navidad\/","title":{"rendered":"El Fosis abre m\u00e1s de 700 cupos para Feria Virtual de Navidad"},"content":{"rendered":"<div class=\"pvc_clear\"><\/div><p id=\"pvc_stats_26851\" class=\"pvc_stats total_only  \" data-element-id=\"26851\" style=\"\"><i class=\"pvc-stats-icon large\" aria-hidden=\"true\"><svg aria-hidden=\"true\" focusable=\"false\" data-prefix=\"far\" data-icon=\"chart-bar\" role=\"img\" xmlns=\"http:\/\/www.w3.org\/2000\/svg\" viewBox=\"0 0 512 512\" class=\"svg-inline--fa fa-chart-bar fa-w-16 fa-2x\"><path fill=\"currentColor\" d=\"M396.8 352h22.4c6.4 0 12.8-6.4 12.8-12.8V108.8c0-6.4-6.4-12.8-12.8-12.8h-22.4c-6.4 0-12.8 6.4-12.8 12.8v230.4c0 6.4 6.4 12.8 12.8 12.8zm-192 0h22.4c6.4 0 12.8-6.4 12.8-12.8V140.8c0-6.4-6.4-12.8-12.8-12.8h-22.4c-6.4 0-12.8 6.4-12.8 12.8v198.4c0 6.4 6.4 12.8 12.8 12.8zm96 0h22.4c6.4 0 12.8-6.4 12.8-12.8V204.8c0-6.4-6.4-12.8-12.8-12.8h-22.4c-6.4 0-12.8 6.4-12.8 12.8v134.4c0 6.4 6.4 12.8 12.8 12.8zM496 400H48V80c0-8.84-7.16-16-16-16H16C7.16 64 0 71.16 0 80v336c0 17.67 14.33 32 32 32h464c8.84 0 16-7.16 16-16v-16c0-8.84-7.16-16-16-16zm-387.2-48h22.4c6.4 0 12.8-6.4 12.8-12.8v-70.4c0-6.4-6.4-12.8-12.8-12.8h-22.4c-6.4 0-12.8 6.4-12.8 12.8v70.4c0 6.4 6.4 12.8 12.8 12.8z\" class=\"\"><\/path><\/svg><\/i> <img loading=\"lazy\" decoding=\"async\" width=\"16\" height=\"16\" alt=\"Loading\" src=\"https:\/\/temucotelevision.cl\/web\/wp-content\/plugins\/page-views-count\/ajax-loader-2x.gif\" border=0 \/><\/p><div class=\"pvc_clear\"><\/div>\n<p><strong><em>Entre el 27 de octubre y el 10 de noviembre, estar\u00e1n abiertas las postulaciones para formar parte del CyberFOSIS Navidad en&nbsp;<\/em><\/strong><a href=\"https:\/\/nam02.safelinks.protection.outlook.com\/?url=http%3A%2F%2Fwww.fosis.gob.cl%2F&amp;data=04%7C01%7Cjose.torres%40fosis.gob.cl%7Cc9b71be039764be3353808d9999301ee%7C57ad5034b8554f50b9d495710a088e4c%7C0%7C0%7C637709678954703304%7CUnknown%7CTWFpbGZsb3d8eyJWIjoiMC4wLjAwMDAiLCJQIjoiV2luMzIiLCJBTiI6Ik1haWwiLCJXVCI6Mn0%3D%7C1000&amp;sdata=Zh%2FZL8CG%2BJMCe45VWTO0UPQbPTUOxgRAlaO9%2Bot4j%2FY%3D&amp;reserved=0\" target=\"_blank\" rel=\"noreferrer noopener\"><strong><em>www.fosis.gob.cl<\/em><\/strong><\/a><strong><em>&nbsp;.<\/em><\/strong><strong><\/strong><\/p>\n\n\n\n<p>Una gran oportunidad para los emprendedores es la que ofrece el FOSIS, con m\u00e1s de 700 cupos para participar en el CyberFOSIS Navidad, una vitrina digital que permitir\u00e1 que los microemprendedores tengan un espacio para mostrar y comercializar sus productos previo a las fiestas de fin de a\u00f1o.<\/p>\n\n\n\n<p>Las postulaciones estar\u00e1n abiertas en&nbsp;<a href=\"https:\/\/nam02.safelinks.protection.outlook.com\/?url=http%3A%2F%2Fwww.fosis.gob.cl%2F&amp;data=04%7C01%7Cjose.torres%40fosis.gob.cl%7Cc9b71be039764be3353808d9999301ee%7C57ad5034b8554f50b9d495710a088e4c%7C0%7C0%7C637709678954703304%7CUnknown%7CTWFpbGZsb3d8eyJWIjoiMC4wLjAwMDAiLCJQIjoiV2luMzIiLCJBTiI6Ik1haWwiLCJXVCI6Mn0%3D%7C1000&amp;sdata=Zh%2FZL8CG%2BJMCe45VWTO0UPQbPTUOxgRAlaO9%2Bot4j%2FY%3D&amp;reserved=0\" target=\"_blank\" rel=\"noreferrer noopener\">www.fosis.gob.cl<\/a>&nbsp;hasta el 10 de noviembre y dentro de los requisitos se cuentan: son ser mayor de 18 a\u00f1os, tener un negocio en funcionamiento; tener Facebook o Instagram del negocio activo; estar dentro del 60% m\u00e1s vulnerable seg\u00fan el Registro Social de Hogares; y haber participado en un programa de emprendimiento del FOSIS entre 2013 y 2021 o formar parte de la Comunidad Emprendedora FOSIS. Si bien la actividad se realizar\u00e1 en diversas regiones del pa\u00eds queremos que La Araucan\u00eda destaque, se\u00f1al\u00f3 la Directora Regional de FOSIS, Alejandra Brun Mautino.<\/p>\n\n\n\n<p>\u201cInvitamos a todos los peque\u00f1os emprendedores a revisar los requisitos y postular al CyberFOSIS Navidad. Hay cerca de 700 cupos para que puedan mostrar sus productos y servicios, en una \u00e9poca donde hay muchas oportunidades de vender. Con esta iniciativa, queremos seguir apoyando a los emprendedores y potenciando la reactivaci\u00f3n econ\u00f3mica del pa\u00eds\u201d, se\u00f1al\u00f3 la Ministra de Desarrollo Social y Familia, Karla Rubilar.<\/p>\n\n\n\n<p>La vitrina digital se habilitar\u00e1 los primeros d\u00edas de diciembre y en ella se podr\u00e1 acceder a los datos de cada uno de los emprendedores, para contactarse directo con ellos y concretar las compras.<\/p>\n\n\n\n<p>El Director Nacional del FOSIS, Felipe Bettancourt, destac\u00f3 que \u201cen 2020 hicimos 3 versiones de CyberFOSIS, que totalizaron ventas por m\u00e1s de $200 millones. Este a\u00f1o, llevamos 2 versiones, con ventas por casi $150 millones. Estos exitosos resultados nos reafirman que tenemos que seguir apoyando a los microemprendedores y potenciando su digitalizaci\u00f3n, que es fundamental en este tiempo\u201d.<\/p>\n\n\n\n<p>Para la Directora Regional del FOSIS, Alejandra Brun Mautino, esta es una tremenda oportunidad para cientos de usuarios. \u201cDurante esta semana de la pyme he visitado a muchos emprendedores y siempre el uso de las redes sociales ha sido la clave para que el emprendimiento surja y estoy segura que con esta vitrina que ofrece el CyberFOSIS Navidad ayudar\u00e1 a muchas familias que est\u00e1n emprendiendo\u201d.<\/p>\n\n\n\n<p>El CyberFOSIS Navidad reunir\u00e1 a emprendedores de todo el pa\u00eds en 8 rubros: accesorios y regalos; artesan\u00eda; salud y belleza; gourmet; hogar; mundo infantil; servicios; y vestuario y calzado.<\/p>\n","protected":false},"excerpt":{"rendered":"<div class=\"pvc_clear\"><\/div>\n<p id=\"pvc_stats_26851\" class=\"pvc_stats total_only  \" data-element-id=\"26851\" style=\"\"><i class=\"pvc-stats-icon large\" aria-hidden=\"true\"><svg aria-hidden=\"true\" focusable=\"false\" data-prefix=\"far\" data-icon=\"chart-bar\" role=\"img\" xmlns=\"http:\/\/www.w3.org\/2000\/svg\" viewBox=\"0 0 512 512\" class=\"svg-inline--fa fa-chart-bar fa-w-16 fa-2x\"><path fill=\"currentColor\" d=\"M396.8 352h22.4c6.4 0 12.8-6.4 12.8-12.8V108.8c0-6.4-6.4-12.8-12.8-12.8h-22.4c-6.4 0-12.8 6.4-12.8 12.8v230.4c0 6.4 6.4 12.8 12.8 12.8zm-192 0h22.4c6.4 0 12.8-6.4 12.8-12.8V140.8c0-6.4-6.4-12.8-12.8-12.8h-22.4c-6.4 0-12.8 6.4-12.8 12.8v198.4c0 6.4 6.4 12.8 12.8 12.8zm96 0h22.4c6.4 0 12.8-6.4 12.8-12.8V204.8c0-6.4-6.4-12.8-12.8-12.8h-22.4c-6.4 0-12.8 6.4-12.8 12.8v134.4c0 6.4 6.4 12.8 12.8 12.8zM496 400H48V80c0-8.84-7.16-16-16-16H16C7.16 64 0 71.16 0 80v336c0 17.67 14.33 32 32 32h464c8.84 0 16-7.16 16-16v-16c0-8.84-7.16-16-16-16zm-387.2-48h22.4c6.4 0 12.8-6.4 12.8-12.8v-70.4c0-6.4-6.4-12.8-12.8-12.8h-22.4c-6.4 0-12.8 6.4-12.8 12.8v70.4c0 6.4 6.4 12.8 12.8 12.8z\" class=\"\"><\/path><\/svg><\/i> <img loading=\"lazy\" decoding=\"async\" width=\"16\" height=\"16\" alt=\"Loading\" src=\"https:\/\/temucotelevision.cl\/web\/wp-content\/plugins\/page-views-count\/ajax-loader-2x.gif\" border=0 \/><\/p>\n<div class=\"pvc_clear\"><\/div>\n<p>Entre el 27 de octubre y el 10 de noviembre, estar\u00e1n abiertas las postulaciones para formar parte del CyberFOSIS Navidad<\/p>\n","protected":false},"author":1,"featured_media":26852,"comment_status":"open","ping_status":"open","sticky":false,"template":"","format":"standard","meta":{"colormag_page_container_layout":"default_layout","colormag_page_sidebar_layout":"default_layout","footnotes":""},"categories":[86],"tags":[1467,257,4592,2085],"class_list":["post-26851","post","type-post","status-publish","format-standard","has-post-thumbnail","hentry","category-panoramas","tag-cupos","tag-feria","tag-fosis","tag-navidad"],"a3_pvc":{"activated":true,"total_views":36,"today_views":0},"_links":{"self":[{"href":"https:\/\/temucotelevision.cl\/web\/wp-json\/wp\/v2\/posts\/26851","targetHints":{"allow":["GET"]}}],"collection":[{"href":"https:\/\/temucotelevision.cl\/web\/wp-json\/wp\/v2\/posts"}],"about":[{"href":"https:\/\/temucotelevision.cl\/web\/wp-json\/wp\/v2\/types\/post"}],"author":[{"embeddable":true,"href":"https:\/\/temucotelevision.cl\/web\/wp-json\/wp\/v2\/users\/1"}],"replies":[{"embeddable":true,"href":"https:\/\/temucotelevision.cl\/web\/wp-json\/wp\/v2\/comments?post=26851"}],"version-history":[{"count":1,"href":"https:\/\/temucotelevision.cl\/web\/wp-json\/wp\/v2\/posts\/26851\/revisions"}],"predecessor-version":[{"id":26853,"href":"https:\/\/temucotelevision.cl\/web\/wp-json\/wp\/v2\/posts\/26851\/revisions\/26853"}],"wp:featuredmedia":[{"embeddable":true,"href":"https:\/\/temucotelevision.cl\/web\/wp-json\/wp\/v2\/media\/26852"}],"wp:attachment":[{"href":"https:\/\/temucotelevision.cl\/web\/wp-json\/wp\/v2\/media?parent=26851"}],"wp:term":[{"taxonomy":"category","embeddable":true,"href":"https:\/\/temucotelevision.cl\/web\/wp-json\/wp\/v2\/categories?post=26851"},{"taxonomy":"post_tag","embeddable":true,"href":"https:\/\/temucotelevision.cl\/web\/wp-json\/wp\/v2\/tags?post=26851"}],"curies":[{"name":"wp","href":"https:\/\/api.w.org\/{rel}","templated":true}]}}