{"id":26849,"date":"2021-10-29T22:21:25","date_gmt":"2021-10-30T01:21:25","guid":{"rendered":"https:\/\/temucotelevision.cl\/web\/?p=26849"},"modified":"2021-10-29T22:21:26","modified_gmt":"2021-10-30T01:21:26","slug":"diputado-rathgeb-emplaza-a-defensora-de-la-ninez-a-recorrer-la-araucania","status":"publish","type":"post","link":"https:\/\/temucotelevision.cl\/web\/2021\/10\/29\/diputado-rathgeb-emplaza-a-defensora-de-la-ninez-a-recorrer-la-araucania\/","title":{"rendered":"Diputado Rathgeb emplaza a Defensora de la Ni\u00f1ez a recorrer La Araucan\u00eda"},"content":{"rendered":"<div class=\"pvc_clear\"><\/div><p id=\"pvc_stats_26849\" class=\"pvc_stats total_only  \" data-element-id=\"26849\" style=\"\"><i class=\"pvc-stats-icon large\" aria-hidden=\"true\"><svg aria-hidden=\"true\" focusable=\"false\" data-prefix=\"far\" data-icon=\"chart-bar\" role=\"img\" xmlns=\"http:\/\/www.w3.org\/2000\/svg\" viewBox=\"0 0 512 512\" class=\"svg-inline--fa fa-chart-bar fa-w-16 fa-2x\"><path fill=\"currentColor\" d=\"M396.8 352h22.4c6.4 0 12.8-6.4 12.8-12.8V108.8c0-6.4-6.4-12.8-12.8-12.8h-22.4c-6.4 0-12.8 6.4-12.8 12.8v230.4c0 6.4 6.4 12.8 12.8 12.8zm-192 0h22.4c6.4 0 12.8-6.4 12.8-12.8V140.8c0-6.4-6.4-12.8-12.8-12.8h-22.4c-6.4 0-12.8 6.4-12.8 12.8v198.4c0 6.4 6.4 12.8 12.8 12.8zm96 0h22.4c6.4 0 12.8-6.4 12.8-12.8V204.8c0-6.4-6.4-12.8-12.8-12.8h-22.4c-6.4 0-12.8 6.4-12.8 12.8v134.4c0 6.4 6.4 12.8 12.8 12.8zM496 400H48V80c0-8.84-7.16-16-16-16H16C7.16 64 0 71.16 0 80v336c0 17.67 14.33 32 32 32h464c8.84 0 16-7.16 16-16v-16c0-8.84-7.16-16-16-16zm-387.2-48h22.4c6.4 0 12.8-6.4 12.8-12.8v-70.4c0-6.4-6.4-12.8-12.8-12.8h-22.4c-6.4 0-12.8 6.4-12.8 12.8v70.4c0 6.4 6.4 12.8 12.8 12.8z\" class=\"\"><\/path><\/svg><\/i> <img loading=\"lazy\" decoding=\"async\" width=\"16\" height=\"16\" alt=\"Loading\" src=\"https:\/\/temucotelevision.cl\/web\/wp-content\/plugins\/page-views-count\/ajax-loader-2x.gif\" border=0 \/><\/p><div class=\"pvc_clear\"><\/div>\n<p><strong>El parlamentario indic\u00f3 que ser\u00eda un gesto importante que se hiciera presente en la Regi\u00f3n y comprometiera su apoyo con los menores que se vieron afectados por el incendio del pasado lunes en Carahue y otras v\u00edctimas de ataques de La Araucan\u00eda.<\/strong><\/p>\n\n\n\n<p>D\u00edas atr\u00e1s en Carahue se registr\u00f3 un ataque incendiario, en el cual resultaron completamente destruidos veh\u00edculos y tambi\u00e9n algunas casas en las que viv\u00edan ni\u00f1os, los que fueron obligados por los antisociales a salir de sus hogares con extrema violencia.<\/p>\n\n\n\n<p>El diputado de Renovaci\u00f3n Nacional por La Araucan\u00eda, Jorge Rathgeb Schifferli, se\u00f1al\u00f3 que es momento que la Defensor\u00eda de la Ni\u00f1ez, no salga solo a trav\u00e9s de las redes sociales, sino que ven a la Regi\u00f3n y as\u00ed pueda realizar el proceso de acompa\u00f1amiento a estos menores y otros que han sido v\u00edctimas de esta clase de hechos.<\/p>\n\n\n\n<p>Rathgeb, puntualiz\u00f3 que es ahora cuando este estamento debe mostrar que est\u00e1 al servicio de todos los ni\u00f1os y ni\u00f1as de nuestro pa\u00eds, con acciones concretas, conociendo las realidades en terreno y no solo con anuncios.<\/p>\n\n\n\n<p>&#8220;En La Araucan\u00eda hemos vivido episodios de violencia extrema, en los que lamentablemente tenemos a menores de edad como v\u00edctimas y que est\u00e1n los registros de lo que han sufrido como ocurri\u00f3 en Carahue, por eso es importante que la Defensora de la Ni\u00f1ez, no se quede solamente con repudiar o condenar hechos, sino que venga a la Regi\u00f3n, que se entreviste con aquellos que han sufrido alg\u00fan episodio y hagan un acompa\u00f1amiento concreto&#8221;, se\u00f1al\u00f3 Rathgeb.<\/p>\n\n\n\n<p>El congresista concluy\u00f3 se\u00f1alando que nada se saca en limpio si es que no se hace una visita a terreno, para conocer realidades como se est\u00e1 haciendo en estos momentos por parte de este estamento.<\/p>\n","protected":false},"excerpt":{"rendered":"<div class=\"pvc_clear\"><\/div>\n<p id=\"pvc_stats_26849\" class=\"pvc_stats total_only  \" data-element-id=\"26849\" style=\"\"><i class=\"pvc-stats-icon large\" aria-hidden=\"true\"><svg aria-hidden=\"true\" focusable=\"false\" data-prefix=\"far\" data-icon=\"chart-bar\" role=\"img\" xmlns=\"http:\/\/www.w3.org\/2000\/svg\" viewBox=\"0 0 512 512\" class=\"svg-inline--fa fa-chart-bar fa-w-16 fa-2x\"><path fill=\"currentColor\" d=\"M396.8 352h22.4c6.4 0 12.8-6.4 12.8-12.8V108.8c0-6.4-6.4-12.8-12.8-12.8h-22.4c-6.4 0-12.8 6.4-12.8 12.8v230.4c0 6.4 6.4 12.8 12.8 12.8zm-192 0h22.4c6.4 0 12.8-6.4 12.8-12.8V140.8c0-6.4-6.4-12.8-12.8-12.8h-22.4c-6.4 0-12.8 6.4-12.8 12.8v198.4c0 6.4 6.4 12.8 12.8 12.8zm96 0h22.4c6.4 0 12.8-6.4 12.8-12.8V204.8c0-6.4-6.4-12.8-12.8-12.8h-22.4c-6.4 0-12.8 6.4-12.8 12.8v134.4c0 6.4 6.4 12.8 12.8 12.8zM496 400H48V80c0-8.84-7.16-16-16-16H16C7.16 64 0 71.16 0 80v336c0 17.67 14.33 32 32 32h464c8.84 0 16-7.16 16-16v-16c0-8.84-7.16-16-16-16zm-387.2-48h22.4c6.4 0 12.8-6.4 12.8-12.8v-70.4c0-6.4-6.4-12.8-12.8-12.8h-22.4c-6.4 0-12.8 6.4-12.8 12.8v70.4c0 6.4 6.4 12.8 12.8 12.8z\" class=\"\"><\/path><\/svg><\/i> <img loading=\"lazy\" decoding=\"async\" width=\"16\" height=\"16\" alt=\"Loading\" src=\"https:\/\/temucotelevision.cl\/web\/wp-content\/plugins\/page-views-count\/ajax-loader-2x.gif\" border=0 \/><\/p>\n<div class=\"pvc_clear\"><\/div>\n<p>El parlamentario indic\u00f3 que ser\u00eda un gesto importante que se hiciera presente en la Regi\u00f3n y comprometiera su apoyo con<\/p>\n","protected":false},"author":1,"featured_media":25307,"comment_status":"open","ping_status":"open","sticky":false,"template":"","format":"standard","meta":{"colormag_page_container_layout":"default_layout","colormag_page_sidebar_layout":"default_layout","footnotes":""},"categories":[84],"tags":[3325,154,3034,170],"class_list":["post-26849","post","type-post","status-publish","format-standard","has-post-thumbnail","hentry","category-politica","tag-defensora","tag-diputado","tag-ninez","tag-region"],"a3_pvc":{"activated":true,"total_views":19,"today_views":0},"_links":{"self":[{"href":"https:\/\/temucotelevision.cl\/web\/wp-json\/wp\/v2\/posts\/26849","targetHints":{"allow":["GET"]}}],"collection":[{"href":"https:\/\/temucotelevision.cl\/web\/wp-json\/wp\/v2\/posts"}],"about":[{"href":"https:\/\/temucotelevision.cl\/web\/wp-json\/wp\/v2\/types\/post"}],"author":[{"embeddable":true,"href":"https:\/\/temucotelevision.cl\/web\/wp-json\/wp\/v2\/users\/1"}],"replies":[{"embeddable":true,"href":"https:\/\/temucotelevision.cl\/web\/wp-json\/wp\/v2\/comments?post=26849"}],"version-history":[{"count":1,"href":"https:\/\/temucotelevision.cl\/web\/wp-json\/wp\/v2\/posts\/26849\/revisions"}],"predecessor-version":[{"id":26850,"href":"https:\/\/temucotelevision.cl\/web\/wp-json\/wp\/v2\/posts\/26849\/revisions\/26850"}],"wp:featuredmedia":[{"embeddable":true,"href":"https:\/\/temucotelevision.cl\/web\/wp-json\/wp\/v2\/media\/25307"}],"wp:attachment":[{"href":"https:\/\/temucotelevision.cl\/web\/wp-json\/wp\/v2\/media?parent=26849"}],"wp:term":[{"taxonomy":"category","embeddable":true,"href":"https:\/\/temucotelevision.cl\/web\/wp-json\/wp\/v2\/categories?post=26849"},{"taxonomy":"post_tag","embeddable":true,"href":"https:\/\/temucotelevision.cl\/web\/wp-json\/wp\/v2\/tags?post=26849"}],"curies":[{"name":"wp","href":"https:\/\/api.w.org\/{rel}","templated":true}]}}