{"id":26845,"date":"2021-10-29T22:18:26","date_gmt":"2021-10-30T01:18:26","guid":{"rendered":"https:\/\/temucotelevision.cl\/web\/?p=26845"},"modified":"2021-10-29T22:18:28","modified_gmt":"2021-10-30T01:18:28","slug":"festival-kuruche-en-la-araucania-dilucidando-desde-las-artes-escenicas-lo-comun-y-lo-diverso-entre-africa-y-america","status":"publish","type":"post","link":"https:\/\/temucotelevision.cl\/web\/2021\/10\/29\/festival-kuruche-en-la-araucania-dilucidando-desde-las-artes-escenicas-lo-comun-y-lo-diverso-entre-africa-y-america\/","title":{"rendered":"Festival Kur\u00fcche en La Araucan\u00eda: Dilucidando desde las artes esc\u00e9nicas lo com\u00fan y lo diverso entre \u00c1frica y Am\u00e9rica"},"content":{"rendered":"<div class=\"pvc_clear\"><\/div><p id=\"pvc_stats_26845\" class=\"pvc_stats total_only  \" data-element-id=\"26845\" style=\"\"><i class=\"pvc-stats-icon large\" aria-hidden=\"true\"><svg aria-hidden=\"true\" focusable=\"false\" data-prefix=\"far\" data-icon=\"chart-bar\" role=\"img\" xmlns=\"http:\/\/www.w3.org\/2000\/svg\" viewBox=\"0 0 512 512\" class=\"svg-inline--fa fa-chart-bar fa-w-16 fa-2x\"><path fill=\"currentColor\" d=\"M396.8 352h22.4c6.4 0 12.8-6.4 12.8-12.8V108.8c0-6.4-6.4-12.8-12.8-12.8h-22.4c-6.4 0-12.8 6.4-12.8 12.8v230.4c0 6.4 6.4 12.8 12.8 12.8zm-192 0h22.4c6.4 0 12.8-6.4 12.8-12.8V140.8c0-6.4-6.4-12.8-12.8-12.8h-22.4c-6.4 0-12.8 6.4-12.8 12.8v198.4c0 6.4 6.4 12.8 12.8 12.8zm96 0h22.4c6.4 0 12.8-6.4 12.8-12.8V204.8c0-6.4-6.4-12.8-12.8-12.8h-22.4c-6.4 0-12.8 6.4-12.8 12.8v134.4c0 6.4 6.4 12.8 12.8 12.8zM496 400H48V80c0-8.84-7.16-16-16-16H16C7.16 64 0 71.16 0 80v336c0 17.67 14.33 32 32 32h464c8.84 0 16-7.16 16-16v-16c0-8.84-7.16-16-16-16zm-387.2-48h22.4c6.4 0 12.8-6.4 12.8-12.8v-70.4c0-6.4-6.4-12.8-12.8-12.8h-22.4c-6.4 0-12.8 6.4-12.8 12.8v70.4c0 6.4 6.4 12.8 12.8 12.8z\" class=\"\"><\/path><\/svg><\/i> <img loading=\"lazy\" decoding=\"async\" width=\"16\" height=\"16\" alt=\"Loading\" src=\"https:\/\/temucotelevision.cl\/web\/wp-content\/plugins\/page-views-count\/ajax-loader-2x.gif\" border=0 \/><\/p><div class=\"pvc_clear\"><\/div>\n<p>\u00b7&nbsp;&nbsp;&nbsp;&nbsp;&nbsp;&nbsp;&nbsp;&nbsp;&nbsp;<strong><em>Quedan pocos cupos disponibles para las actividades de este encuentro entre artistas esc\u00e9nicos de la danza y la performance provenientes de Guinea, Brasil, Ecuador, Hait\u00ed, Wallmapu y Chile, sin embargo, toda la programaci\u00f3n ser\u00e1 transmitida tambi\u00e9n v\u00eda streaming a todo el mundo.&nbsp;<\/em><\/strong><\/p>\n\n\n\n<p>\u00b7&nbsp;&nbsp;&nbsp;&nbsp;&nbsp;&nbsp;&nbsp;&nbsp;&nbsp;<strong><em>La iniciativa es financiada por el Fondo de Artes Esc\u00e9nicas 2021 del Ministerio de las Culturas, las Artes y el Patrimonio.<\/em><\/strong><strong><em><\/em><\/strong><\/p>\n\n\n\n<p>El pr\u00f3ximo 2 de noviembre comienza el \u201cFestival Kur\u00fcche, cuerpos, escena, movimientos\u201d, que hasta el 6 de noviembre se tomar\u00e1 la agenda cultural en La Araucan\u00eda con actividades en sus tres escenarios de Lautaro, Padre las Casas y Temuco.&nbsp;<\/p>\n\n\n\n<p>El Festival pretende ser una instancia de reflexi\u00f3n en torno a las problem\u00e1ticas comunes que comparten \u00c1frica y Am\u00e9rica y los cruces culturales que se dieron entre afrodescendientes y pueblos originarios americanos. As\u00ed tambi\u00e9n, las pr\u00e1cticas tradicionales y contempor\u00e1neas se dar\u00e1n cita en Kur\u00fcche en un espacio que busca enriquecer lo que conocemos de la Am\u00e9rica mestiza.&nbsp;<\/p>\n\n\n\n<p>\u201cEl entrelazamiento de estos mundos es el eje que gu\u00eda el encuentro. A lo largo de las jornadas iremos desenvolviendo preguntas, abordando problem\u00e1ticas, y asistiendo al movimiento de los cuerpos. Estos cuerpos mezclados, puestos en com\u00fan, componen im\u00e1genes y gestos en relaci\u00f3n; corporalidades que nos hablan de la gente negra en el territorio del Wallmapu\u201d, comenta Miguel \u00c1lvarez, desde la organizaci\u00f3n del evento.<\/p>\n\n\n\n<p>En tanto, el seremi Enzo Cortesi destaca que \u201cvaloramos este proyecto que visibiliza la diversidad cultural como un elemento que ha enriquecido a las sociedades. Al mismo tiempo, aporta al intercambio y a la difusi\u00f3n art\u00edstica desde una expresi\u00f3n tan hermosa como la danza. Felicitamos a los gestores del Festival Kur\u00fcche y esperamos que se proyecte en el tiempo\u201d.<\/p>\n\n\n\n<p><strong>La programaci\u00f3n<\/strong><\/p>\n\n\n\n<p>El pr\u00f3ximo 2 de noviembre comienzan las actividades del Festival Kur\u00fcche, con una jornada de talleres en el Centro Cultural de Lautaro y que contar\u00e1 con actividades formativas relacionadas con pr\u00e1cticas contempor\u00e1neas en danza y una lectura dramatizada.&nbsp;<\/p>\n\n\n\n<p>En ese mismo lugar, el mi\u00e9rcoles 3 de noviembre, se har\u00e1 la inauguraci\u00f3n oficial del Festival, donde se indagar\u00e1 en torno al concepto \u201ckur\u00fcche\u201d como palabra del mapuzungun, y sus posibles or\u00edgenes y acepciones, abriendo la jornada la performance \u201cPoder reconocerse en la racializaci\u00f3n\u201d, de la artista mapuche Maria Moreno:&nbsp;\u201cLas corporeidades ind\u00edgenas y negras compartimos celdas en los zool\u00f3gicos en Europa, desde 1889 hasta el 1900, aproximadamente. Compartimos la condici\u00f3n de bestializaci\u00f3n de nuestras corporeidades, que fueron secuestradas y reducidas a espect\u00e1culos y objetos. Asediados por ese voyerismo supremacista occidental. (&#8230;) Quiero abordar mi trabajo y mi pr\u00e1ctica art\u00edstica desde esas condiciones comunes y tambi\u00e9n abordar el sitio que hoy existe de nuestros cuerpos por los estados coloniales actuales; sobre todo ac\u00e1 en Wallmapu, donde existe una di\u00e1spora (as\u00ed como est\u00e1n las afro-di\u00e1sporas globales) del lof a la warria; del territorio de nuestros or\u00edgenes a la ciudad\u201d, destac\u00f3 Mar\u00eda Moreno.&nbsp;<\/p>\n\n\n\n<p>Contin\u00faan la programaci\u00f3n del mi\u00e9rcoles 3 las presentaciones de m\u00fasica y danza afro de Evens Clercema, desde Hait\u00ed en una muestra contempor\u00e1nea llamada \u201cVengo de Lejos\u201d, adem\u00e1s del guineano Tawel Camara cerrando la noche, quien compartir\u00e1 danzas tradicionales en su presentaci\u00f3n \u201cLa m\u00fasica\u2026 compa\u00f1era de su territorio\u201d.&nbsp;<\/p>\n\n\n\n<p>El Festival sigue el viernes 5 de noviembre en el Centro Cultural de Padre Las Casas con diversas propuestas esc\u00e9nicas, como es el caso de Volpi, quien presentar\u00e1 la performance \u201cSoportar\u201d, adem\u00e1s del colectivo local \u201cInsistencia colectiva\u201d a cargo de la intervenci\u00f3n de video &#8211; danza \u201cTransplantadxs\u201d. En la ocasi\u00f3n tambi\u00e9n se entrar\u00e1 en escena el dramaturgo brasile\u00f1o Anderson Feliciano, quien presentar\u00e1 \u201cApolog\u00eda III\u201d, para dar paso a \u201cTumbao\u201d, obra del colectivo (A)Quien, del que es parte junto a la ecuatoriana Natasha \u00c1lvarez: \u201cTumbao\u201d fue pensado desde una po\u00e9tica de la relaci\u00f3n. \u201cNos interesa que las personas se relacionen con el trabajo, y a trav\u00e9s de \u00e9l, construir sus imaginarios y subjetividades. Es hermoso, porque \u201cTumbao\u201d es fiesta, festival. \u00a1As\u00ed que vamos a la fiesta! Y que este encuentro, este instante, sea un gran baile de todas nuestras complejidades y subjetividades, de todo eso que nos compone como pueblo\u201d, resume Feliciano.&nbsp;&nbsp;<\/p>\n\n\n\n<p>Kur\u00fcche cierra el s\u00e1bado 6 de noviembre con la intervenci\u00f3n de la artista mapuche Lorenza Aillapan en Isla Caut\u00edn, para luego trasladarse al Aula Magna de la Universidad Cat\u00f3lica de Temuco y abrir con \u201cWeza Pewma\u201d, video-performance de Inchiw. Anderson Feliciano tambi\u00e9n se presentar\u00e1 este d\u00eda con \u201cDentro\u201d para concluir con los 18 artistas en escena de Namu\u00f1i Far\u00e9, quienes ofrecer\u00e1n el espect\u00e1culo de danza afro tradicional \u201cEl R\u00edo Sagrado\u201d.&nbsp;<\/p>\n\n\n\n<p>Todas las actividades del Festival Kur\u00fcche son gratuitas y est\u00e1n siendo financiadas por el Fondo de Artes Esc\u00e9nicas 2021 del Ministerio de las Culturas, las Artes y el Patrimonio. Para m\u00e1s informaci\u00f3n sobre la parrilla, inscripciones y cupos disponibles, dirigirse a\u00a0<a rel=\"noreferrer noopener\" href=\"http:\/\/www.festivalkuruche.cl\/\" target=\"_blank\">www.festivalkuruche.cl<\/a><\/p>\n\n\n\n<figure class=\"wp-block-image size-large\"><img loading=\"lazy\" decoding=\"async\" width=\"713\" height=\"1024\" src=\"https:\/\/temucotelevision.cl\/web\/wp-content\/uploads\/2021\/10\/Afiche-Kuriche-OK-01-1-713x1024.png\" alt=\"\" class=\"wp-image-26847\" srcset=\"https:\/\/temucotelevision.cl\/web\/wp-content\/uploads\/2021\/10\/Afiche-Kuriche-OK-01-1-713x1024.png 713w, https:\/\/temucotelevision.cl\/web\/wp-content\/uploads\/2021\/10\/Afiche-Kuriche-OK-01-1-768x1103.png 768w, https:\/\/temucotelevision.cl\/web\/wp-content\/uploads\/2021\/10\/Afiche-Kuriche-OK-01-1.png 911w\" sizes=\"auto, (max-width: 713px) 100vw, 713px\" \/><\/figure>\n","protected":false},"excerpt":{"rendered":"<div class=\"pvc_clear\"><\/div>\n<p id=\"pvc_stats_26845\" class=\"pvc_stats total_only  \" data-element-id=\"26845\" style=\"\"><i class=\"pvc-stats-icon large\" aria-hidden=\"true\"><svg aria-hidden=\"true\" focusable=\"false\" data-prefix=\"far\" data-icon=\"chart-bar\" role=\"img\" xmlns=\"http:\/\/www.w3.org\/2000\/svg\" viewBox=\"0 0 512 512\" class=\"svg-inline--fa fa-chart-bar fa-w-16 fa-2x\"><path fill=\"currentColor\" d=\"M396.8 352h22.4c6.4 0 12.8-6.4 12.8-12.8V108.8c0-6.4-6.4-12.8-12.8-12.8h-22.4c-6.4 0-12.8 6.4-12.8 12.8v230.4c0 6.4 6.4 12.8 12.8 12.8zm-192 0h22.4c6.4 0 12.8-6.4 12.8-12.8V140.8c0-6.4-6.4-12.8-12.8-12.8h-22.4c-6.4 0-12.8 6.4-12.8 12.8v198.4c0 6.4 6.4 12.8 12.8 12.8zm96 0h22.4c6.4 0 12.8-6.4 12.8-12.8V204.8c0-6.4-6.4-12.8-12.8-12.8h-22.4c-6.4 0-12.8 6.4-12.8 12.8v134.4c0 6.4 6.4 12.8 12.8 12.8zM496 400H48V80c0-8.84-7.16-16-16-16H16C7.16 64 0 71.16 0 80v336c0 17.67 14.33 32 32 32h464c8.84 0 16-7.16 16-16v-16c0-8.84-7.16-16-16-16zm-387.2-48h22.4c6.4 0 12.8-6.4 12.8-12.8v-70.4c0-6.4-6.4-12.8-12.8-12.8h-22.4c-6.4 0-12.8 6.4-12.8 12.8v70.4c0 6.4 6.4 12.8 12.8 12.8z\" class=\"\"><\/path><\/svg><\/i> <img loading=\"lazy\" decoding=\"async\" width=\"16\" height=\"16\" alt=\"Loading\" src=\"https:\/\/temucotelevision.cl\/web\/wp-content\/plugins\/page-views-count\/ajax-loader-2x.gif\" border=0 \/><\/p>\n<div class=\"pvc_clear\"><\/div>\n<p>\u00b7&nbsp;&nbsp;&nbsp;&nbsp;&nbsp;&nbsp;&nbsp;&nbsp;&nbsp;Quedan pocos cupos disponibles para las actividades de este encuentro entre artistas esc\u00e9nicos de la danza y la performance provenientes<\/p>\n","protected":false},"author":1,"featured_media":26846,"comment_status":"open","ping_status":"open","sticky":false,"template":"","format":"standard","meta":{"colormag_page_container_layout":"default_layout","colormag_page_sidebar_layout":"default_layout","footnotes":""},"categories":[86],"tags":[4591,110,563,141],"class_list":["post-26845","post","type-post","status-publish","format-standard","has-post-thumbnail","hentry","category-panoramas","tag-africa","tag-america","tag-artes","tag-festival"],"a3_pvc":{"activated":true,"total_views":71,"today_views":0},"_links":{"self":[{"href":"https:\/\/temucotelevision.cl\/web\/wp-json\/wp\/v2\/posts\/26845","targetHints":{"allow":["GET"]}}],"collection":[{"href":"https:\/\/temucotelevision.cl\/web\/wp-json\/wp\/v2\/posts"}],"about":[{"href":"https:\/\/temucotelevision.cl\/web\/wp-json\/wp\/v2\/types\/post"}],"author":[{"embeddable":true,"href":"https:\/\/temucotelevision.cl\/web\/wp-json\/wp\/v2\/users\/1"}],"replies":[{"embeddable":true,"href":"https:\/\/temucotelevision.cl\/web\/wp-json\/wp\/v2\/comments?post=26845"}],"version-history":[{"count":1,"href":"https:\/\/temucotelevision.cl\/web\/wp-json\/wp\/v2\/posts\/26845\/revisions"}],"predecessor-version":[{"id":26848,"href":"https:\/\/temucotelevision.cl\/web\/wp-json\/wp\/v2\/posts\/26845\/revisions\/26848"}],"wp:featuredmedia":[{"embeddable":true,"href":"https:\/\/temucotelevision.cl\/web\/wp-json\/wp\/v2\/media\/26846"}],"wp:attachment":[{"href":"https:\/\/temucotelevision.cl\/web\/wp-json\/wp\/v2\/media?parent=26845"}],"wp:term":[{"taxonomy":"category","embeddable":true,"href":"https:\/\/temucotelevision.cl\/web\/wp-json\/wp\/v2\/categories?post=26845"},{"taxonomy":"post_tag","embeddable":true,"href":"https:\/\/temucotelevision.cl\/web\/wp-json\/wp\/v2\/tags?post=26845"}],"curies":[{"name":"wp","href":"https:\/\/api.w.org\/{rel}","templated":true}]}}