{"id":26842,"date":"2021-10-29T21:59:56","date_gmt":"2021-10-30T00:59:56","guid":{"rendered":"https:\/\/temucotelevision.cl\/web\/?p=26842"},"modified":"2021-10-29T21:59:59","modified_gmt":"2021-10-30T00:59:59","slug":"ministra-gloria-hutt-anuncia-incorporacion-de-vehiculos-electricos-en-transporte-publico-para-temuco-el-2022","status":"publish","type":"post","link":"https:\/\/temucotelevision.cl\/web\/2021\/10\/29\/ministra-gloria-hutt-anuncia-incorporacion-de-vehiculos-electricos-en-transporte-publico-para-temuco-el-2022\/","title":{"rendered":"Ministra Gloria Hutt anuncia incorporaci\u00f3n de veh\u00edculos el\u00e9ctricos en transporte p\u00fablico para Temuco el 2022"},"content":{"rendered":"<div class=\"pvc_clear\"><\/div><p id=\"pvc_stats_26842\" class=\"pvc_stats total_only  \" data-element-id=\"26842\" style=\"\"><i class=\"pvc-stats-icon large\" aria-hidden=\"true\"><svg aria-hidden=\"true\" focusable=\"false\" data-prefix=\"far\" data-icon=\"chart-bar\" role=\"img\" xmlns=\"http:\/\/www.w3.org\/2000\/svg\" viewBox=\"0 0 512 512\" class=\"svg-inline--fa fa-chart-bar fa-w-16 fa-2x\"><path fill=\"currentColor\" d=\"M396.8 352h22.4c6.4 0 12.8-6.4 12.8-12.8V108.8c0-6.4-6.4-12.8-12.8-12.8h-22.4c-6.4 0-12.8 6.4-12.8 12.8v230.4c0 6.4 6.4 12.8 12.8 12.8zm-192 0h22.4c6.4 0 12.8-6.4 12.8-12.8V140.8c0-6.4-6.4-12.8-12.8-12.8h-22.4c-6.4 0-12.8 6.4-12.8 12.8v198.4c0 6.4 6.4 12.8 12.8 12.8zm96 0h22.4c6.4 0 12.8-6.4 12.8-12.8V204.8c0-6.4-6.4-12.8-12.8-12.8h-22.4c-6.4 0-12.8 6.4-12.8 12.8v134.4c0 6.4 6.4 12.8 12.8 12.8zM496 400H48V80c0-8.84-7.16-16-16-16H16C7.16 64 0 71.16 0 80v336c0 17.67 14.33 32 32 32h464c8.84 0 16-7.16 16-16v-16c0-8.84-7.16-16-16-16zm-387.2-48h22.4c6.4 0 12.8-6.4 12.8-12.8v-70.4c0-6.4-6.4-12.8-12.8-12.8h-22.4c-6.4 0-12.8 6.4-12.8 12.8v70.4c0 6.4 6.4 12.8 12.8 12.8z\" class=\"\"><\/path><\/svg><\/i> <img loading=\"lazy\" decoding=\"async\" width=\"16\" height=\"16\" alt=\"Loading\" src=\"https:\/\/temucotelevision.cl\/web\/wp-content\/plugins\/page-views-count\/ajax-loader-2x.gif\" border=0 \/><\/p><div class=\"pvc_clear\"><\/div>\n<ul class=\"wp-block-list\"><li><strong>La titular de Transportes y Telecomunicaciones particip\u00f3 en seminario de Coresur donde expuso sobre los nuevos concursos p\u00fablicos que se est\u00e1n impulsando a lo largo de Chile para la incorporaci\u00f3n de veh\u00edculos el\u00e9ctricos al proyecto Red regiones.<\/strong><\/li><li><strong>La secretaria de Estado tambi\u00e9n valor\u00f3 la entrega de m\u00e1s de $3.200 millones a trav\u00e9s del Gobierno Regional de La Araucan\u00eda para los programas Renueva Tu Micro y Renueva Tu Colectivo.<\/strong><\/li><\/ul>\n\n\n\n<p><strong>\u00a0<\/strong>\u201cNuevo modelo de concurso a electromovilidad\u201d se denomin\u00f3 la presentaci\u00f3n realizada este viernes por la ministra de Transportes y Telecomunicaciones, Gloria Hutt, en el 7\u00b0 Seminario del Consejo Regional Sur del Transporte Urbano Mayor (CORESUR), instancia que re\u00fane a empresarios, gremios y autoridades del transporte de esta zona del pa\u00eds.<\/p>\n\n\n\n<p>\u201cEstamos impulsando una mejora del transporte p\u00fablico a nivel nacional, que busca elevar el est\u00e1ndar de calidad de servicio que reciben los usuarios y nos interesa mucho avanzar especialmente en las regiones, para ir cerrando las brechas que existen con Santiago. Para acortar esa diferencia, estamos promoviendo una Estrategia Nacional de Electromovilidad que busca que el 100% del transporte p\u00fablico sea el\u00e9ctrico al 2040, para avanzar en materia de eficiencia energ\u00e9tica, mitigaci\u00f3n de gases de efecto invernadero y contribuir a mejorar la movilidad y calidad de vida de las personas\u201d, expres\u00f3 la secretaria de Estado.<\/p>\n\n\n\n<p>La autoridad a\u00f1adi\u00f3 que actualmente se encuentran en desarrollo proyectos para incorporar flotas de veh\u00edculos el\u00e9ctricos en el transporte p\u00fablico urbano en las ciudades de Arica, Antofagasta, Copiap\u00f3, Gran Valpara\u00edso, Temuco y Puerto Montt, los que entrar\u00e1n en operaci\u00f3n durante 2022.<\/p>\n\n\n\n<p>El proyecto Red Regiones pretende cambiar el transporte p\u00fablico mayor de diversas ciudades del pa\u00eds mediante la implementaci\u00f3n de un sistema de alto est\u00e1ndar y amigable con el medio ambiente, con lo cual se busca mejorar las condiciones de movilidad y calidad de vida de los habitantes. Los nuevos buses contar\u00e1n con accesibilidad universal, cargadores USB y WIFI.<\/p>\n\n\n\n<p><strong>Zonas de servicio<\/strong><\/p>\n\n\n\n<p>Juan Quilodr\u00e1n, presidente de CORESUR, se\u00f1al\u00f3 que el 7\u00b0 Seminario del Consejo Regional Sur del Transporte Urbano Mayor congrega a asociados de Arica, Concepci\u00f3n, Temuco, Valdivia, Osorno, Puerto Montt y Castro. \u201cLos temas son inherentes a lo que estamos viviendo en el momento. Hoy d\u00eda nos convocan los per\u00edmetros de exclusi\u00f3n (tambi\u00e9n conocidos como zonas de servicio), la falta de conductores profesionales y una serie de temas que estamos analizando y discutiendo con nuestros socios\u201d, destac\u00f3.&nbsp;<\/p>\n\n\n\n<p>La Secretaria Regional Ministerial de Transportes y Telecomunicaciones de La Araucan\u00eda, Claudina Uribe, expuso ante los asistentes sobre el \u201cOrdenamiento y Regulaci\u00f3n del Transporte P\u00fablico de la mano con los Operadores del Transporte Urbano Mayor de Temuco y Padre Las Casas\u201d.<\/p>\n\n\n\n<p>Al respecto, Claudina Uribe se\u00f1al\u00f3 que \u201cel per\u00edmetro de exclusi\u00f3n o zona de servicio permitir\u00e1 ordenar y modernizar nuestro sistema de transporte p\u00fablico para la gran metr\u00f3polis, que es Temuco-Padre Las Casas y estamos fuertemente trabajando de la mano con los operadores locales para se puedan firmar contratos donde el Ministerio subsidie la operaci\u00f3n y ciertos componentes tecnol\u00f3gicos. Estamos hablando de que estos buses en el corto plazo van a tener c\u00e1maras de seguridad, sistemas de WIFI abordo, contador de pasajeros, y vamos a transitar a un sistema parcial de recaudo electr\u00f3nico, de manera que el efectivo no sea el \u00fanico medio de pago\u201d.<\/p>\n\n\n\n<p><strong>Subsidios para la renovaci\u00f3n de veh\u00edculos<\/strong><\/p>\n\n\n\n<p>Durante su visita a la capital regional, la ministra Gloria Hutt celebr\u00f3 la entrega de m\u00e1s de $3.200 millones destinados a mejorar el transporte p\u00fablico en La Araucan\u00eda a trav\u00e9s de los programas Renueva Tu Micro y Renueva Tu Colectivo.<\/p>\n\n\n\n<p>El plan de inversi\u00f3n fue presentado por el gobernador Luciano Rivas y aprobado por unanimidad por el Consejo Regional en sesi\u00f3n extraordinaria, lo que permitir\u00e1 ofrecer m\u00e1s seguridad y una mejor calidad en el servicio del transporte p\u00fablico regional.&nbsp;<\/p>\n\n\n\n<p>Hasta la fecha, el Gobierno Regional de La Araucan\u00eda ha invertido cerca de $13 mil millones en iniciativas de renovaci\u00f3n de buses y taxi colectivos, con lo que se han modernizado m\u00e1s de mil 400 veh\u00edculos.<\/p>\n","protected":false},"excerpt":{"rendered":"<div class=\"pvc_clear\"><\/div>\n<p id=\"pvc_stats_26842\" class=\"pvc_stats total_only  \" data-element-id=\"26842\" style=\"\"><i class=\"pvc-stats-icon large\" aria-hidden=\"true\"><svg aria-hidden=\"true\" focusable=\"false\" data-prefix=\"far\" data-icon=\"chart-bar\" role=\"img\" xmlns=\"http:\/\/www.w3.org\/2000\/svg\" viewBox=\"0 0 512 512\" class=\"svg-inline--fa fa-chart-bar fa-w-16 fa-2x\"><path fill=\"currentColor\" d=\"M396.8 352h22.4c6.4 0 12.8-6.4 12.8-12.8V108.8c0-6.4-6.4-12.8-12.8-12.8h-22.4c-6.4 0-12.8 6.4-12.8 12.8v230.4c0 6.4 6.4 12.8 12.8 12.8zm-192 0h22.4c6.4 0 12.8-6.4 12.8-12.8V140.8c0-6.4-6.4-12.8-12.8-12.8h-22.4c-6.4 0-12.8 6.4-12.8 12.8v198.4c0 6.4 6.4 12.8 12.8 12.8zm96 0h22.4c6.4 0 12.8-6.4 12.8-12.8V204.8c0-6.4-6.4-12.8-12.8-12.8h-22.4c-6.4 0-12.8 6.4-12.8 12.8v134.4c0 6.4 6.4 12.8 12.8 12.8zM496 400H48V80c0-8.84-7.16-16-16-16H16C7.16 64 0 71.16 0 80v336c0 17.67 14.33 32 32 32h464c8.84 0 16-7.16 16-16v-16c0-8.84-7.16-16-16-16zm-387.2-48h22.4c6.4 0 12.8-6.4 12.8-12.8v-70.4c0-6.4-6.4-12.8-12.8-12.8h-22.4c-6.4 0-12.8 6.4-12.8 12.8v70.4c0 6.4 6.4 12.8 12.8 12.8z\" class=\"\"><\/path><\/svg><\/i> <img loading=\"lazy\" decoding=\"async\" width=\"16\" height=\"16\" alt=\"Loading\" src=\"https:\/\/temucotelevision.cl\/web\/wp-content\/plugins\/page-views-count\/ajax-loader-2x.gif\" border=0 \/><\/p>\n<div class=\"pvc_clear\"><\/div>\n<p>La titular de Transportes y Telecomunicaciones particip\u00f3 en seminario de Coresur donde expuso sobre los nuevos concursos p\u00fablicos que se<\/p>\n","protected":false},"author":1,"featured_media":26843,"comment_status":"open","ping_status":"open","sticky":false,"template":"","format":"standard","meta":{"colormag_page_container_layout":"default_layout","colormag_page_sidebar_layout":"default_layout","footnotes":""},"categories":[15],"tags":[4590,730,1061,706],"class_list":["post-26842","post","type-post","status-publish","format-standard","has-post-thumbnail","hentry","category-la-araucania","tag-4590","tag-ministra","tag-publico","tag-transporte"],"a3_pvc":{"activated":true,"total_views":44,"today_views":0},"_links":{"self":[{"href":"https:\/\/temucotelevision.cl\/web\/wp-json\/wp\/v2\/posts\/26842","targetHints":{"allow":["GET"]}}],"collection":[{"href":"https:\/\/temucotelevision.cl\/web\/wp-json\/wp\/v2\/posts"}],"about":[{"href":"https:\/\/temucotelevision.cl\/web\/wp-json\/wp\/v2\/types\/post"}],"author":[{"embeddable":true,"href":"https:\/\/temucotelevision.cl\/web\/wp-json\/wp\/v2\/users\/1"}],"replies":[{"embeddable":true,"href":"https:\/\/temucotelevision.cl\/web\/wp-json\/wp\/v2\/comments?post=26842"}],"version-history":[{"count":1,"href":"https:\/\/temucotelevision.cl\/web\/wp-json\/wp\/v2\/posts\/26842\/revisions"}],"predecessor-version":[{"id":26844,"href":"https:\/\/temucotelevision.cl\/web\/wp-json\/wp\/v2\/posts\/26842\/revisions\/26844"}],"wp:featuredmedia":[{"embeddable":true,"href":"https:\/\/temucotelevision.cl\/web\/wp-json\/wp\/v2\/media\/26843"}],"wp:attachment":[{"href":"https:\/\/temucotelevision.cl\/web\/wp-json\/wp\/v2\/media?parent=26842"}],"wp:term":[{"taxonomy":"category","embeddable":true,"href":"https:\/\/temucotelevision.cl\/web\/wp-json\/wp\/v2\/categories?post=26842"},{"taxonomy":"post_tag","embeddable":true,"href":"https:\/\/temucotelevision.cl\/web\/wp-json\/wp\/v2\/tags?post=26842"}],"curies":[{"name":"wp","href":"https:\/\/api.w.org\/{rel}","templated":true}]}}