{"id":26839,"date":"2021-10-29T21:49:22","date_gmt":"2021-10-30T00:49:22","guid":{"rendered":"https:\/\/temucotelevision.cl\/web\/?p=26839"},"modified":"2021-10-29T21:49:23","modified_gmt":"2021-10-30T00:49:23","slug":"mop-inicia-millonaria-inversion-para-la-reposicion-de-dos-puentes-en-la-comuna-de-gorbea","status":"publish","type":"post","link":"https:\/\/temucotelevision.cl\/web\/2021\/10\/29\/mop-inicia-millonaria-inversion-para-la-reposicion-de-dos-puentes-en-la-comuna-de-gorbea\/","title":{"rendered":"MOP inicia millonaria inversi\u00f3n para la reposici\u00f3n de dos puentes en la comuna de Gorbea"},"content":{"rendered":"<div class=\"pvc_clear\"><\/div><p id=\"pvc_stats_26839\" class=\"pvc_stats total_only  \" data-element-id=\"26839\" style=\"\"><i class=\"pvc-stats-icon large\" aria-hidden=\"true\"><svg aria-hidden=\"true\" focusable=\"false\" data-prefix=\"far\" data-icon=\"chart-bar\" role=\"img\" xmlns=\"http:\/\/www.w3.org\/2000\/svg\" viewBox=\"0 0 512 512\" class=\"svg-inline--fa fa-chart-bar fa-w-16 fa-2x\"><path fill=\"currentColor\" d=\"M396.8 352h22.4c6.4 0 12.8-6.4 12.8-12.8V108.8c0-6.4-6.4-12.8-12.8-12.8h-22.4c-6.4 0-12.8 6.4-12.8 12.8v230.4c0 6.4 6.4 12.8 12.8 12.8zm-192 0h22.4c6.4 0 12.8-6.4 12.8-12.8V140.8c0-6.4-6.4-12.8-12.8-12.8h-22.4c-6.4 0-12.8 6.4-12.8 12.8v198.4c0 6.4 6.4 12.8 12.8 12.8zm96 0h22.4c6.4 0 12.8-6.4 12.8-12.8V204.8c0-6.4-6.4-12.8-12.8-12.8h-22.4c-6.4 0-12.8 6.4-12.8 12.8v134.4c0 6.4 6.4 12.8 12.8 12.8zM496 400H48V80c0-8.84-7.16-16-16-16H16C7.16 64 0 71.16 0 80v336c0 17.67 14.33 32 32 32h464c8.84 0 16-7.16 16-16v-16c0-8.84-7.16-16-16-16zm-387.2-48h22.4c6.4 0 12.8-6.4 12.8-12.8v-70.4c0-6.4-6.4-12.8-12.8-12.8h-22.4c-6.4 0-12.8 6.4-12.8 12.8v70.4c0 6.4 6.4 12.8 12.8 12.8z\" class=\"\"><\/path><\/svg><\/i> <img loading=\"lazy\" decoding=\"async\" width=\"16\" height=\"16\" alt=\"Loading\" src=\"https:\/\/temucotelevision.cl\/web\/wp-content\/plugins\/page-views-count\/ajax-loader-2x.gif\" border=0 \/><\/p><div class=\"pvc_clear\"><\/div>\n<p><strong><em>Ambas puentes ser\u00e1n estructuras definitivas y sin restricci\u00f3n de carga<\/em><\/strong><\/p>\n\n\n\n<p>Con una inversi\u00f3n de 2.583 millones de pesos, se iniciaron de manera oficial, las obras de reposici\u00f3n de los Puentes Huara, Charleo y sus accesos, en la comuna de Gorbea. Autoridades de gobierno, encabezadas por el Seremi de Obras P\u00fablicas, Freddy Guti\u00e9rrez, adem\u00e1s del Alcalde, Andr\u00e9s Romero y habitantes del sector, instalaron la&nbsp;&nbsp;primera piedra para la ejecuci\u00f3n de estas obras.&nbsp;<\/p>\n\n\n\n<p>La iniciativa a cargo de la Direcci\u00f3n de Vialidad, permitir\u00e1 generar una conectividad de manera m\u00e1s segura por estos puentes, los cuales se ubican en la 6\u00aa y 4\u00aa faja. En la actualidad son estructuras de madera y que pasaran a ser estructuras definitivas y sin restricci\u00f3n de carga.<\/p>\n\n\n\n<p>Desde el punto de vista t\u00e9cnico, el Puente Huara, ubicado en la 6\u00aa Faja, consiste en la construcci\u00f3n de una estructura de hormig\u00f3n armado&nbsp;&nbsp;de 25 metros de longitud y que se configura en su solo tramo y un ancho total de 12.03 metros.<\/p>\n\n\n\n<p>Respecto a la reposici\u00f3n del Puente Charleo, ubicado en la 4\u00aa Faja, tambi\u00e9n&nbsp;&nbsp;corresponde a una estructura de 25 metros, que tambi\u00e9n se construye en hormig\u00f3n armado y con un ancho de 12.03 metros.<\/p>\n\n\n\n<p>Ambos puentes consideran la pavimentaci\u00f3n de sus accesos y donde se cumplen con los est\u00e1ndares de obras viales. Se incluyen obras de protecci\u00f3n de los cauces existentes, adem\u00e1s de casetas de paradero para locomoci\u00f3n colectiva en el puente Huara y sus respectivas obras de seguridad vial.<\/p>\n\n\n\n<p>El Seremi de Obras P\u00fablicas, Freddy Guti\u00e9rrez, dijo que, \u201ccomo gobierno estamos contentos de&nbsp;&nbsp;participar en este importante acto de colocaci\u00f3n de primera piedra de estos dos puentes, que est\u00e1n destinados a mejorar la conectividad de los sectores donde se emplazan ambas estructuras y tambi\u00e9n de sectores aleda\u00f1os\u201d.<\/p>\n\n\n\n<p>Freddy Gutierrez, destac\u00f3 que, \u201cesta es la puerta de entrada al turismo ya que son rutas que se conectan de manera directa con Villarrica y van a potenciar los rubros productivos y emprendimientos tur\u00edsticos que se desarrollan en el \u00e1rea\u201d, asever\u00f3.&nbsp;<\/p>\n\n\n\n<p>En tanto el Alcalde de Gorbea, Andr\u00e9s Romero, manifest\u00f3 su alegr\u00eda al colocar la primera piedra de estos puentes. \u201cNos sentimos contentos y orgullosos porque nuestros vecinos van a poder contar con puentes&nbsp;en \u00f3ptimas condiciones,&nbsp;&nbsp;que claramente va a mejorar&nbsp;&nbsp;la calidad de vida de los habitantes de la 6\u00aa y 4\u00aa faja, aqu\u00ed en nuestra comuna de Gorbea\u201d, declar\u00f3 la autoridad comunal.&nbsp;<\/p>\n\n\n\n<p>Finalmente&nbsp;&nbsp;El\u00edas Cisternas, Presidente de la Junta de Vecinos del sector, dijo estar contento con lo que se est\u00e1 haciendo. \u201cEs muy importante, nos hac\u00eda mucha falta, ya que as\u00ed podemos transitar de manera m\u00e1s segura, as\u00ed que agradecemos a la autoridades la concreci\u00f3n de estas obras\u201d, manifest\u00f3 el dirigente.&nbsp;<\/p>\n\n\n\n<p>Es importante destacar que este contrato tiene un plazo de ejecuci\u00f3n de 360 d\u00edas y generar\u00e1 importantes puestos de trabajo. Adem\u00e1s&nbsp;&nbsp;se hace un llamado a transitar con la debida precauci\u00f3n, mientras se desarrollen las faenas.<\/p>\n","protected":false},"excerpt":{"rendered":"<div class=\"pvc_clear\"><\/div>\n<p id=\"pvc_stats_26839\" class=\"pvc_stats total_only  \" data-element-id=\"26839\" style=\"\"><i class=\"pvc-stats-icon large\" aria-hidden=\"true\"><svg aria-hidden=\"true\" focusable=\"false\" data-prefix=\"far\" data-icon=\"chart-bar\" role=\"img\" xmlns=\"http:\/\/www.w3.org\/2000\/svg\" viewBox=\"0 0 512 512\" class=\"svg-inline--fa fa-chart-bar fa-w-16 fa-2x\"><path fill=\"currentColor\" d=\"M396.8 352h22.4c6.4 0 12.8-6.4 12.8-12.8V108.8c0-6.4-6.4-12.8-12.8-12.8h-22.4c-6.4 0-12.8 6.4-12.8 12.8v230.4c0 6.4 6.4 12.8 12.8 12.8zm-192 0h22.4c6.4 0 12.8-6.4 12.8-12.8V140.8c0-6.4-6.4-12.8-12.8-12.8h-22.4c-6.4 0-12.8 6.4-12.8 12.8v198.4c0 6.4 6.4 12.8 12.8 12.8zm96 0h22.4c6.4 0 12.8-6.4 12.8-12.8V204.8c0-6.4-6.4-12.8-12.8-12.8h-22.4c-6.4 0-12.8 6.4-12.8 12.8v134.4c0 6.4 6.4 12.8 12.8 12.8zM496 400H48V80c0-8.84-7.16-16-16-16H16C7.16 64 0 71.16 0 80v336c0 17.67 14.33 32 32 32h464c8.84 0 16-7.16 16-16v-16c0-8.84-7.16-16-16-16zm-387.2-48h22.4c6.4 0 12.8-6.4 12.8-12.8v-70.4c0-6.4-6.4-12.8-12.8-12.8h-22.4c-6.4 0-12.8 6.4-12.8 12.8v70.4c0 6.4 6.4 12.8 12.8 12.8z\" class=\"\"><\/path><\/svg><\/i> <img loading=\"lazy\" decoding=\"async\" width=\"16\" height=\"16\" alt=\"Loading\" src=\"https:\/\/temucotelevision.cl\/web\/wp-content\/plugins\/page-views-count\/ajax-loader-2x.gif\" border=0 \/><\/p>\n<div class=\"pvc_clear\"><\/div>\n<p>Ambas puentes ser\u00e1n estructuras definitivas y sin restricci\u00f3n de carga Con una inversi\u00f3n de 2.583 millones de pesos, se iniciaron<\/p>\n","protected":false},"author":1,"featured_media":26840,"comment_status":"open","ping_status":"open","sticky":false,"template":"","format":"standard","meta":{"colormag_page_container_layout":"default_layout","colormag_page_sidebar_layout":"default_layout","footnotes":""},"categories":[14],"tags":[146,382,554,1706],"class_list":["post-26839","post","type-post","status-publish","format-standard","has-post-thumbnail","hentry","category-temuco","tag-comuna","tag-gorbea","tag-mop","tag-puentes"],"a3_pvc":{"activated":true,"total_views":53,"today_views":0},"_links":{"self":[{"href":"https:\/\/temucotelevision.cl\/web\/wp-json\/wp\/v2\/posts\/26839","targetHints":{"allow":["GET"]}}],"collection":[{"href":"https:\/\/temucotelevision.cl\/web\/wp-json\/wp\/v2\/posts"}],"about":[{"href":"https:\/\/temucotelevision.cl\/web\/wp-json\/wp\/v2\/types\/post"}],"author":[{"embeddable":true,"href":"https:\/\/temucotelevision.cl\/web\/wp-json\/wp\/v2\/users\/1"}],"replies":[{"embeddable":true,"href":"https:\/\/temucotelevision.cl\/web\/wp-json\/wp\/v2\/comments?post=26839"}],"version-history":[{"count":1,"href":"https:\/\/temucotelevision.cl\/web\/wp-json\/wp\/v2\/posts\/26839\/revisions"}],"predecessor-version":[{"id":26841,"href":"https:\/\/temucotelevision.cl\/web\/wp-json\/wp\/v2\/posts\/26839\/revisions\/26841"}],"wp:featuredmedia":[{"embeddable":true,"href":"https:\/\/temucotelevision.cl\/web\/wp-json\/wp\/v2\/media\/26840"}],"wp:attachment":[{"href":"https:\/\/temucotelevision.cl\/web\/wp-json\/wp\/v2\/media?parent=26839"}],"wp:term":[{"taxonomy":"category","embeddable":true,"href":"https:\/\/temucotelevision.cl\/web\/wp-json\/wp\/v2\/categories?post=26839"},{"taxonomy":"post_tag","embeddable":true,"href":"https:\/\/temucotelevision.cl\/web\/wp-json\/wp\/v2\/tags?post=26839"}],"curies":[{"name":"wp","href":"https:\/\/api.w.org\/{rel}","templated":true}]}}