{"id":26835,"date":"2021-10-29T21:24:50","date_gmt":"2021-10-30T00:24:50","guid":{"rendered":"https:\/\/temucotelevision.cl\/web\/?p=26835"},"modified":"2021-10-29T21:24:51","modified_gmt":"2021-10-30T00:24:51","slug":"seremi-de-las-culturas-anuncia-entrega-de-50-millones-para-cofinanciar-proyectos-de-programacion-artistica-local-en-la-araucania","status":"publish","type":"post","link":"https:\/\/temucotelevision.cl\/web\/2021\/10\/29\/seremi-de-las-culturas-anuncia-entrega-de-50-millones-para-cofinanciar-proyectos-de-programacion-artistica-local-en-la-araucania\/","title":{"rendered":"Seremi de las Culturas anuncia entrega de $50 millones para cofinanciar proyectos de programaci\u00f3n art\u00edstica local en La Araucan\u00eda"},"content":{"rendered":"<div class=\"pvc_clear\"><\/div><p id=\"pvc_stats_26835\" class=\"pvc_stats total_only  \" data-element-id=\"26835\" style=\"\"><i class=\"pvc-stats-icon large\" aria-hidden=\"true\"><svg aria-hidden=\"true\" focusable=\"false\" data-prefix=\"far\" data-icon=\"chart-bar\" role=\"img\" xmlns=\"http:\/\/www.w3.org\/2000\/svg\" viewBox=\"0 0 512 512\" class=\"svg-inline--fa fa-chart-bar fa-w-16 fa-2x\"><path fill=\"currentColor\" d=\"M396.8 352h22.4c6.4 0 12.8-6.4 12.8-12.8V108.8c0-6.4-6.4-12.8-12.8-12.8h-22.4c-6.4 0-12.8 6.4-12.8 12.8v230.4c0 6.4 6.4 12.8 12.8 12.8zm-192 0h22.4c6.4 0 12.8-6.4 12.8-12.8V140.8c0-6.4-6.4-12.8-12.8-12.8h-22.4c-6.4 0-12.8 6.4-12.8 12.8v198.4c0 6.4 6.4 12.8 12.8 12.8zm96 0h22.4c6.4 0 12.8-6.4 12.8-12.8V204.8c0-6.4-6.4-12.8-12.8-12.8h-22.4c-6.4 0-12.8 6.4-12.8 12.8v134.4c0 6.4 6.4 12.8 12.8 12.8zM496 400H48V80c0-8.84-7.16-16-16-16H16C7.16 64 0 71.16 0 80v336c0 17.67 14.33 32 32 32h464c8.84 0 16-7.16 16-16v-16c0-8.84-7.16-16-16-16zm-387.2-48h22.4c6.4 0 12.8-6.4 12.8-12.8v-70.4c0-6.4-6.4-12.8-12.8-12.8h-22.4c-6.4 0-12.8 6.4-12.8 12.8v70.4c0 6.4 6.4 12.8 12.8 12.8z\" class=\"\"><\/path><\/svg><\/i> <img loading=\"lazy\" decoding=\"async\" width=\"16\" height=\"16\" alt=\"Loading\" src=\"https:\/\/temucotelevision.cl\/web\/wp-content\/plugins\/page-views-count\/ajax-loader-2x.gif\" border=0 \/><\/p><div class=\"pvc_clear\"><\/div>\n<p>\u00b7&nbsp;&nbsp;&nbsp;&nbsp;&nbsp;&nbsp;&nbsp;&nbsp;&nbsp;<strong>Los espacios culturales municipales seleccionados podr\u00e1n realizar conciertos, talleres, exposiciones, presentaciones de danza y obras de teatro, entre otras actividades.<\/strong><\/p>\n\n\n\n<p>Cinco proyectos por un monto de $50.181.271 fueron aprobados para la Regi\u00f3n de La Araucan\u00eda, a trav\u00e9s de la Convocatoria para el Fortalecimiento de Planificaci\u00f3n y Gesti\u00f3n Cultural Local 2021, iniciativa del programa Red Cultura del Ministerio de las Culturas, las Artes y el Patrimonio. Estos recursos financiar\u00e1n programaci\u00f3n art\u00edstica en las comunas de Temuco, Renaico, Perquenco y Traigu\u00e9n.<\/p>\n\n\n\n<p>El seremi Enzo Cortesi valor\u00f3 la adjudicaci\u00f3n de estos fondos. \u201cEstamos muy contentos porque estos recursos van a permitir desarrollar programaci\u00f3n art\u00edstica en cinco importantes espacios culturales de la regi\u00f3n, y ello va a significar aportar a la reactivaci\u00f3n del mundo cultural, mediante la contrataci\u00f3n de artistas locales, as\u00ed como fomentar el acceso de la comunidad a diversas expresiones. Felicitamos a las instituciones que van a implementar estas iniciativas, esperamos que sean todo un \u00e9xito y cumplan con los objetivos propuestos, promoviendo el arte y cultura en sus territorios\u201d, enfatiz\u00f3.<\/p>\n\n\n\n<p>A nivel nacional un total de 56 espacios culturales municipalidades, corporaciones o fundaciones municipales que cuentan con infraestructura cultural resultaron beneficiados. El monto total a repartir alcanza a $631.567.585, recursos que permitir\u00e1n financiar proyectos de programaci\u00f3n art\u00edstica local de diversidad disciplinas en formato de conciertos, talleres, exposiciones, presentaciones de danza y obras de teatro, entre otras actividades. Se estima que, en el pa\u00eds, se contratar\u00e1n m\u00e1s de 200 artistas locales mediante esta convocatoria.<\/p>\n\n\n\n<p>\u201cEsta iniciativa de colaboraci\u00f3n nos permite mejorar el acceso y activar el ambiente art\u00edstico de los territorios durante un periodo dif\u00edcil para la gesti\u00f3n cultural. El principal objetivo es generar empleos en el sector art\u00edstico local, descentralizar, aportar a la programaci\u00f3n de los espacios culturales municipales junto con mantener v\u00ednculos con los diversos p\u00fablicos donde se insertan estos espacios\u201d, afirm\u00f3 la ministra de las Culturas, las Artes y el Patrimonio, Consuelo Vald\u00e9s.<\/p>\n\n\n\n<p>Adem\u00e1s, agreg\u00f3 que \u201cseguiremos trabajando de manera articulada con los gobiernos locales a trav\u00e9s de estas iniciativas de colaboraci\u00f3n para impulsar, fomentar y difundir el desarrollo art\u00edstico de la ciudadan\u00eda\u201d.<\/p>\n\n\n\n<p><strong>Proyectos seleccionados<\/strong><\/p>\n\n\n\n<p>&#8220;Para nosotros es muy importante estar dentro del selecto grupo de comunas que fueron seleccionadas para financiamiento en proyectos culturales. Sin duda, tenemos que seguir apoyando y potenciando las iniciativas que nos posicionen y le muestren a Chile y el mundo lo lindo de nuestra gente. A su vez, valoro que estas iniciativas sean vanguardistas y queden como c\u00e1psulas audiovisuales para la posteridad y as\u00ed ir creando una biblioteca audiovisual que nos permita conectarnos con un lenguaje \u00edntegro y muy llamativo para las nuevas generaciones&#8221;, dijo Alejandro Sep\u00falveda Tapia, alcalde de la comuna de Perquenco.<\/p>\n\n\n\n<p>La Municipalidad de Perquenco se adjudic\u00f3 $4.287.853 para el proyecto Festival de las Artes, que consiste en la realizaci\u00f3n de un registro audiovisual de la obra y entrevistas a artistas en dependencias del Centro Cultural, material que ser\u00e1 posteriormente publicado en redes sociales y el canal de televisi\u00f3n local a trav\u00e9s de una transmisi\u00f3n en vivo.<\/p>\n\n\n\n<p>Entre los seleccionados destaca tambi\u00e9n la Casa de la Cultura Traigu\u00e9n, que se adjudic\u00f3 un total de $6.925.000. Este proyecto contempla la realizaci\u00f3n de actividades culturales de formaci\u00f3n y entretenci\u00f3n, en vivo o grabadas, en diversas disciplinas del arte y la cultura, tales como: teatro, artes visuales, danza, m\u00fasica, artesan\u00eda, patrimonio, folclore y pueblos originarios. Traigu\u00e9n cuenta con un Plan Municipal de Cultura incorporado al Pladeco y, a su vez, la Casa de la Cultura de la comuna mantiene vigente su plan de gesti\u00f3n. &nbsp;<\/p>\n\n\n\n<p>Ricardo Sanhueza, alcalde de Traigu\u00e9n, dijo \u201cqueremos agradecer al Ministerio de las Culturas por haber aprobado el proyecto y&nbsp; felicitar a Mar\u00eda Teresa Mart\u00ednez, encargada de cultura, por el trabajo realizado, ya que s\u00e9 que este es uno de los mejores proyectos aprobados a nivel nacional. Para nosotros, que somos una comuna peque\u00f1a, la cultura es muy importante y queremos destacar aquello. Adem\u00e1s, esta iniciativa tiene una gran la relevancia para nuestros artistas locales, porque sabemos que este a\u00f1o ha sido muy complejo para ellos\u201d.<\/p>\n\n\n\n<p>El Ministerio y los espacios municipales seleccionados cofinanciar\u00e1n gastos relacionados con la contrataci\u00f3n de artistas, honorarios, difusi\u00f3n, transmisi\u00f3n remota de la programaci\u00f3n art\u00edstica, fichas t\u00e9cnicas y la sanitizaci\u00f3n de espacios en el contexto del proyecto.<\/p>\n\n\n\n<figure class=\"wp-block-image size-large\"><img loading=\"lazy\" decoding=\"async\" width=\"1024\" height=\"576\" src=\"https:\/\/temucotelevision.cl\/web\/wp-content\/uploads\/2021\/10\/ballet-antu-newen-perquenco-1024x576.jpg\" alt=\"\" class=\"wp-image-26837\" srcset=\"https:\/\/temucotelevision.cl\/web\/wp-content\/uploads\/2021\/10\/ballet-antu-newen-perquenco-1024x576.jpg 1024w, https:\/\/temucotelevision.cl\/web\/wp-content\/uploads\/2021\/10\/ballet-antu-newen-perquenco-768x432.jpg 768w, https:\/\/temucotelevision.cl\/web\/wp-content\/uploads\/2021\/10\/ballet-antu-newen-perquenco.jpg 1350w\" sizes=\"auto, (max-width: 1024px) 100vw, 1024px\" \/><\/figure>\n\n\n\n<p><strong>Proyectos de La Araucan\u00eda<\/strong><\/p>\n\n\n\n<p><strong>Proyecto: Vivamos Arte y Cultura desde Casa 2.0<\/strong><\/p>\n\n\n\n<p>Instituci\u00f3n: Municipalidad de Traigu\u00e9n \/Espacio Cultural: Casa de la Cultura&nbsp;&nbsp;&nbsp;&nbsp;&nbsp;<\/p>\n\n\n\n<p>Comuna: Traigu\u00e9n\/&nbsp; Monto: $6.925.000<\/p>\n\n\n\n<p><strong>Proyecto: La creaci\u00f3n art\u00edstica de La Araucan\u00eda y su vinculaci\u00f3n a la programaci\u00f3n cultural Temuco<\/strong><\/p>\n\n\n\n<p>Instituci\u00f3n: Corporaci\u00f3n municipal para el desarrollo cultural de Temuco \/Espacio Cultural: Teatro Municipal<\/p>\n\n\n\n<p>Comuna: Temuco\/ Monto: $14.937.423<\/p>\n\n\n\n<p><strong>Proyecto: Talleres virtuales para reactivar la cultura y recreaci\u00f3n en tiempos de pandemia<\/strong><\/p>\n\n\n\n<p>Instituci\u00f3n: Municipalidad de Temuco \/Espacio Cultural: Centro Cultural Galo Sep\u00falveda<\/p>\n\n\n\n<p>Comuna: Temuco\/ Monto: $10.250.000<\/p>\n\n\n\n<p><strong>Proyecto: Festival de las Artes de Perquenco&nbsp;&nbsp;&nbsp;&nbsp;&nbsp;&nbsp;<\/strong><\/p>\n\n\n\n<p>Instituci\u00f3n: Ilustre Municipalidad De Perquenco\/ Espacio Cultural: Centro Cultural Rolando Ulloa Carrasco&nbsp;&nbsp;&nbsp;<\/p>\n\n\n\n<p>Comuna: Perquenco\/ Monto: $4.287.853<\/p>\n\n\n\n<p><strong>Proyecto: M\u00e1s Trabajo, M\u00e1s Cultura, M\u00e1s Comunidad&nbsp;&nbsp;<\/strong><\/p>\n\n\n\n<p>Instituci\u00f3n y espacio cultural: Observatorio Regional de Participaci\u00f3n y Desarrollo Cultural<\/p>\n\n\n\n<p>Comuna: Renaico \/ Monto: $13.780.995<\/p>\n","protected":false},"excerpt":{"rendered":"<div class=\"pvc_clear\"><\/div>\n<p id=\"pvc_stats_26835\" class=\"pvc_stats total_only  \" data-element-id=\"26835\" style=\"\"><i class=\"pvc-stats-icon large\" aria-hidden=\"true\"><svg aria-hidden=\"true\" focusable=\"false\" data-prefix=\"far\" data-icon=\"chart-bar\" role=\"img\" xmlns=\"http:\/\/www.w3.org\/2000\/svg\" viewBox=\"0 0 512 512\" class=\"svg-inline--fa fa-chart-bar fa-w-16 fa-2x\"><path fill=\"currentColor\" d=\"M396.8 352h22.4c6.4 0 12.8-6.4 12.8-12.8V108.8c0-6.4-6.4-12.8-12.8-12.8h-22.4c-6.4 0-12.8 6.4-12.8 12.8v230.4c0 6.4 6.4 12.8 12.8 12.8zm-192 0h22.4c6.4 0 12.8-6.4 12.8-12.8V140.8c0-6.4-6.4-12.8-12.8-12.8h-22.4c-6.4 0-12.8 6.4-12.8 12.8v198.4c0 6.4 6.4 12.8 12.8 12.8zm96 0h22.4c6.4 0 12.8-6.4 12.8-12.8V204.8c0-6.4-6.4-12.8-12.8-12.8h-22.4c-6.4 0-12.8 6.4-12.8 12.8v134.4c0 6.4 6.4 12.8 12.8 12.8zM496 400H48V80c0-8.84-7.16-16-16-16H16C7.16 64 0 71.16 0 80v336c0 17.67 14.33 32 32 32h464c8.84 0 16-7.16 16-16v-16c0-8.84-7.16-16-16-16zm-387.2-48h22.4c6.4 0 12.8-6.4 12.8-12.8v-70.4c0-6.4-6.4-12.8-12.8-12.8h-22.4c-6.4 0-12.8 6.4-12.8 12.8v70.4c0 6.4 6.4 12.8 12.8 12.8z\" class=\"\"><\/path><\/svg><\/i> <img loading=\"lazy\" decoding=\"async\" width=\"16\" height=\"16\" alt=\"Loading\" src=\"https:\/\/temucotelevision.cl\/web\/wp-content\/plugins\/page-views-count\/ajax-loader-2x.gif\" border=0 \/><\/p>\n<div class=\"pvc_clear\"><\/div>\n<p>\u00b7&nbsp;&nbsp;&nbsp;&nbsp;&nbsp;&nbsp;&nbsp;&nbsp;&nbsp;Los espacios culturales municipales seleccionados podr\u00e1n realizar conciertos, talleres, exposiciones, presentaciones de danza y obras de teatro, entre otras actividades.<\/p>\n","protected":false},"author":1,"featured_media":26836,"comment_status":"open","ping_status":"open","sticky":false,"template":"","format":"standard","meta":{"colormag_page_container_layout":"default_layout","colormag_page_sidebar_layout":"default_layout","footnotes":""},"categories":[15],"tags":[488,651,232],"class_list":["post-26835","post","type-post","status-publish","format-standard","has-post-thumbnail","hentry","category-la-araucania","tag-cultura","tag-proyectos","tag-seremi"],"a3_pvc":{"activated":true,"total_views":45,"today_views":0},"_links":{"self":[{"href":"https:\/\/temucotelevision.cl\/web\/wp-json\/wp\/v2\/posts\/26835","targetHints":{"allow":["GET"]}}],"collection":[{"href":"https:\/\/temucotelevision.cl\/web\/wp-json\/wp\/v2\/posts"}],"about":[{"href":"https:\/\/temucotelevision.cl\/web\/wp-json\/wp\/v2\/types\/post"}],"author":[{"embeddable":true,"href":"https:\/\/temucotelevision.cl\/web\/wp-json\/wp\/v2\/users\/1"}],"replies":[{"embeddable":true,"href":"https:\/\/temucotelevision.cl\/web\/wp-json\/wp\/v2\/comments?post=26835"}],"version-history":[{"count":1,"href":"https:\/\/temucotelevision.cl\/web\/wp-json\/wp\/v2\/posts\/26835\/revisions"}],"predecessor-version":[{"id":26838,"href":"https:\/\/temucotelevision.cl\/web\/wp-json\/wp\/v2\/posts\/26835\/revisions\/26838"}],"wp:featuredmedia":[{"embeddable":true,"href":"https:\/\/temucotelevision.cl\/web\/wp-json\/wp\/v2\/media\/26836"}],"wp:attachment":[{"href":"https:\/\/temucotelevision.cl\/web\/wp-json\/wp\/v2\/media?parent=26835"}],"wp:term":[{"taxonomy":"category","embeddable":true,"href":"https:\/\/temucotelevision.cl\/web\/wp-json\/wp\/v2\/categories?post=26835"},{"taxonomy":"post_tag","embeddable":true,"href":"https:\/\/temucotelevision.cl\/web\/wp-json\/wp\/v2\/tags?post=26835"}],"curies":[{"name":"wp","href":"https:\/\/api.w.org\/{rel}","templated":true}]}}