{"id":26829,"date":"2021-10-29T13:07:03","date_gmt":"2021-10-29T16:07:03","guid":{"rendered":"https:\/\/temucotelevision.cl\/web\/?p=26829"},"modified":"2021-10-29T13:07:05","modified_gmt":"2021-10-29T16:07:05","slug":"en-temuco-director-nacional-del-sence-invito-a-acceder-a-subsidios-al-empleo","status":"publish","type":"post","link":"https:\/\/temucotelevision.cl\/web\/2021\/10\/29\/en-temuco-director-nacional-del-sence-invito-a-acceder-a-subsidios-al-empleo\/","title":{"rendered":"En Temuco Director Nacional del Sence invit\u00f3 a acceder a Subsidios al Empleo"},"content":{"rendered":"<div class=\"pvc_clear\"><\/div><p id=\"pvc_stats_26829\" class=\"pvc_stats total_only  \" data-element-id=\"26829\" style=\"\"><i class=\"pvc-stats-icon large\" aria-hidden=\"true\"><svg aria-hidden=\"true\" focusable=\"false\" data-prefix=\"far\" data-icon=\"chart-bar\" role=\"img\" xmlns=\"http:\/\/www.w3.org\/2000\/svg\" viewBox=\"0 0 512 512\" class=\"svg-inline--fa fa-chart-bar fa-w-16 fa-2x\"><path fill=\"currentColor\" d=\"M396.8 352h22.4c6.4 0 12.8-6.4 12.8-12.8V108.8c0-6.4-6.4-12.8-12.8-12.8h-22.4c-6.4 0-12.8 6.4-12.8 12.8v230.4c0 6.4 6.4 12.8 12.8 12.8zm-192 0h22.4c6.4 0 12.8-6.4 12.8-12.8V140.8c0-6.4-6.4-12.8-12.8-12.8h-22.4c-6.4 0-12.8 6.4-12.8 12.8v198.4c0 6.4 6.4 12.8 12.8 12.8zm96 0h22.4c6.4 0 12.8-6.4 12.8-12.8V204.8c0-6.4-6.4-12.8-12.8-12.8h-22.4c-6.4 0-12.8 6.4-12.8 12.8v134.4c0 6.4 6.4 12.8 12.8 12.8zM496 400H48V80c0-8.84-7.16-16-16-16H16C7.16 64 0 71.16 0 80v336c0 17.67 14.33 32 32 32h464c8.84 0 16-7.16 16-16v-16c0-8.84-7.16-16-16-16zm-387.2-48h22.4c6.4 0 12.8-6.4 12.8-12.8v-70.4c0-6.4-6.4-12.8-12.8-12.8h-22.4c-6.4 0-12.8 6.4-12.8 12.8v70.4c0 6.4 6.4 12.8 12.8 12.8z\" class=\"\"><\/path><\/svg><\/i> <img loading=\"lazy\" decoding=\"async\" width=\"16\" height=\"16\" alt=\"Loading\" src=\"https:\/\/temucotelevision.cl\/web\/wp-content\/plugins\/page-views-count\/ajax-loader-2x.gif\" border=0 \/><\/p><div class=\"pvc_clear\"><\/div>\n<p>Un llamado a las micro y medianas empresas a utilizar los Subsidios al Empleo para la contrataci\u00f3n de trabajadores, realiz\u00f3 el director nacional del Sence, Ricardo Ruiz de Vi\u00f1aspre, en su visita a la regi\u00f3n de La Araucan\u00eda.<\/p>\n\n\n\n<p>De la misma forma record\u00f3 que a\u00fan est\u00e1 vigente el IFE Laboral, para los trabajadores que tiene un nuevo contrato tras haber permanecido cesantes al menos el mes anterior.<\/p>\n\n\n\n<p>\u201cGenerar m\u00e1s puestos de trabajo y disminuir el desempleo es nuestra misi\u00f3n y con este tipo de subsidios al empleo, tanto para empresas como para los propios trabajadores y trabajadoras, buscamos reactivar el mercado laboral que ha sido tan afectado por la pandemia\u201d, declar\u00f3 el director nacional en una actividad en la Serviteca Senna de Temuco.<\/p>\n\n\n\n<p>Actualmente pueden acceder al Subsidio al Empleo en su l\u00ednea de contrataci\u00f3n de nuevos empleados las micro, peque\u00f1as y medianas empresas (con hasta 199 trabajadores), y los beneficios se otorgar\u00e1n por un m\u00e1ximo de hasta 4 meses.<\/p>\n\n\n\n<p>En el caso del Subsidio Regresa, para reincorporar al empleo a personas suspendidas por Ley de Protecci\u00f3n al Empleo, se extender\u00e1 hasta el 6 de octubre el periodo en que los trabajadores con este r\u00e9gimen pueden ser postulados por las empresas.<\/p>\n\n\n\n<p>Uno de los propietarios de la Serviteca Senna, Daniel Fuentes, coment\u00f3 que han aprovechado estos incentivos para contratar a 14 nuevas personas a pesar de la crisis sanitaria: \u201cHemos podido dar la oportunidad a varias personas para incorporarse hoy a nuestra empresa, saliendo ellos y nosotros favorecidos. Esto nos ha permitido mantener nuestros servicios en estos tiempos complejos de pandemia\u201d, a\u00f1adi\u00f3.<\/p>\n\n\n\n<p>Alexis Molina, uno de los trabajadores de la misma empresa, se mostr\u00f3 \u201cmuy agradecido ya que gracias al Subsidio al Empleo la empresa pudo contratarme desde Septiembre y despu\u00e9s tambi\u00e9n postul\u00e9 al IFE Laboral. Yo estuve dos meses sin trabajo y fueron momentos dif\u00edciles, no es f\u00e1cil encontrar trabajo, y con estas ayudas uno puede salir adelante\u201d relat\u00f3.<\/p>\n\n\n\n<p>Finalmente, el director regional del Sence, Ernesto Salazar, invit\u00f3 a informarse y postular ahora a estos beneficios en el sitio web&nbsp;<a href=\"http:\/\/www.subsidioalempleo.cl\/\" target=\"_blank\" rel=\"noreferrer noopener\">www.subsidioalempleo.cl<\/a><\/p>\n\n\n\n<p>\u201cEl proceso de postulaci\u00f3n es completamente en l\u00ednea, sin presentaci\u00f3n de documentos, para facilitar el acceso de las personas desde cualquier comuna de nuestra regi\u00f3n. Es muy importante destacar que estos beneficios son compatibles con otros bonos como el&nbsp; IFE Universal, por lo que creemos que ser\u00e1 un aporte&nbsp; concreto a que muchas personas puedan reincorporarse al mercado laboral\u201d, detall\u00f3.<\/p>\n\n\n\n<p>En la regi\u00f3n de La Araucan\u00eda, a la fecha m\u00e1s de 37 mil personas han sido empleadas con los subsidios para empresas, y hasta ahora ya reciben su IFE laboral 10 mil trabajadores y trabajadoras.<\/p>\n","protected":false},"excerpt":{"rendered":"<div class=\"pvc_clear\"><\/div>\n<p id=\"pvc_stats_26829\" class=\"pvc_stats total_only  \" data-element-id=\"26829\" style=\"\"><i class=\"pvc-stats-icon large\" aria-hidden=\"true\"><svg aria-hidden=\"true\" focusable=\"false\" data-prefix=\"far\" data-icon=\"chart-bar\" role=\"img\" xmlns=\"http:\/\/www.w3.org\/2000\/svg\" viewBox=\"0 0 512 512\" class=\"svg-inline--fa fa-chart-bar fa-w-16 fa-2x\"><path fill=\"currentColor\" d=\"M396.8 352h22.4c6.4 0 12.8-6.4 12.8-12.8V108.8c0-6.4-6.4-12.8-12.8-12.8h-22.4c-6.4 0-12.8 6.4-12.8 12.8v230.4c0 6.4 6.4 12.8 12.8 12.8zm-192 0h22.4c6.4 0 12.8-6.4 12.8-12.8V140.8c0-6.4-6.4-12.8-12.8-12.8h-22.4c-6.4 0-12.8 6.4-12.8 12.8v198.4c0 6.4 6.4 12.8 12.8 12.8zm96 0h22.4c6.4 0 12.8-6.4 12.8-12.8V204.8c0-6.4-6.4-12.8-12.8-12.8h-22.4c-6.4 0-12.8 6.4-12.8 12.8v134.4c0 6.4 6.4 12.8 12.8 12.8zM496 400H48V80c0-8.84-7.16-16-16-16H16C7.16 64 0 71.16 0 80v336c0 17.67 14.33 32 32 32h464c8.84 0 16-7.16 16-16v-16c0-8.84-7.16-16-16-16zm-387.2-48h22.4c6.4 0 12.8-6.4 12.8-12.8v-70.4c0-6.4-6.4-12.8-12.8-12.8h-22.4c-6.4 0-12.8 6.4-12.8 12.8v70.4c0 6.4 6.4 12.8 12.8 12.8z\" class=\"\"><\/path><\/svg><\/i> <img loading=\"lazy\" decoding=\"async\" width=\"16\" height=\"16\" alt=\"Loading\" src=\"https:\/\/temucotelevision.cl\/web\/wp-content\/plugins\/page-views-count\/ajax-loader-2x.gif\" border=0 \/><\/p>\n<div class=\"pvc_clear\"><\/div>\n<p>Un llamado a las micro y medianas empresas a utilizar los Subsidios al Empleo para la contrataci\u00f3n de trabajadores, realiz\u00f3<\/p>\n","protected":false},"author":1,"featured_media":26830,"comment_status":"open","ping_status":"open","sticky":false,"template":"","format":"standard","meta":{"colormag_page_container_layout":"default_layout","colormag_page_sidebar_layout":"default_layout","footnotes":""},"categories":[14],"tags":[337,1020,2551,1404],"class_list":["post-26829","post","type-post","status-publish","format-standard","has-post-thumbnail","hentry","category-temuco","tag-director","tag-nacional","tag-sence","tag-subsidios"],"a3_pvc":{"activated":true,"total_views":50,"today_views":0},"_links":{"self":[{"href":"https:\/\/temucotelevision.cl\/web\/wp-json\/wp\/v2\/posts\/26829","targetHints":{"allow":["GET"]}}],"collection":[{"href":"https:\/\/temucotelevision.cl\/web\/wp-json\/wp\/v2\/posts"}],"about":[{"href":"https:\/\/temucotelevision.cl\/web\/wp-json\/wp\/v2\/types\/post"}],"author":[{"embeddable":true,"href":"https:\/\/temucotelevision.cl\/web\/wp-json\/wp\/v2\/users\/1"}],"replies":[{"embeddable":true,"href":"https:\/\/temucotelevision.cl\/web\/wp-json\/wp\/v2\/comments?post=26829"}],"version-history":[{"count":1,"href":"https:\/\/temucotelevision.cl\/web\/wp-json\/wp\/v2\/posts\/26829\/revisions"}],"predecessor-version":[{"id":26831,"href":"https:\/\/temucotelevision.cl\/web\/wp-json\/wp\/v2\/posts\/26829\/revisions\/26831"}],"wp:featuredmedia":[{"embeddable":true,"href":"https:\/\/temucotelevision.cl\/web\/wp-json\/wp\/v2\/media\/26830"}],"wp:attachment":[{"href":"https:\/\/temucotelevision.cl\/web\/wp-json\/wp\/v2\/media?parent=26829"}],"wp:term":[{"taxonomy":"category","embeddable":true,"href":"https:\/\/temucotelevision.cl\/web\/wp-json\/wp\/v2\/categories?post=26829"},{"taxonomy":"post_tag","embeddable":true,"href":"https:\/\/temucotelevision.cl\/web\/wp-json\/wp\/v2\/tags?post=26829"}],"curies":[{"name":"wp","href":"https:\/\/api.w.org\/{rel}","templated":true}]}}