{"id":26825,"date":"2021-10-29T12:44:50","date_gmt":"2021-10-29T15:44:50","guid":{"rendered":"https:\/\/temucotelevision.cl\/web\/?p=26825"},"modified":"2021-10-29T12:44:51","modified_gmt":"2021-10-29T15:44:51","slug":"core-daniel-sandoval-la-historia-oculta-de-una-posible-estafa-laboral-en-la-quiebra-de-constructora-garcia-gross-de-temuco","status":"publish","type":"post","link":"https:\/\/temucotelevision.cl\/web\/2021\/10\/29\/core-daniel-sandoval-la-historia-oculta-de-una-posible-estafa-laboral-en-la-quiebra-de-constructora-garcia-gross-de-temuco\/","title":{"rendered":"Core Daniel Sandoval: La historia oculta de una posible &#8220;Estafa Laboral&#8221; en la quiebra de Constructora Garc\u00eda Gross de Temuco"},"content":{"rendered":"<div class=\"pvc_clear\"><\/div><p id=\"pvc_stats_26825\" class=\"pvc_stats total_only  \" data-element-id=\"26825\" style=\"\"><i class=\"pvc-stats-icon large\" aria-hidden=\"true\"><svg aria-hidden=\"true\" focusable=\"false\" data-prefix=\"far\" data-icon=\"chart-bar\" role=\"img\" xmlns=\"http:\/\/www.w3.org\/2000\/svg\" viewBox=\"0 0 512 512\" class=\"svg-inline--fa fa-chart-bar fa-w-16 fa-2x\"><path fill=\"currentColor\" d=\"M396.8 352h22.4c6.4 0 12.8-6.4 12.8-12.8V108.8c0-6.4-6.4-12.8-12.8-12.8h-22.4c-6.4 0-12.8 6.4-12.8 12.8v230.4c0 6.4 6.4 12.8 12.8 12.8zm-192 0h22.4c6.4 0 12.8-6.4 12.8-12.8V140.8c0-6.4-6.4-12.8-12.8-12.8h-22.4c-6.4 0-12.8 6.4-12.8 12.8v198.4c0 6.4 6.4 12.8 12.8 12.8zm96 0h22.4c6.4 0 12.8-6.4 12.8-12.8V204.8c0-6.4-6.4-12.8-12.8-12.8h-22.4c-6.4 0-12.8 6.4-12.8 12.8v134.4c0 6.4 6.4 12.8 12.8 12.8zM496 400H48V80c0-8.84-7.16-16-16-16H16C7.16 64 0 71.16 0 80v336c0 17.67 14.33 32 32 32h464c8.84 0 16-7.16 16-16v-16c0-8.84-7.16-16-16-16zm-387.2-48h22.4c6.4 0 12.8-6.4 12.8-12.8v-70.4c0-6.4-6.4-12.8-12.8-12.8h-22.4c-6.4 0-12.8 6.4-12.8 12.8v70.4c0 6.4 6.4 12.8 12.8 12.8z\" class=\"\"><\/path><\/svg><\/i> <img loading=\"lazy\" decoding=\"async\" width=\"16\" height=\"16\" alt=\"Loading\" src=\"https:\/\/temucotelevision.cl\/web\/wp-content\/plugins\/page-views-count\/ajax-loader-2x.gif\" border=0 \/><\/p><div class=\"pvc_clear\"><\/div>\n<p>Abogados y tribunales no han velado por los derechos de los trabajadores<\/p>\n\n\n\n<p>Unos 1500 trabajadores y trabajadoras a\u00fan no reciben sus pagos de remuneraciones e imposiciones, en el caso de un grupo de 14 trabajadores ascienden a 270 millones de pesos, en cambio, s\u00ed han logrado sus pagos judiciales las aseguradoras y el Banco de Chile<\/p>\n\n\n\n<p>Por Daniel Sandoval, Periodista, Consejero Regional<\/p>\n\n\n\n<p>Apelando a la Corte, tras la quiebra de la empresa Garc\u00eda Gross en marzo 2020, se encuentran una veintena de trabajadores de esta constructora, quienes a m\u00e1s de un a\u00f1o de la quiebra, a\u00fan siguen exigiendo justicia laboral, debido a que los tribunales han fallado en primera instancia en favor de aseguradoras y entidades bancarias como el Banco de Chile, en vez de respetar lo que establece la ley de quiebras que es pagar y asegurar a las y los trabajadores con sus sueldos, imposiciones y gratificaciones con los recursos que se obtengan producto de la venta de los activos de la empresa, como tambi\u00e9n de los recursos financieros que se generen en la quiebra.<\/p>\n\n\n\n<p>Sin embargo, en este caso, esto no ocurri\u00f3, el Banco de Chile, apel\u00f3 con un recurso de reposici\u00f3n respecto a una retenci\u00f3n de dineros producto del remate de algunas de las propiedades de esta empresa, muchas transferidas a terceros o familiares, para no cumplir con lo que establece la ley. Lamentablemente los tribunales dieron no ha lugar de esta retenci\u00f3n de dineros, entreg\u00e1ndoselos a esta entidad bancaria de Andronico Luksic, en desmedro de las y los trabajadores, quienes son los que tienen la preferencia de pagarse lo insoluto, tras embargos de bienes, frente a cualquier otro tipo de acreedor.<\/p>\n\n\n\n<p>Es por ello que, a m\u00e1s de un a\u00f1o y medio de esta quiebra, creo que estamos frente a una probable o eventual estafa laboral, donde da para todo tipo de interpretaciones esta abusiva situaci\u00f3n, sobre todo respecto a las redes de poder pol\u00edtico, social, econ\u00f3mico y comunicacional que construy\u00f3 esta empresa durante su funcionamiento, no s\u00f3lo en la Araucan\u00eda, sino tambi\u00e9n en Los Lagos y Los R\u00edos, adjudic\u00e1ndose grandes proyectos de inversi\u00f3n en pavimento de caminos, alcantarillados y otras obras de infraestructura p\u00fablica.<\/p>\n\n\n\n<p>Estamos frente a un sistema que abusa de las y los trabajadores, legislaciones que no son respetadas en su esp\u00edritu, tercer\u00edas, empresas multirut y tribunales que no se ajustan a derecho, con abogados de dudosa calidad \u00e9tica que se dedican a esconder los bienes y patrimonio, con subterfugios para no cancelar lo que les corresponde a las y los trabajadores, pero si para lograr que se cancelen los pagar\u00e9s de las grandes entidades bancarias.<\/p>\n\n\n\n<p>Se requiere control y fiscalizaci\u00f3n frente a estos procesos, pero con una Superintendencia de Quiebras, que haga su trabajo, que es velar por las actuaciones de los s\u00edndicos para que se haga efectivo el pago judicial de sueldos, cotizaciones, indemnizaciones y otras asignaciones para quienes dieron todo por esta empresa, trabajadores leales, responsables y solidarios con el desarrollo de esta instituci\u00f3n que ha buscado todos los subterfugios para darle la espalda a quienes por d\u00e9cadas fueron el motor principal del \u00e9xito econ\u00f3mico y laboral de la constructora Garc\u00eda Gross.<\/p>\n\n\n\n<p>Es de esperar que la Corte de Apelaciones de Temuco revoque estas decisiones procesales y falle en favor de las y los trabajadores, para que las obligaciones laborales y previsionales de esta empresa se paguen, en el marco de la responsabilidad laboral solidaria que le caben para con sus trabajadoras y trabajadores. Es un m\u00ednimo de decencia judicial para quienes fueron y son el motor de la empresa y quienes tienen la preferencia legal por su labor realizada, de lo contrario, ser\u00eda un caso m\u00e1s, digno del mejor periodismo de investigaci\u00f3n. \u00a1Caiga quien caiga!<\/p>\n\n\n\n<p>\u00a1Justicia y Dignidad Laboral Ahora!<\/p>\n","protected":false},"excerpt":{"rendered":"<div class=\"pvc_clear\"><\/div>\n<p id=\"pvc_stats_26825\" class=\"pvc_stats total_only  \" data-element-id=\"26825\" style=\"\"><i class=\"pvc-stats-icon large\" aria-hidden=\"true\"><svg aria-hidden=\"true\" focusable=\"false\" data-prefix=\"far\" data-icon=\"chart-bar\" role=\"img\" xmlns=\"http:\/\/www.w3.org\/2000\/svg\" viewBox=\"0 0 512 512\" class=\"svg-inline--fa fa-chart-bar fa-w-16 fa-2x\"><path fill=\"currentColor\" d=\"M396.8 352h22.4c6.4 0 12.8-6.4 12.8-12.8V108.8c0-6.4-6.4-12.8-12.8-12.8h-22.4c-6.4 0-12.8 6.4-12.8 12.8v230.4c0 6.4 6.4 12.8 12.8 12.8zm-192 0h22.4c6.4 0 12.8-6.4 12.8-12.8V140.8c0-6.4-6.4-12.8-12.8-12.8h-22.4c-6.4 0-12.8 6.4-12.8 12.8v198.4c0 6.4 6.4 12.8 12.8 12.8zm96 0h22.4c6.4 0 12.8-6.4 12.8-12.8V204.8c0-6.4-6.4-12.8-12.8-12.8h-22.4c-6.4 0-12.8 6.4-12.8 12.8v134.4c0 6.4 6.4 12.8 12.8 12.8zM496 400H48V80c0-8.84-7.16-16-16-16H16C7.16 64 0 71.16 0 80v336c0 17.67 14.33 32 32 32h464c8.84 0 16-7.16 16-16v-16c0-8.84-7.16-16-16-16zm-387.2-48h22.4c6.4 0 12.8-6.4 12.8-12.8v-70.4c0-6.4-6.4-12.8-12.8-12.8h-22.4c-6.4 0-12.8 6.4-12.8 12.8v70.4c0 6.4 6.4 12.8 12.8 12.8z\" class=\"\"><\/path><\/svg><\/i> <img loading=\"lazy\" decoding=\"async\" width=\"16\" height=\"16\" alt=\"Loading\" src=\"https:\/\/temucotelevision.cl\/web\/wp-content\/plugins\/page-views-count\/ajax-loader-2x.gif\" border=0 \/><\/p>\n<div class=\"pvc_clear\"><\/div>\n<p>Abogados y tribunales no han velado por los derechos de los trabajadores Unos 1500 trabajadores y trabajadoras a\u00fan no reciben<\/p>\n","protected":false},"author":1,"featured_media":26826,"comment_status":"open","ping_status":"open","sticky":false,"template":"","format":"standard","meta":{"colormag_page_container_layout":"default_layout","colormag_page_sidebar_layout":"default_layout","footnotes":""},"categories":[14],"tags":[3130,2856,4588,852],"class_list":["post-26825","post","type-post","status-publish","format-standard","has-post-thumbnail","hentry","category-temuco","tag-abogados","tag-constructora","tag-garcia-gross","tag-trabajadores"],"a3_pvc":{"activated":true,"total_views":663,"today_views":0},"_links":{"self":[{"href":"https:\/\/temucotelevision.cl\/web\/wp-json\/wp\/v2\/posts\/26825","targetHints":{"allow":["GET"]}}],"collection":[{"href":"https:\/\/temucotelevision.cl\/web\/wp-json\/wp\/v2\/posts"}],"about":[{"href":"https:\/\/temucotelevision.cl\/web\/wp-json\/wp\/v2\/types\/post"}],"author":[{"embeddable":true,"href":"https:\/\/temucotelevision.cl\/web\/wp-json\/wp\/v2\/users\/1"}],"replies":[{"embeddable":true,"href":"https:\/\/temucotelevision.cl\/web\/wp-json\/wp\/v2\/comments?post=26825"}],"version-history":[{"count":1,"href":"https:\/\/temucotelevision.cl\/web\/wp-json\/wp\/v2\/posts\/26825\/revisions"}],"predecessor-version":[{"id":26827,"href":"https:\/\/temucotelevision.cl\/web\/wp-json\/wp\/v2\/posts\/26825\/revisions\/26827"}],"wp:featuredmedia":[{"embeddable":true,"href":"https:\/\/temucotelevision.cl\/web\/wp-json\/wp\/v2\/media\/26826"}],"wp:attachment":[{"href":"https:\/\/temucotelevision.cl\/web\/wp-json\/wp\/v2\/media?parent=26825"}],"wp:term":[{"taxonomy":"category","embeddable":true,"href":"https:\/\/temucotelevision.cl\/web\/wp-json\/wp\/v2\/categories?post=26825"},{"taxonomy":"post_tag","embeddable":true,"href":"https:\/\/temucotelevision.cl\/web\/wp-json\/wp\/v2\/tags?post=26825"}],"curies":[{"name":"wp","href":"https:\/\/api.w.org\/{rel}","templated":true}]}}