{"id":26823,"date":"2021-10-29T12:34:32","date_gmt":"2021-10-29T15:34:32","guid":{"rendered":"https:\/\/temucotelevision.cl\/web\/?p=26823"},"modified":"2021-10-29T12:34:34","modified_gmt":"2021-10-29T15:34:34","slug":"gobernador-regional-y-alcaldes-de-la-araucania-anuncian-consulta-ciudadana-sobre-extension-del-estado-de-emergencia-en-la-region","status":"publish","type":"post","link":"https:\/\/temucotelevision.cl\/web\/2021\/10\/29\/gobernador-regional-y-alcaldes-de-la-araucania-anuncian-consulta-ciudadana-sobre-extension-del-estado-de-emergencia-en-la-region\/","title":{"rendered":"Gobernador regional y alcaldes de La Araucan\u00eda anuncian consulta ciudadana sobre extensi\u00f3n del Estado de Emergencia en la regi\u00f3n"},"content":{"rendered":"<div class=\"pvc_clear\"><\/div><p id=\"pvc_stats_26823\" class=\"pvc_stats total_only  \" data-element-id=\"26823\" style=\"\"><i class=\"pvc-stats-icon large\" aria-hidden=\"true\"><svg aria-hidden=\"true\" focusable=\"false\" data-prefix=\"far\" data-icon=\"chart-bar\" role=\"img\" xmlns=\"http:\/\/www.w3.org\/2000\/svg\" viewBox=\"0 0 512 512\" class=\"svg-inline--fa fa-chart-bar fa-w-16 fa-2x\"><path fill=\"currentColor\" d=\"M396.8 352h22.4c6.4 0 12.8-6.4 12.8-12.8V108.8c0-6.4-6.4-12.8-12.8-12.8h-22.4c-6.4 0-12.8 6.4-12.8 12.8v230.4c0 6.4 6.4 12.8 12.8 12.8zm-192 0h22.4c6.4 0 12.8-6.4 12.8-12.8V140.8c0-6.4-6.4-12.8-12.8-12.8h-22.4c-6.4 0-12.8 6.4-12.8 12.8v198.4c0 6.4 6.4 12.8 12.8 12.8zm96 0h22.4c6.4 0 12.8-6.4 12.8-12.8V204.8c0-6.4-6.4-12.8-12.8-12.8h-22.4c-6.4 0-12.8 6.4-12.8 12.8v134.4c0 6.4 6.4 12.8 12.8 12.8zM496 400H48V80c0-8.84-7.16-16-16-16H16C7.16 64 0 71.16 0 80v336c0 17.67 14.33 32 32 32h464c8.84 0 16-7.16 16-16v-16c0-8.84-7.16-16-16-16zm-387.2-48h22.4c6.4 0 12.8-6.4 12.8-12.8v-70.4c0-6.4-6.4-12.8-12.8-12.8h-22.4c-6.4 0-12.8 6.4-12.8 12.8v70.4c0 6.4 6.4 12.8 12.8 12.8z\" class=\"\"><\/path><\/svg><\/i> <img loading=\"lazy\" decoding=\"async\" width=\"16\" height=\"16\" alt=\"Loading\" src=\"https:\/\/temucotelevision.cl\/web\/wp-content\/plugins\/page-views-count\/ajax-loader-2x.gif\" border=0 \/><\/p><div class=\"pvc_clear\"><\/div>\n<p><strong><em>El proceso se realizar\u00e1 los d\u00edas 5, 6 y 7 de noviembre a trav\u00e9s del sitio web&nbsp;<\/em><\/strong><a href=\"http:\/\/www.xn--consultaaraucana-nsb.cl\/\"><strong><em>www.consultaaraucan\u00eda.cl<\/em><\/strong><\/a><strong><em>y podr\u00e1n participar todos los mayores de 18 a\u00f1os inscritos en los registros del Servel en las 32 comunas de la regi\u00f3n.&nbsp;<\/em><\/strong><\/p>\n\n\n\n<p><strong><em>Luciano Rivas plante\u00f3 la necesidad de \u201cescuchar la voz de la regi\u00f3n\u201d antes de que el Congreso defina extender o no el decreto presidencial que vence el pr\u00f3ximo 11 de noviembre.&nbsp;<\/em><\/strong><\/p>\n\n\n\n<p><strong><em>Es una junta electoral la que estar\u00e1 a cargo de la transparencia del proceso, la cual estar\u00e1 conformada por el gobernador regional, el presidente de la AMRA y alcaldes representantes de las asociaciones territoriales de la regi\u00f3n.<\/em><\/strong><\/p>\n\n\n\n<p>La realizaci\u00f3n de una&nbsp;Consulta Ciudadana a los habitantes de la regi\u00f3n anunci\u00f3 este viernes el gobernador regional de La Araucan\u00eda, Luciano Rivas, junto a la Agrupaci\u00f3n de Municipalidades Regi\u00f3n de La Araucan\u00eda (AMRA) y asociaciones de alcaldes, para conocer la opini\u00f3n de los habitantes sobre la posibilidad de extender el Estado de Emergencia m\u00e1s all\u00e1 del 11 de noviembre, fecha en que vence la segunda renovaci\u00f3n de la medida decretada por el Presidente de la Rep\u00fablica, Sebasti\u00e1n Pi\u00f1era.&nbsp;<\/p>\n\n\n\n<p>Para renovarlo por un tercer periodo, se requiere la autorizaci\u00f3n del Congreso Nacional, raz\u00f3n por la que el gobernador Rivas y los alcaldes regionales, plantearon la necesidad de que sea la ciudadan\u00eda de la regi\u00f3n la que se pronuncie antes de que resuelva el Parlamento.<\/p>\n\n\n\n<p>La consulta se realizar\u00e1 los d\u00edas 5, 6 y 7 de noviembre y se podr\u00e1 votar de manera virtual a trav\u00e9s del sitio&nbsp;<a href=\"http:\/\/www.consultaaraucania.cl\/\">www.consultaaraucania.cl<\/a>&nbsp;hasta las 23:59 del domingo 7 de noviembre.&nbsp;<\/p>\n\n\n\n<p>\u00bfQui\u00e9nes podr\u00e1n votar? Todos los habitantes de La Araucan\u00eda mayores de 18 a\u00f1os inscritos en el registro electoral en alguna de las 32 comunas de la regi\u00f3n. Para votar deber\u00e1n ingresar su rut y n\u00famero de serie de la c\u00e9dula de identidad.&nbsp;<\/p>\n\n\n\n<p>\u201cQuiero convocar a los ciudadanos de nuestra regi\u00f3n a participar de este proceso que ser\u00e1 hist\u00f3rico. Hago un llamado a los pol\u00edticos, a los candidatos presidenciales y, en especial, a los parlamentarios para que escuchen la voz de la ciudadan\u00eda, escuchen la voz de la regi\u00f3n\u201d, se\u00f1al\u00f3 el gobernador regional.&nbsp;&nbsp;<\/p>\n\n\n\n<p>\u201cEstoy convencido de que para salir de la crisis democr\u00e1tica que vivimos es necesario extender el Estado de Emergencia hasta que logremos desarticular el crimen organizado que tanto nos ha hecho sufrir, y recuperar as\u00ed la paz y seguridad. Esa es mi opini\u00f3n personal, ahora lo que tenemos que hacer es escuchar la voz de la regi\u00f3n\u201d, agreg\u00f3 la m\u00e1xima autoridad regional.&nbsp;<\/p>\n\n\n\n<p>El alcalde de la comuna de Cunco y presidente de AMRA, Alfonso Coke entreg\u00f3 su opini\u00f3n sobre la consulta y dijo que \u201ccreo que es muy importante; cuando el gobernador lo plante\u00f3 nosotros lo apoyamos, porque creo que es importante que todos los ciudadanos participen y se hagan parte de lo que estamos viviendo en La Araucan\u00eda en este Estado de Excepci\u00f3n. Es una oportunidad para que todos los vecinos puedan dar su opini\u00f3n y quiero felicitar al gobernador, porque esta es una muy buena idea y lo estamos apoyando\u201d.<\/p>\n\n\n\n<p>El alcalde de Carahue, Alejandro S\u00e1ez valor\u00f3 la reuni\u00f3n \u201cplanteamos esta idea de hacer una consulta ciudadana para que sea la regi\u00f3n la que hable, creo que vamos a sacar todo lo que nuestros habitantes pensamos y deseamos. Quiero agradecer al gobernador porque siempre ha tenido la mejor voluntad de escuchar a los alcaldes. Creo que es una consulta muy buena la que se va a hacer, esperamos que se haga con la m\u00e1xima transparencia y la responsabilidad de los ciudadanos de la regi\u00f3n de La Araucan\u00eda\u201d.<\/p>\n\n\n\n<p>El ministro Rodrigo Delgado, quien el jueves estaba de visita en la regi\u00f3n, valor\u00f3 la iniciativa. \u201cEs un insumo tremendamente importante. Si viene del mundo municipal, liderada por el Gobierno Regional y por el mundo local, es para nosotros tremendamente valioso, pues permite saber en qu\u00e9 est\u00e1 la gente, cu\u00e1l es la postura respecto a este tema\u201d. Sobre los resultados asegur\u00f3 que \u201cvamos a esperar con ansias esos resultados y nos hemos puesto a disposici\u00f3n en cualquier cosa que podamos colaborar\u201d.<\/p>\n\n\n\n<p>El proceso contar\u00e1 con el soporte de la empresa E-Voting y ser\u00e1 una junta electoral la que velar\u00e1 por la transparencia de la consulta, la cual estar\u00e1 conformada por el gobernador regional, la Agrupaci\u00f3n de Municipalidades de La Araucan\u00eda (AMRA) y alcaldes representantes de las asociaciones territoriales, entre \u00e9stas, la zona lacustre, Nahuelbuta, Costa Araucan\u00eda y Malleco Norte.&nbsp;<\/p>\n","protected":false},"excerpt":{"rendered":"<div class=\"pvc_clear\"><\/div>\n<p id=\"pvc_stats_26823\" class=\"pvc_stats total_only  \" data-element-id=\"26823\" style=\"\"><i class=\"pvc-stats-icon large\" aria-hidden=\"true\"><svg aria-hidden=\"true\" focusable=\"false\" data-prefix=\"far\" data-icon=\"chart-bar\" role=\"img\" xmlns=\"http:\/\/www.w3.org\/2000\/svg\" viewBox=\"0 0 512 512\" class=\"svg-inline--fa fa-chart-bar fa-w-16 fa-2x\"><path fill=\"currentColor\" d=\"M396.8 352h22.4c6.4 0 12.8-6.4 12.8-12.8V108.8c0-6.4-6.4-12.8-12.8-12.8h-22.4c-6.4 0-12.8 6.4-12.8 12.8v230.4c0 6.4 6.4 12.8 12.8 12.8zm-192 0h22.4c6.4 0 12.8-6.4 12.8-12.8V140.8c0-6.4-6.4-12.8-12.8-12.8h-22.4c-6.4 0-12.8 6.4-12.8 12.8v198.4c0 6.4 6.4 12.8 12.8 12.8zm96 0h22.4c6.4 0 12.8-6.4 12.8-12.8V204.8c0-6.4-6.4-12.8-12.8-12.8h-22.4c-6.4 0-12.8 6.4-12.8 12.8v134.4c0 6.4 6.4 12.8 12.8 12.8zM496 400H48V80c0-8.84-7.16-16-16-16H16C7.16 64 0 71.16 0 80v336c0 17.67 14.33 32 32 32h464c8.84 0 16-7.16 16-16v-16c0-8.84-7.16-16-16-16zm-387.2-48h22.4c6.4 0 12.8-6.4 12.8-12.8v-70.4c0-6.4-6.4-12.8-12.8-12.8h-22.4c-6.4 0-12.8 6.4-12.8 12.8v70.4c0 6.4 6.4 12.8 12.8 12.8z\" class=\"\"><\/path><\/svg><\/i> <img loading=\"lazy\" decoding=\"async\" width=\"16\" height=\"16\" alt=\"Loading\" src=\"https:\/\/temucotelevision.cl\/web\/wp-content\/plugins\/page-views-count\/ajax-loader-2x.gif\" border=0 \/><\/p>\n<div class=\"pvc_clear\"><\/div>\n<p>El proceso se realizar\u00e1 los d\u00edas 5, 6 y 7 de noviembre a trav\u00e9s del sitio web&nbsp;www.consultaaraucan\u00eda.cly podr\u00e1n participar todos<\/p>\n","protected":false},"author":1,"featured_media":26744,"comment_status":"open","ping_status":"open","sticky":false,"template":"","format":"standard","meta":{"colormag_page_container_layout":"default_layout","colormag_page_sidebar_layout":"default_layout","footnotes":""},"categories":[15],"tags":[1479,4410,829,170],"class_list":["post-26823","post","type-post","status-publish","format-standard","has-post-thumbnail","hentry","category-la-araucania","tag-consulta","tag-estado-de-emergencia","tag-gobernador","tag-region"],"a3_pvc":{"activated":true,"total_views":65,"today_views":0},"_links":{"self":[{"href":"https:\/\/temucotelevision.cl\/web\/wp-json\/wp\/v2\/posts\/26823","targetHints":{"allow":["GET"]}}],"collection":[{"href":"https:\/\/temucotelevision.cl\/web\/wp-json\/wp\/v2\/posts"}],"about":[{"href":"https:\/\/temucotelevision.cl\/web\/wp-json\/wp\/v2\/types\/post"}],"author":[{"embeddable":true,"href":"https:\/\/temucotelevision.cl\/web\/wp-json\/wp\/v2\/users\/1"}],"replies":[{"embeddable":true,"href":"https:\/\/temucotelevision.cl\/web\/wp-json\/wp\/v2\/comments?post=26823"}],"version-history":[{"count":1,"href":"https:\/\/temucotelevision.cl\/web\/wp-json\/wp\/v2\/posts\/26823\/revisions"}],"predecessor-version":[{"id":26824,"href":"https:\/\/temucotelevision.cl\/web\/wp-json\/wp\/v2\/posts\/26823\/revisions\/26824"}],"wp:featuredmedia":[{"embeddable":true,"href":"https:\/\/temucotelevision.cl\/web\/wp-json\/wp\/v2\/media\/26744"}],"wp:attachment":[{"href":"https:\/\/temucotelevision.cl\/web\/wp-json\/wp\/v2\/media?parent=26823"}],"wp:term":[{"taxonomy":"category","embeddable":true,"href":"https:\/\/temucotelevision.cl\/web\/wp-json\/wp\/v2\/categories?post=26823"},{"taxonomy":"post_tag","embeddable":true,"href":"https:\/\/temucotelevision.cl\/web\/wp-json\/wp\/v2\/tags?post=26823"}],"curies":[{"name":"wp","href":"https:\/\/api.w.org\/{rel}","templated":true}]}}