{"id":26818,"date":"2021-10-29T12:24:41","date_gmt":"2021-10-29T15:24:41","guid":{"rendered":"https:\/\/temucotelevision.cl\/web\/?p=26818"},"modified":"2021-10-29T12:24:42","modified_gmt":"2021-10-29T15:24:42","slug":"compositor-de-la-araucania-feli-andrey-lanza-su-nuevo-single-fiesta","status":"publish","type":"post","link":"https:\/\/temucotelevision.cl\/web\/2021\/10\/29\/compositor-de-la-araucania-feli-andrey-lanza-su-nuevo-single-fiesta\/","title":{"rendered":"Compositor de la Araucan\u00eda Feli Andrey lanza su nuevo single \u201cFiesta\u201d"},"content":{"rendered":"<div class=\"pvc_clear\"><\/div><p id=\"pvc_stats_26818\" class=\"pvc_stats total_only  \" data-element-id=\"26818\" style=\"\"><i class=\"pvc-stats-icon large\" aria-hidden=\"true\"><svg aria-hidden=\"true\" focusable=\"false\" data-prefix=\"far\" data-icon=\"chart-bar\" role=\"img\" xmlns=\"http:\/\/www.w3.org\/2000\/svg\" viewBox=\"0 0 512 512\" class=\"svg-inline--fa fa-chart-bar fa-w-16 fa-2x\"><path fill=\"currentColor\" d=\"M396.8 352h22.4c6.4 0 12.8-6.4 12.8-12.8V108.8c0-6.4-6.4-12.8-12.8-12.8h-22.4c-6.4 0-12.8 6.4-12.8 12.8v230.4c0 6.4 6.4 12.8 12.8 12.8zm-192 0h22.4c6.4 0 12.8-6.4 12.8-12.8V140.8c0-6.4-6.4-12.8-12.8-12.8h-22.4c-6.4 0-12.8 6.4-12.8 12.8v198.4c0 6.4 6.4 12.8 12.8 12.8zm96 0h22.4c6.4 0 12.8-6.4 12.8-12.8V204.8c0-6.4-6.4-12.8-12.8-12.8h-22.4c-6.4 0-12.8 6.4-12.8 12.8v134.4c0 6.4 6.4 12.8 12.8 12.8zM496 400H48V80c0-8.84-7.16-16-16-16H16C7.16 64 0 71.16 0 80v336c0 17.67 14.33 32 32 32h464c8.84 0 16-7.16 16-16v-16c0-8.84-7.16-16-16-16zm-387.2-48h22.4c6.4 0 12.8-6.4 12.8-12.8v-70.4c0-6.4-6.4-12.8-12.8-12.8h-22.4c-6.4 0-12.8 6.4-12.8 12.8v70.4c0 6.4 6.4 12.8 12.8 12.8z\" class=\"\"><\/path><\/svg><\/i> <img loading=\"lazy\" decoding=\"async\" width=\"16\" height=\"16\" alt=\"Loading\" src=\"https:\/\/temucotelevision.cl\/web\/wp-content\/plugins\/page-views-count\/ajax-loader-2x.gif\" border=0 \/><\/p><div class=\"pvc_clear\"><\/div>\n<p>\u00b7&nbsp;&nbsp;&nbsp;&nbsp;&nbsp;&nbsp;&nbsp;&nbsp;&nbsp;<strong>Con letras basadas en el desamor, experiencias cotidianas y mezclando sonidos contempor\u00e1neos, con base en el rock y diversas atmosferas modernas.<\/strong><\/p>\n\n\n\n<p>Con la ilusi\u00f3n de proyectar su m\u00fasica a nivel nacional,&nbsp; el destacado compositor&nbsp;&nbsp; oriundo de la comuna de Tolt\u00e9n,Felipe Espinoza Reyes, m\u00e1s conocido por su seud\u00f3nimo \u201cFely Andrey\u201d, acaba de lanzar su primer single \u201cFiesta\u201d. Este tema es &nbsp;parte de su disco debut \u201cAndromeda\u201d, trabajo incluye 8 temas los cuales fueron grabados y producidos en el sello Frontera Sur.<\/p>\n\n\n\n<p>Con letras basadas en el desamor, experiencias cotidianas y mezclando sonidos contempor\u00e1neos, con base en el rock y diversas atmosferas modernas. Este cantautor de la Araucan\u00eda quiere sorprender al p\u00fablico con este trabajo profesional, el cual &nbsp;lo realiz\u00f3&nbsp; durante este primer semestre.<\/p>\n\n\n\n<p>&nbsp;El single \u201cFiesta\u201d es el reflejo de un a\u00f1o de trabajo&nbsp; durante la pandemia, en la cual se reflejan los sentimientos y las melod\u00edas expresadas en este tema que mezcla la melancol\u00eda con la diversi\u00f3n. Sobre&nbsp; el trabajo realizado en esta producci\u00f3n musical&nbsp; Fely Andrey &nbsp;expres\u00f3 que \u201ces un disco diferente, yo anteriormente hacia trova y ahora&nbsp; estoy aplicando ritmos m\u00e1s contempor\u00e1neos y jugando con tips electr\u00f3nico&nbsp; y del rock&nbsp;<\/p>\n\n\n\n<p>Con m\u00e1s de una d\u00e9cada en el circuito regional Feli Andrey tiene experiencia en grabaciones con su anterior banda Ciruelas con leche y la diversidad de single s que se pueden&nbsp; escuchar en redes sociales. \u201c Me dedico a la m\u00fasica hace m\u00e1s de 10 a\u00f1os, componiendo canciones e interpret\u00e1ndolas por toda mi regi\u00f3n y parte de Chile, comenzando en mi peque\u00f1o pueblo y abri\u00e9ndome paso con los a\u00f1os hasta llegar a Temuco\u201d, coment\u00f3 Feli Andrey.&nbsp;<\/p>\n\n\n\n<p>Sobre su biografia y experiencia el cantante oriundo de la costa de la Araucan\u00eda expres\u00f3 que \u201cfui reconocido en m\u00faltiples ocasiones, ganando festivales y competencias de talentos. en el 2017 obtuve el importante Premio Regional de las Artes del Wallmapu, en la categor\u00eda &#8221;creador emergente&#8221;&nbsp; otorgado por el Consejo Nacional de la Cultura y las Artes, en donde reconocen y destacan el aporte culturar que he entregado a mi regi\u00f3n\u201d.&nbsp;<\/p>\n","protected":false},"excerpt":{"rendered":"<div class=\"pvc_clear\"><\/div>\n<p id=\"pvc_stats_26818\" class=\"pvc_stats total_only  \" data-element-id=\"26818\" style=\"\"><i class=\"pvc-stats-icon large\" aria-hidden=\"true\"><svg aria-hidden=\"true\" focusable=\"false\" data-prefix=\"far\" data-icon=\"chart-bar\" role=\"img\" xmlns=\"http:\/\/www.w3.org\/2000\/svg\" viewBox=\"0 0 512 512\" class=\"svg-inline--fa fa-chart-bar fa-w-16 fa-2x\"><path fill=\"currentColor\" d=\"M396.8 352h22.4c6.4 0 12.8-6.4 12.8-12.8V108.8c0-6.4-6.4-12.8-12.8-12.8h-22.4c-6.4 0-12.8 6.4-12.8 12.8v230.4c0 6.4 6.4 12.8 12.8 12.8zm-192 0h22.4c6.4 0 12.8-6.4 12.8-12.8V140.8c0-6.4-6.4-12.8-12.8-12.8h-22.4c-6.4 0-12.8 6.4-12.8 12.8v198.4c0 6.4 6.4 12.8 12.8 12.8zm96 0h22.4c6.4 0 12.8-6.4 12.8-12.8V204.8c0-6.4-6.4-12.8-12.8-12.8h-22.4c-6.4 0-12.8 6.4-12.8 12.8v134.4c0 6.4 6.4 12.8 12.8 12.8zM496 400H48V80c0-8.84-7.16-16-16-16H16C7.16 64 0 71.16 0 80v336c0 17.67 14.33 32 32 32h464c8.84 0 16-7.16 16-16v-16c0-8.84-7.16-16-16-16zm-387.2-48h22.4c6.4 0 12.8-6.4 12.8-12.8v-70.4c0-6.4-6.4-12.8-12.8-12.8h-22.4c-6.4 0-12.8 6.4-12.8 12.8v70.4c0 6.4 6.4 12.8 12.8 12.8z\" class=\"\"><\/path><\/svg><\/i> <img loading=\"lazy\" decoding=\"async\" width=\"16\" height=\"16\" alt=\"Loading\" src=\"https:\/\/temucotelevision.cl\/web\/wp-content\/plugins\/page-views-count\/ajax-loader-2x.gif\" border=0 \/><\/p>\n<div class=\"pvc_clear\"><\/div>\n<p>\u00b7&nbsp;&nbsp;&nbsp;&nbsp;&nbsp;&nbsp;&nbsp;&nbsp;&nbsp;Con letras basadas en el desamor, experiencias cotidianas y mezclando sonidos contempor\u00e1neos, con base en el rock y diversas atmosferas<\/p>\n","protected":false},"author":1,"featured_media":26819,"comment_status":"open","ping_status":"open","sticky":false,"template":"","format":"standard","meta":{"colormag_page_container_layout":"default_layout","colormag_page_sidebar_layout":"default_layout","footnotes":""},"categories":[369],"tags":[4587,309,372],"class_list":["post-26818","post","type-post","status-publish","format-standard","has-post-thumbnail","hentry","category-musica","tag-compositor","tag-fiesta","tag-single"],"a3_pvc":{"activated":true,"total_views":57,"today_views":0},"_links":{"self":[{"href":"https:\/\/temucotelevision.cl\/web\/wp-json\/wp\/v2\/posts\/26818","targetHints":{"allow":["GET"]}}],"collection":[{"href":"https:\/\/temucotelevision.cl\/web\/wp-json\/wp\/v2\/posts"}],"about":[{"href":"https:\/\/temucotelevision.cl\/web\/wp-json\/wp\/v2\/types\/post"}],"author":[{"embeddable":true,"href":"https:\/\/temucotelevision.cl\/web\/wp-json\/wp\/v2\/users\/1"}],"replies":[{"embeddable":true,"href":"https:\/\/temucotelevision.cl\/web\/wp-json\/wp\/v2\/comments?post=26818"}],"version-history":[{"count":1,"href":"https:\/\/temucotelevision.cl\/web\/wp-json\/wp\/v2\/posts\/26818\/revisions"}],"predecessor-version":[{"id":26820,"href":"https:\/\/temucotelevision.cl\/web\/wp-json\/wp\/v2\/posts\/26818\/revisions\/26820"}],"wp:featuredmedia":[{"embeddable":true,"href":"https:\/\/temucotelevision.cl\/web\/wp-json\/wp\/v2\/media\/26819"}],"wp:attachment":[{"href":"https:\/\/temucotelevision.cl\/web\/wp-json\/wp\/v2\/media?parent=26818"}],"wp:term":[{"taxonomy":"category","embeddable":true,"href":"https:\/\/temucotelevision.cl\/web\/wp-json\/wp\/v2\/categories?post=26818"},{"taxonomy":"post_tag","embeddable":true,"href":"https:\/\/temucotelevision.cl\/web\/wp-json\/wp\/v2\/tags?post=26818"}],"curies":[{"name":"wp","href":"https:\/\/api.w.org\/{rel}","templated":true}]}}