{"id":26805,"date":"2021-10-29T10:34:33","date_gmt":"2021-10-29T13:34:33","guid":{"rendered":"https:\/\/temucotelevision.cl\/web\/?p=26805"},"modified":"2021-10-29T10:34:34","modified_gmt":"2021-10-29T13:34:34","slug":"convencionales-piden-mantener-u-de-concepcion-como-una-de-las-sedes-para-sesionar-en-regiones","status":"publish","type":"post","link":"https:\/\/temucotelevision.cl\/web\/2021\/10\/29\/convencionales-piden-mantener-u-de-concepcion-como-una-de-las-sedes-para-sesionar-en-regiones\/","title":{"rendered":"Convencionales piden mantener U. De Concepci\u00f3n como una de las sedes para sesionar en regiones"},"content":{"rendered":"<div class=\"pvc_clear\"><\/div><p id=\"pvc_stats_26805\" class=\"pvc_stats total_only  \" data-element-id=\"26805\" style=\"\"><i class=\"pvc-stats-icon large\" aria-hidden=\"true\"><svg aria-hidden=\"true\" focusable=\"false\" data-prefix=\"far\" data-icon=\"chart-bar\" role=\"img\" xmlns=\"http:\/\/www.w3.org\/2000\/svg\" viewBox=\"0 0 512 512\" class=\"svg-inline--fa fa-chart-bar fa-w-16 fa-2x\"><path fill=\"currentColor\" d=\"M396.8 352h22.4c6.4 0 12.8-6.4 12.8-12.8V108.8c0-6.4-6.4-12.8-12.8-12.8h-22.4c-6.4 0-12.8 6.4-12.8 12.8v230.4c0 6.4 6.4 12.8 12.8 12.8zm-192 0h22.4c6.4 0 12.8-6.4 12.8-12.8V140.8c0-6.4-6.4-12.8-12.8-12.8h-22.4c-6.4 0-12.8 6.4-12.8 12.8v198.4c0 6.4 6.4 12.8 12.8 12.8zm96 0h22.4c6.4 0 12.8-6.4 12.8-12.8V204.8c0-6.4-6.4-12.8-12.8-12.8h-22.4c-6.4 0-12.8 6.4-12.8 12.8v134.4c0 6.4 6.4 12.8 12.8 12.8zM496 400H48V80c0-8.84-7.16-16-16-16H16C7.16 64 0 71.16 0 80v336c0 17.67 14.33 32 32 32h464c8.84 0 16-7.16 16-16v-16c0-8.84-7.16-16-16-16zm-387.2-48h22.4c6.4 0 12.8-6.4 12.8-12.8v-70.4c0-6.4-6.4-12.8-12.8-12.8h-22.4c-6.4 0-12.8 6.4-12.8 12.8v70.4c0 6.4 6.4 12.8 12.8 12.8z\" class=\"\"><\/path><\/svg><\/i> <img loading=\"lazy\" decoding=\"async\" width=\"16\" height=\"16\" alt=\"Loading\" src=\"https:\/\/temucotelevision.cl\/web\/wp-content\/plugins\/page-views-count\/ajax-loader-2x.gif\" border=0 \/><\/p><div class=\"pvc_clear\"><\/div>\n<p>Poder sesionar en la U. De Concepci\u00f3n en noviembre, tal como estaba planificado con el fin de trabajar en base a la realidad de las regiones, es lo que pide un grupo de constituyentes, quienes a trav\u00e9s de un oficio solicitaron el pronunciamiento de la mesa de la directiva de la Convenci\u00f3n tras las \u00faltimas declaraciones emitidas por la presidenta y el vicepresidente, dando a entender que no se sesionaria en dicho lugar.&nbsp;<\/p>\n\n\n\n<p>Los convencionales Ruth Hurtado, Margarita Letelier, Roc\u00edo Cantuarias, Teresa Marinovic, Mart\u00edn Arrau, Harry J\u00fcrguensen y Andr\u00e9s Cruz fueron quienes&nbsp; presentaron este oficio con el fin de adquirir la respuesta de parte de la mesa de la Convenci\u00f3n ya que a juicio de los constituyentes, la violencia que sufri\u00f3 la casa de estudios y &#8220;las causas judiciales&nbsp;<br>seguidas ante los Tribunales de Justicia vinculadas con la Universidad de Concepci\u00f3n, en calidad de v\u00edctima de delitos no pueden ser causales para no considerar a dicha instituci\u00f3n como sede de la Convenci\u00f3n. La Universidad de Concepci\u00f3n nace desde la sociedad civil para descentralizar la educaci\u00f3n superior en nuestro pa\u00eds y ha aportado hist\u00f3ricamente con la formaci\u00f3n de j\u00f3venes profesionales para el desarrollo&nbsp;<br>y progreso de Chile. Como \u00f3rgano constituyente, no podemos condicionar ni imponer ideas a una entidad particular por fines pol\u00edticos, incluso debi\u00e9semos demostrar nuestro compromiso con una universidad que promueve el desarrollo libre del esp\u00edritu, condenando cualquier acto de violencia que afecte a sus colaboradores, infraestructura patrimonial e incluso a los habitantes de la ciudad en su conjunto&#8221;, indican en el oficio.&nbsp;<\/p>\n\n\n\n<p>Bajo esta misma l\u00ednea, Ruth Hurtado indic\u00f3 que &#8220;esperamos prontamente una respuesta ya que existe una planificaci\u00f3n y al parecer no la quieren cumplir (&#8230;) la redacci\u00f3n de la propuesta de nueva Constituci\u00f3n tiene que considerar la realidad de las regiones, sino, no tiene sentido. No podemos centralizar todo en Santiago y menos podemos dejar de ir a lugares porque delincuentes atacaron hace semanas una parte de la U. De Concepci\u00f3n&#8230; porque si seguimos en esa l\u00ednea, me pregunto, \u00bfno iremos a La Araucan\u00eda?, \u00bfo ahora van a reconocer que existe violencia y terrorismo en la zona?&#8221;.<br>Por su parte, Roc\u00edo Cantuarias, dijo que &#8220;la mesa hace declaraciones confusas y amenazas solapadas respecto a sesionar en la Universidad de Concepci\u00f3n en la regi\u00f3n del Biob\u00edo. Esperamos que sea una de las instituciones anfitrionas de la Convenci\u00f3n Constitucional, donde se condene siempre la violencia y no se deje amenazar por la presidenta y la mesa en general&#8221;.&nbsp;<\/p>\n\n\n\n<p>Finalmente, Mart\u00edn Arrau, se\u00f1al\u00f3 que &#8220;el actuar arbitrario y censurador de la mesa directiva, ya sea contra constituyentes, la sociedad civil y en este caso en contra de una universidad de las regiones de \u00d1uble y Biobio es algo que no podemos tolerar. Debemos seguir alzando la voz y exigir que la convenci\u00f3n sea un espacio donde todos, con seriedad y respeto puedan participar\u201d.<\/p>\n","protected":false},"excerpt":{"rendered":"<div class=\"pvc_clear\"><\/div>\n<p id=\"pvc_stats_26805\" class=\"pvc_stats total_only  \" data-element-id=\"26805\" style=\"\"><i class=\"pvc-stats-icon large\" aria-hidden=\"true\"><svg aria-hidden=\"true\" focusable=\"false\" data-prefix=\"far\" data-icon=\"chart-bar\" role=\"img\" xmlns=\"http:\/\/www.w3.org\/2000\/svg\" viewBox=\"0 0 512 512\" class=\"svg-inline--fa fa-chart-bar fa-w-16 fa-2x\"><path fill=\"currentColor\" d=\"M396.8 352h22.4c6.4 0 12.8-6.4 12.8-12.8V108.8c0-6.4-6.4-12.8-12.8-12.8h-22.4c-6.4 0-12.8 6.4-12.8 12.8v230.4c0 6.4 6.4 12.8 12.8 12.8zm-192 0h22.4c6.4 0 12.8-6.4 12.8-12.8V140.8c0-6.4-6.4-12.8-12.8-12.8h-22.4c-6.4 0-12.8 6.4-12.8 12.8v198.4c0 6.4 6.4 12.8 12.8 12.8zm96 0h22.4c6.4 0 12.8-6.4 12.8-12.8V204.8c0-6.4-6.4-12.8-12.8-12.8h-22.4c-6.4 0-12.8 6.4-12.8 12.8v134.4c0 6.4 6.4 12.8 12.8 12.8zM496 400H48V80c0-8.84-7.16-16-16-16H16C7.16 64 0 71.16 0 80v336c0 17.67 14.33 32 32 32h464c8.84 0 16-7.16 16-16v-16c0-8.84-7.16-16-16-16zm-387.2-48h22.4c6.4 0 12.8-6.4 12.8-12.8v-70.4c0-6.4-6.4-12.8-12.8-12.8h-22.4c-6.4 0-12.8 6.4-12.8 12.8v70.4c0 6.4 6.4 12.8 12.8 12.8z\" class=\"\"><\/path><\/svg><\/i> <img loading=\"lazy\" decoding=\"async\" width=\"16\" height=\"16\" alt=\"Loading\" src=\"https:\/\/temucotelevision.cl\/web\/wp-content\/plugins\/page-views-count\/ajax-loader-2x.gif\" border=0 \/><\/p>\n<div class=\"pvc_clear\"><\/div>\n<p>Poder sesionar en la U. De Concepci\u00f3n en noviembre, tal como estaba planificado con el fin de trabajar en base<\/p>\n","protected":false},"author":1,"featured_media":23732,"comment_status":"open","ping_status":"open","sticky":false,"template":"","format":"standard","meta":{"colormag_page_container_layout":"default_layout","colormag_page_sidebar_layout":"default_layout","footnotes":""},"categories":[84],"tags":[4093,820,4583,1688,4584],"class_list":["post-26805","post","type-post","status-publish","format-standard","has-post-thumbnail","hentry","category-politica","tag-convencionales","tag-regiones","tag-sesdes","tag-sesiones","tag-u-de-concepcion"],"a3_pvc":{"activated":true,"total_views":19,"today_views":0},"_links":{"self":[{"href":"https:\/\/temucotelevision.cl\/web\/wp-json\/wp\/v2\/posts\/26805","targetHints":{"allow":["GET"]}}],"collection":[{"href":"https:\/\/temucotelevision.cl\/web\/wp-json\/wp\/v2\/posts"}],"about":[{"href":"https:\/\/temucotelevision.cl\/web\/wp-json\/wp\/v2\/types\/post"}],"author":[{"embeddable":true,"href":"https:\/\/temucotelevision.cl\/web\/wp-json\/wp\/v2\/users\/1"}],"replies":[{"embeddable":true,"href":"https:\/\/temucotelevision.cl\/web\/wp-json\/wp\/v2\/comments?post=26805"}],"version-history":[{"count":1,"href":"https:\/\/temucotelevision.cl\/web\/wp-json\/wp\/v2\/posts\/26805\/revisions"}],"predecessor-version":[{"id":26806,"href":"https:\/\/temucotelevision.cl\/web\/wp-json\/wp\/v2\/posts\/26805\/revisions\/26806"}],"wp:featuredmedia":[{"embeddable":true,"href":"https:\/\/temucotelevision.cl\/web\/wp-json\/wp\/v2\/media\/23732"}],"wp:attachment":[{"href":"https:\/\/temucotelevision.cl\/web\/wp-json\/wp\/v2\/media?parent=26805"}],"wp:term":[{"taxonomy":"category","embeddable":true,"href":"https:\/\/temucotelevision.cl\/web\/wp-json\/wp\/v2\/categories?post=26805"},{"taxonomy":"post_tag","embeddable":true,"href":"https:\/\/temucotelevision.cl\/web\/wp-json\/wp\/v2\/tags?post=26805"}],"curies":[{"name":"wp","href":"https:\/\/api.w.org\/{rel}","templated":true}]}}