{"id":26802,"date":"2021-10-29T10:24:32","date_gmt":"2021-10-29T13:24:32","guid":{"rendered":"https:\/\/temucotelevision.cl\/web\/?p=26802"},"modified":"2021-10-29T10:24:34","modified_gmt":"2021-10-29T13:24:34","slug":"luisa-donaire-medico-especialista-en-reumatologia-se-puede-tener-una-vida-normal-con-artritis-reumatoide-siguiendo-un-tratamiento-y-controles-adecuados","status":"publish","type":"post","link":"https:\/\/temucotelevision.cl\/web\/2021\/10\/29\/luisa-donaire-medico-especialista-en-reumatologia-se-puede-tener-una-vida-normal-con-artritis-reumatoide-siguiendo-un-tratamiento-y-controles-adecuados\/","title":{"rendered":"Luisa Donaire, m\u00e9dico especialista en reumatolog\u00eda: \u201cSe puede tener una vida normal con Artritis Reumatoide siguiendo un tratamiento y controles adecuados\u201d"},"content":{"rendered":"<div class=\"pvc_clear\"><\/div><p id=\"pvc_stats_26802\" class=\"pvc_stats total_only  \" data-element-id=\"26802\" style=\"\"><i class=\"pvc-stats-icon large\" aria-hidden=\"true\"><svg aria-hidden=\"true\" focusable=\"false\" data-prefix=\"far\" data-icon=\"chart-bar\" role=\"img\" xmlns=\"http:\/\/www.w3.org\/2000\/svg\" viewBox=\"0 0 512 512\" class=\"svg-inline--fa fa-chart-bar fa-w-16 fa-2x\"><path fill=\"currentColor\" d=\"M396.8 352h22.4c6.4 0 12.8-6.4 12.8-12.8V108.8c0-6.4-6.4-12.8-12.8-12.8h-22.4c-6.4 0-12.8 6.4-12.8 12.8v230.4c0 6.4 6.4 12.8 12.8 12.8zm-192 0h22.4c6.4 0 12.8-6.4 12.8-12.8V140.8c0-6.4-6.4-12.8-12.8-12.8h-22.4c-6.4 0-12.8 6.4-12.8 12.8v198.4c0 6.4 6.4 12.8 12.8 12.8zm96 0h22.4c6.4 0 12.8-6.4 12.8-12.8V204.8c0-6.4-6.4-12.8-12.8-12.8h-22.4c-6.4 0-12.8 6.4-12.8 12.8v134.4c0 6.4 6.4 12.8 12.8 12.8zM496 400H48V80c0-8.84-7.16-16-16-16H16C7.16 64 0 71.16 0 80v336c0 17.67 14.33 32 32 32h464c8.84 0 16-7.16 16-16v-16c0-8.84-7.16-16-16-16zm-387.2-48h22.4c6.4 0 12.8-6.4 12.8-12.8v-70.4c0-6.4-6.4-12.8-12.8-12.8h-22.4c-6.4 0-12.8 6.4-12.8 12.8v70.4c0 6.4 6.4 12.8 12.8 12.8z\" class=\"\"><\/path><\/svg><\/i> <img loading=\"lazy\" decoding=\"async\" width=\"16\" height=\"16\" alt=\"Loading\" src=\"https:\/\/temucotelevision.cl\/web\/wp-content\/plugins\/page-views-count\/ajax-loader-2x.gif\" border=0 \/><\/p><div class=\"pvc_clear\"><\/div>\n<p><strong>Esta compleja y temida variante de artritis se manifiesta por dolor e inflamaci\u00f3n de las articulaciones, y puede producir da\u00f1o y deformidad irreversible si no se trata de forma oportuna. Afortunadamente, hoy existen terapias que ayudan a mejorar la calidad de vida de los pacientes.<\/strong><\/p>\n\n\n\n<p>\u201cCerca de cumplir los 18 a\u00f1os comenc\u00e9 a sentir dolores que cada d\u00eda eran m\u00e1s intensos, en manos, mu\u00f1ecas, tobillos y rodillas\u2026en menos de un mes ya no pod\u00eda caminar, sent\u00eda dolor en todo el cuerpo y mucho cansancio. Y en mis peores d\u00edas, necesitaba ayuda para todo\u201d, recuerda Ruth Atenas Hern\u00e1ndez, hoy de 51 a\u00f1os.<\/p>\n\n\n\n<p>Ruth cuenta que debi\u00f3 esperar diez angustiosos meses antes que un especialista le diera un diagn\u00f3stico definitivo: Artritis Reumatoide. \u201cNo sab\u00eda nada de la enfermedad y menos a\u00fan sospech\u00e9 que esta condici\u00f3n me llevar\u00eda a permanecer largos periodos en cama por la discapacidad que me causaba\u201d, relata.<\/p>\n\n\n\n<p>El pasado 12 de octubre se conmemor\u00f3 el D\u00eda Mundial de la Artritis Reumatoide (A.R). \u00c9sta, es una enfermedad cr\u00f3nica y autoinmune, que se caracteriza por producir inflamaci\u00f3n de la membrana sinovial de las articulaciones y de sus tejidos circundantes, lo cual causa dolor, inflamaci\u00f3n, rigidez y p\u00e9rdida de la funci\u00f3n en manos, pies, mu\u00f1ecas, hombros, codos, caderas y rodillas. Su origen a\u00fan es desconocido, aunque, seg\u00fan algunas investigaciones, pueden influir una serie de factores como los genes, el ambiente, las hormonas, o incluso el alto consumo de cigarrillo.<\/p>\n\n\n\n<p>Entre los s\u00edntomas m\u00e1s conocidos de la A.R se enumeran la rigidez matinal (o despu\u00e9s de periodos de reposo), fatiga, dolor e incapacidad funcional. Por ello, se dice que es una enfermedad que puede comprometer severamente el diario vivir de los pacientes.&nbsp;<\/p>\n\n\n\n<p>\u201cEsos primeros a\u00f1os con la enfermedad fueron devastadores. Muchas veces me sent\u00eda incapacitada para realizar actividades tan sencillas y cotidianas como tomar un vaso con agua o lavarme los dientes\u201d, recuerda Ruth.<\/p>\n\n\n\n<p>En casos m\u00e1s graves, la A.R puede afectar incluso a otros \u00f3rganos como el coraz\u00f3n, los ojos, el pulm\u00f3n o el ri\u00f1\u00f3n, raz\u00f3n por la cual se le considera una enfermedad sist\u00e9mica y autoinmune. \u201cPor eso es tan importante diagnosticarla a tiempo\u201d, afirma Luisa Donaire, m\u00e9dico especialista en reumatolog\u00eda de la Universidad. de Chile. \u201cLa A.R pude llegar a presentar el mismo riesgo cardiovascular que la Diabetes Mellitus\u201d, asegura la profesional.<\/p>\n\n\n\n<p>Es importante aclarar que la A.R no es una patolog\u00eda relacionada con el envejecimiento, pues com\u00fanmente afecta a adultos j\u00f3venes, siendo m\u00e1s frecuente su inicio entre los 30 y 50 a\u00f1os, con una incidencia de mujer-var\u00f3n de 3:1.&nbsp;<\/p>\n\n\n\n<p>Los tratamientos y alivios que proporciona la medicina actual<\/p>\n\n\n\n<p>A modo general, el tratamiento de la Artritis Reumatoide se basa en la utilizaci\u00f3n de tres tipos de medicinas: tratamientos sintom\u00e1ticos, f\u00e1rmacos modificadores de la enfermedad (o DMARDs por sus siglas en ingl\u00e9s), y uso de corticoides. La combinaci\u00f3n entre unos y otros variar\u00e1 en funci\u00f3n de la gravedad de la enfermedad y las caracter\u00edsticas particulares de cada paciente.&nbsp;<\/p>\n\n\n\n<p>\u201cGracias al diagn\u00f3stico oportuno y al uso adecuado de estos tratamientos, hoy la mayor\u00eda de los pacientes consiguen tener la enfermedad controlada desde etapas m\u00e1s tempranas, lo que les permite, con ello, mantener una vida pr\u00e1cticamente normal\u201d, sostiene la doctora Luisa Donaire.<\/p>\n\n\n\n<p>Los tratamientos innovadores hoy en d\u00eda para los casos moderados y severos comprehenden medicamentos biol\u00f3gicos inyectables y medicamentos orales de \u00faltima generaci\u00f3n.<\/p>\n\n\n\n<p>La realidad de la Artritis Reumatoide en Chile<\/p>\n\n\n\n<p>De acuerdo a la actual Encuesta Nacional de Salud, se estima que la prevalencia de A.R en Chile es de 0,46%, lo que, seg\u00fan la doctora Luisa Donaire, puede involucrar \u201centre 40 mil y 90 mil casos\u201d.&nbsp;<\/p>\n\n\n\n<p>Desde el a\u00f1o 2007, la A.R es una patolog\u00eda incluida en las Garant\u00edas Expl\u00edcitas en Salud (GES); otro gran hito, en cuanto al acceso a controles y tratamientos, fue la promulgaci\u00f3n de la Ley 20.850 -m\u00e1s conocida como \u201cLey Ricarte Soto\u201d- que garantiza tratamiento farmacol\u00f3gico biol\u00f3gico de rescate a todos los pacientes portadores de una Artritis Reumatoide Refractaria (aquellos cuyos organismos no reaccionan a la terapia inicial).<\/p>\n\n\n\n<p>Una de las profesionales que m\u00e1s ha visibilizado el impacto de la A.R durante los \u00faltimos a\u00f1os en Chile es Cecilia Rodr\u00edguez, comunicadora social especializada en temas de salud. Hoy es directora ejecutiva de la Fundaci\u00f3n Me Muevo (www.memuevo.cl), que congrega a personas afectadas, familiares y amigos de pacientes con enfermedades reum\u00e1ticas.<\/p>\n\n\n\n<p>La experiencia de Cecilia con la A.R es cercana y personal. Su hermana fue diagnosticada con la enfermedad a los 21 a\u00f1os; ella, a los 35. Esta situaci\u00f3n fue determinante en su enfoque. \u201cNos dedicamos a incidir p\u00fablica y pol\u00edticamente para que pueda existir una mejor cobertura en Chile, pero tambi\u00e9n para que puedan existir espacios de acompa\u00f1amiento de pares, porque la experiencia del otro es muy significativa en el proceso, como contenci\u00f3n, gu\u00eda o acompa\u00f1amiento emocional\u201d, explica.<\/p>\n\n\n\n<p>Ruth Atenas, por su parte, tambi\u00e9n ha dedicado su vida a posicionar la realidad de esta enfermedad tanto en lo institucional como en trabajos de contenci\u00f3n. Hoy, es presidenta de la Corporaci\u00f3n Volar Chile, que desde 1997 apoya y ayuda a pacientes con A.R. Tambi\u00e9n ha participado en varios ensayos cl\u00ednicos para nuevos tratamientos. \u201cEl uso de estas terapias biol\u00f3gicas cambi\u00f3 mi vida y pude lograr la remisi\u00f3n de la enfermedad\u201d, sostiene hoy Atenas, con m\u00e1s alivio y esperanza.<\/p>\n\n\n\n<p>A comienzos de este a\u00f1o, las organizaciones \u201cMe Muevo\u201d y \u201cVolar\u201d presentaron al Ministerio de Salud la encuesta \u201cImpacto de la pandemia Covid19 en pacientes con enfermedades reum\u00e1ticas\u201d. \u201cMe Muevo\u201d, adem\u00e1s, particip\u00f3 durante dos meses en la Mesa de Estrategia Nacional de Salud de esta enfermedad.<\/p>\n\n\n\n<p>\u201cEs importante que salgamos de la consulta no solo con una receta, sino entendiendo y estando en acuerdo con nuestros m\u00e9dicos. No depende solo de nosotros el resultado, pero s\u00ed podemos ser protagonistas activos del autocuidado\u201d, concluye Cecilia Rodr\u00edguez.&nbsp;<\/p>\n","protected":false},"excerpt":{"rendered":"<div class=\"pvc_clear\"><\/div>\n<p id=\"pvc_stats_26802\" class=\"pvc_stats total_only  \" data-element-id=\"26802\" style=\"\"><i class=\"pvc-stats-icon large\" aria-hidden=\"true\"><svg aria-hidden=\"true\" focusable=\"false\" data-prefix=\"far\" data-icon=\"chart-bar\" role=\"img\" xmlns=\"http:\/\/www.w3.org\/2000\/svg\" viewBox=\"0 0 512 512\" class=\"svg-inline--fa fa-chart-bar fa-w-16 fa-2x\"><path fill=\"currentColor\" d=\"M396.8 352h22.4c6.4 0 12.8-6.4 12.8-12.8V108.8c0-6.4-6.4-12.8-12.8-12.8h-22.4c-6.4 0-12.8 6.4-12.8 12.8v230.4c0 6.4 6.4 12.8 12.8 12.8zm-192 0h22.4c6.4 0 12.8-6.4 12.8-12.8V140.8c0-6.4-6.4-12.8-12.8-12.8h-22.4c-6.4 0-12.8 6.4-12.8 12.8v198.4c0 6.4 6.4 12.8 12.8 12.8zm96 0h22.4c6.4 0 12.8-6.4 12.8-12.8V204.8c0-6.4-6.4-12.8-12.8-12.8h-22.4c-6.4 0-12.8 6.4-12.8 12.8v134.4c0 6.4 6.4 12.8 12.8 12.8zM496 400H48V80c0-8.84-7.16-16-16-16H16C7.16 64 0 71.16 0 80v336c0 17.67 14.33 32 32 32h464c8.84 0 16-7.16 16-16v-16c0-8.84-7.16-16-16-16zm-387.2-48h22.4c6.4 0 12.8-6.4 12.8-12.8v-70.4c0-6.4-6.4-12.8-12.8-12.8h-22.4c-6.4 0-12.8 6.4-12.8 12.8v70.4c0 6.4 6.4 12.8 12.8 12.8z\" class=\"\"><\/path><\/svg><\/i> <img loading=\"lazy\" decoding=\"async\" width=\"16\" height=\"16\" alt=\"Loading\" src=\"https:\/\/temucotelevision.cl\/web\/wp-content\/plugins\/page-views-count\/ajax-loader-2x.gif\" border=0 \/><\/p>\n<div class=\"pvc_clear\"><\/div>\n<p>Esta compleja y temida variante de artritis se manifiesta por dolor e inflamaci\u00f3n de las articulaciones, y puede producir da\u00f1o<\/p>\n","protected":false},"author":1,"featured_media":26803,"comment_status":"open","ping_status":"open","sticky":false,"template":"","format":"standard","meta":{"colormag_page_container_layout":"default_layout","colormag_page_sidebar_layout":"default_layout","footnotes":""},"categories":[101],"tags":[4581,2037,4582],"class_list":["post-26802","post","type-post","status-publish","format-standard","has-post-thumbnail","hentry","category-actualidad","tag-artritis","tag-medico","tag-reumatoide"],"a3_pvc":{"activated":true,"total_views":113,"today_views":0},"_links":{"self":[{"href":"https:\/\/temucotelevision.cl\/web\/wp-json\/wp\/v2\/posts\/26802","targetHints":{"allow":["GET"]}}],"collection":[{"href":"https:\/\/temucotelevision.cl\/web\/wp-json\/wp\/v2\/posts"}],"about":[{"href":"https:\/\/temucotelevision.cl\/web\/wp-json\/wp\/v2\/types\/post"}],"author":[{"embeddable":true,"href":"https:\/\/temucotelevision.cl\/web\/wp-json\/wp\/v2\/users\/1"}],"replies":[{"embeddable":true,"href":"https:\/\/temucotelevision.cl\/web\/wp-json\/wp\/v2\/comments?post=26802"}],"version-history":[{"count":1,"href":"https:\/\/temucotelevision.cl\/web\/wp-json\/wp\/v2\/posts\/26802\/revisions"}],"predecessor-version":[{"id":26804,"href":"https:\/\/temucotelevision.cl\/web\/wp-json\/wp\/v2\/posts\/26802\/revisions\/26804"}],"wp:featuredmedia":[{"embeddable":true,"href":"https:\/\/temucotelevision.cl\/web\/wp-json\/wp\/v2\/media\/26803"}],"wp:attachment":[{"href":"https:\/\/temucotelevision.cl\/web\/wp-json\/wp\/v2\/media?parent=26802"}],"wp:term":[{"taxonomy":"category","embeddable":true,"href":"https:\/\/temucotelevision.cl\/web\/wp-json\/wp\/v2\/categories?post=26802"},{"taxonomy":"post_tag","embeddable":true,"href":"https:\/\/temucotelevision.cl\/web\/wp-json\/wp\/v2\/tags?post=26802"}],"curies":[{"name":"wp","href":"https:\/\/api.w.org\/{rel}","templated":true}]}}