{"id":26799,"date":"2021-10-29T09:17:38","date_gmt":"2021-10-29T12:17:38","guid":{"rendered":"https:\/\/temucotelevision.cl\/web\/?p=26799"},"modified":"2021-10-29T09:17:39","modified_gmt":"2021-10-29T12:17:39","slug":"ansiedad-las-condiciones-de-salud-mental-tras-el-covid-19","status":"publish","type":"post","link":"https:\/\/temucotelevision.cl\/web\/2021\/10\/29\/ansiedad-las-condiciones-de-salud-mental-tras-el-covid-19\/","title":{"rendered":"Ansiedad, las condiciones de salud mental tras el COVID-19"},"content":{"rendered":"<div class=\"pvc_clear\"><\/div><p id=\"pvc_stats_26799\" class=\"pvc_stats total_only  \" data-element-id=\"26799\" style=\"\"><i class=\"pvc-stats-icon large\" aria-hidden=\"true\"><svg aria-hidden=\"true\" focusable=\"false\" data-prefix=\"far\" data-icon=\"chart-bar\" role=\"img\" xmlns=\"http:\/\/www.w3.org\/2000\/svg\" viewBox=\"0 0 512 512\" class=\"svg-inline--fa fa-chart-bar fa-w-16 fa-2x\"><path fill=\"currentColor\" d=\"M396.8 352h22.4c6.4 0 12.8-6.4 12.8-12.8V108.8c0-6.4-6.4-12.8-12.8-12.8h-22.4c-6.4 0-12.8 6.4-12.8 12.8v230.4c0 6.4 6.4 12.8 12.8 12.8zm-192 0h22.4c6.4 0 12.8-6.4 12.8-12.8V140.8c0-6.4-6.4-12.8-12.8-12.8h-22.4c-6.4 0-12.8 6.4-12.8 12.8v198.4c0 6.4 6.4 12.8 12.8 12.8zm96 0h22.4c6.4 0 12.8-6.4 12.8-12.8V204.8c0-6.4-6.4-12.8-12.8-12.8h-22.4c-6.4 0-12.8 6.4-12.8 12.8v134.4c0 6.4 6.4 12.8 12.8 12.8zM496 400H48V80c0-8.84-7.16-16-16-16H16C7.16 64 0 71.16 0 80v336c0 17.67 14.33 32 32 32h464c8.84 0 16-7.16 16-16v-16c0-8.84-7.16-16-16-16zm-387.2-48h22.4c6.4 0 12.8-6.4 12.8-12.8v-70.4c0-6.4-6.4-12.8-12.8-12.8h-22.4c-6.4 0-12.8 6.4-12.8 12.8v70.4c0 6.4 6.4 12.8 12.8 12.8z\" class=\"\"><\/path><\/svg><\/i> <img loading=\"lazy\" decoding=\"async\" width=\"16\" height=\"16\" alt=\"Loading\" src=\"https:\/\/temucotelevision.cl\/web\/wp-content\/plugins\/page-views-count\/ajax-loader-2x.gif\" border=0 \/><\/p><div class=\"pvc_clear\"><\/div>\n<p><em>La pandemia ha dejado una gran carga a muchas personas, por esto mismo, expertos en el \u00e1rea de la psicolog\u00eda, hacen \u00e9nfasis en que es muy importante estar atentos a los s\u00edntomas de la ansiedad para poder evitar cuadros graves. Conoce c\u00f3mo identificarlos y tratarlos, en la siguiente nota.&nbsp;<\/em><\/p>\n\n\n\n<p>Sin duda, desde que comenz\u00f3 la pandemia a nivel mundial, se ha visto afectada la vida de todos en diversos escenarios y grados, y cada vez con la llegada de nuevas variantes, se ve m\u00e1s lejano y dif\u00edcil poder volver a la normalidad que ten\u00edamos previo a todo esto, produciendo incertidumbre en las personas y desencaden\u00e1ndose problemas en la salud mental de ellas, como la ansiedad.\u00a0<\/p>\n\n\n\n<p>Si bien, a nivel nacional, en estos \u00faltimos meses estaban las cifras controladas y exist\u00edan mayores libertades en el plan paso a paso, determinado por las autoridades sanitarias, desde este mes de octubre comenzaron a existir retrocesos en las fases en diversas regiones del pa\u00eds, retrocediendo varias a fase 3 e incluso a fase 1.&nbsp;<\/p>\n\n\n\n<p>Por esto mismo, producto de todos estos cambios y el no saber qu\u00e9 pasar\u00e1, va provocando inestabilidad emocional en la poblaci\u00f3n, entre ellas la ansiedad, y el c\u00f3mo identificarla y tratarla a tiempo, es clave para poder sobrellevar nuestro d\u00eda a d\u00eda de la mejor manera posible.&nbsp;<\/p>\n\n\n\n<p>\u201cLa pandemia y la sensaci\u00f3n de estar aislado, pueden traer un recrudecimiento de las enfermedades de salud mental, y desde durante todo este periodo, desde que comenz\u00f3 el COVID-19, hemos visto un aumento de las consultas por cuadros depresivos y ansiosos. Entre los s\u00edntomas m\u00e1s comunes, se encuentra el nerviosismo, la exaltaci\u00f3n, sudoraci\u00f3n excesiva\u201d, comenta Tom\u00e1s Figueroa, psic\u00f3logo de Psicoatiende, centro psicol\u00f3gico que entrega servicios de salud mental y a la vez busca psicoeducar a trav\u00e9s de sus plataformas digitales.<\/p>\n\n\n\n<p>Adem\u00e1s, a ra\u00edz de las cuarentenas vividas durante estos casi dos a\u00f1os y constantes cambios de fases, que proh\u00edben y\/o permiten reunirse con personas, tambi\u00e9n ha aparecido la ansiedad social en mayor parte de la poblaci\u00f3n, donde el experto Tom\u00e1s Figueroa, indica que \u201clos or\u00edgenes son variados, pero algunas de las razones para la ansiedad social en pandemia, tienen que ver con el miedo al contagio, los cambios f\u00edsicos experimentados durante las cuarentenas y\/o haber experimentado la p\u00e9rdida de una persona significativa en nuestras vidas y tener que hacer frente a las exigencias del diario vivir post cuarentena sin ella\u201d.<\/p>\n\n\n\n<p>Ante esto, si tienes que compartir con personas, ya sea por trabajo o vida social, y experimentas un cuadro ansioso, los expertos de Psicoatiende entregan los siguientes tips que pueden parecer simples, pero funcionales, para que puedas aplicarlos en caso de necesitarlos.&nbsp;<\/p>\n\n\n\n<p>1.- Si sientes mucho nerviosismo, es necesario modificar r\u00e1pidamente el espacio f\u00edsico y trasladarse a alg\u00fan lugar amplio.<\/p>\n\n\n\n<p>2.- Incorporar un est\u00edmulo nuevo a lo que estamos haciendo.&nbsp;<\/p>\n\n\n\n<p>3.- Comenzar a hacer una tarea nueva para quitarle relevancia al est\u00edmulo que nos puso ansioso.&nbsp;<\/p>\n\n\n\n<p>4.- Masticar chicle, abrocharse los zapatos.Para m\u00e1s informaci\u00f3n sobre c\u00f3mo llevar la ansiedad social y diversos temas de salud mental, en la cuenta de Instagram @psicotiende.<\/p>\n","protected":false},"excerpt":{"rendered":"<div class=\"pvc_clear\"><\/div>\n<p id=\"pvc_stats_26799\" class=\"pvc_stats total_only  \" data-element-id=\"26799\" style=\"\"><i class=\"pvc-stats-icon large\" aria-hidden=\"true\"><svg aria-hidden=\"true\" focusable=\"false\" data-prefix=\"far\" data-icon=\"chart-bar\" role=\"img\" xmlns=\"http:\/\/www.w3.org\/2000\/svg\" viewBox=\"0 0 512 512\" class=\"svg-inline--fa fa-chart-bar fa-w-16 fa-2x\"><path fill=\"currentColor\" d=\"M396.8 352h22.4c6.4 0 12.8-6.4 12.8-12.8V108.8c0-6.4-6.4-12.8-12.8-12.8h-22.4c-6.4 0-12.8 6.4-12.8 12.8v230.4c0 6.4 6.4 12.8 12.8 12.8zm-192 0h22.4c6.4 0 12.8-6.4 12.8-12.8V140.8c0-6.4-6.4-12.8-12.8-12.8h-22.4c-6.4 0-12.8 6.4-12.8 12.8v198.4c0 6.4 6.4 12.8 12.8 12.8zm96 0h22.4c6.4 0 12.8-6.4 12.8-12.8V204.8c0-6.4-6.4-12.8-12.8-12.8h-22.4c-6.4 0-12.8 6.4-12.8 12.8v134.4c0 6.4 6.4 12.8 12.8 12.8zM496 400H48V80c0-8.84-7.16-16-16-16H16C7.16 64 0 71.16 0 80v336c0 17.67 14.33 32 32 32h464c8.84 0 16-7.16 16-16v-16c0-8.84-7.16-16-16-16zm-387.2-48h22.4c6.4 0 12.8-6.4 12.8-12.8v-70.4c0-6.4-6.4-12.8-12.8-12.8h-22.4c-6.4 0-12.8 6.4-12.8 12.8v70.4c0 6.4 6.4 12.8 12.8 12.8z\" class=\"\"><\/path><\/svg><\/i> <img loading=\"lazy\" decoding=\"async\" width=\"16\" height=\"16\" alt=\"Loading\" src=\"https:\/\/temucotelevision.cl\/web\/wp-content\/plugins\/page-views-count\/ajax-loader-2x.gif\" border=0 \/><\/p>\n<div class=\"pvc_clear\"><\/div>\n<p>La pandemia ha dejado una gran carga a muchas personas, por esto mismo, expertos en el \u00e1rea de la psicolog\u00eda,<\/p>\n","protected":false},"author":1,"featured_media":26800,"comment_status":"open","ping_status":"open","sticky":false,"template":"","format":"standard","meta":{"colormag_page_container_layout":"default_layout","colormag_page_sidebar_layout":"default_layout","footnotes":""},"categories":[101],"tags":[4580,2304,2312,131],"class_list":["post-26799","post","type-post","status-publish","format-standard","has-post-thumbnail","hentry","category-actualidad","tag-ansiedad","tag-covid-19","tag-pandemia","tag-salud"],"a3_pvc":{"activated":true,"total_views":37,"today_views":0},"_links":{"self":[{"href":"https:\/\/temucotelevision.cl\/web\/wp-json\/wp\/v2\/posts\/26799","targetHints":{"allow":["GET"]}}],"collection":[{"href":"https:\/\/temucotelevision.cl\/web\/wp-json\/wp\/v2\/posts"}],"about":[{"href":"https:\/\/temucotelevision.cl\/web\/wp-json\/wp\/v2\/types\/post"}],"author":[{"embeddable":true,"href":"https:\/\/temucotelevision.cl\/web\/wp-json\/wp\/v2\/users\/1"}],"replies":[{"embeddable":true,"href":"https:\/\/temucotelevision.cl\/web\/wp-json\/wp\/v2\/comments?post=26799"}],"version-history":[{"count":1,"href":"https:\/\/temucotelevision.cl\/web\/wp-json\/wp\/v2\/posts\/26799\/revisions"}],"predecessor-version":[{"id":26801,"href":"https:\/\/temucotelevision.cl\/web\/wp-json\/wp\/v2\/posts\/26799\/revisions\/26801"}],"wp:featuredmedia":[{"embeddable":true,"href":"https:\/\/temucotelevision.cl\/web\/wp-json\/wp\/v2\/media\/26800"}],"wp:attachment":[{"href":"https:\/\/temucotelevision.cl\/web\/wp-json\/wp\/v2\/media?parent=26799"}],"wp:term":[{"taxonomy":"category","embeddable":true,"href":"https:\/\/temucotelevision.cl\/web\/wp-json\/wp\/v2\/categories?post=26799"},{"taxonomy":"post_tag","embeddable":true,"href":"https:\/\/temucotelevision.cl\/web\/wp-json\/wp\/v2\/tags?post=26799"}],"curies":[{"name":"wp","href":"https:\/\/api.w.org\/{rel}","templated":true}]}}