{"id":26796,"date":"2021-10-28T18:11:36","date_gmt":"2021-10-28T21:11:36","guid":{"rendered":"https:\/\/temucotelevision.cl\/web\/?p=26796"},"modified":"2021-10-28T18:17:10","modified_gmt":"2021-10-28T21:17:10","slug":"cirujanos-del-complejo-asistencial-padre-las-casas-realizaron-primera-diseccion-inguinal-laparoscopica-para-resolver-patologia-oncologica","status":"publish","type":"post","link":"https:\/\/temucotelevision.cl\/web\/2021\/10\/28\/cirujanos-del-complejo-asistencial-padre-las-casas-realizaron-primera-diseccion-inguinal-laparoscopica-para-resolver-patologia-oncologica\/","title":{"rendered":"Cirujanos del Complejo Asistencial Padre Las Casas realizaron primera disecci\u00f3n inguinal laparosc\u00f3pica para resolver patolog\u00eda oncol\u00f3gica"},"content":{"rendered":"<div class=\"pvc_clear\"><\/div><p id=\"pvc_stats_26796\" class=\"pvc_stats total_only  \" data-element-id=\"26796\" style=\"\"><i class=\"pvc-stats-icon large\" aria-hidden=\"true\"><svg aria-hidden=\"true\" focusable=\"false\" data-prefix=\"far\" data-icon=\"chart-bar\" role=\"img\" xmlns=\"http:\/\/www.w3.org\/2000\/svg\" viewBox=\"0 0 512 512\" class=\"svg-inline--fa fa-chart-bar fa-w-16 fa-2x\"><path fill=\"currentColor\" d=\"M396.8 352h22.4c6.4 0 12.8-6.4 12.8-12.8V108.8c0-6.4-6.4-12.8-12.8-12.8h-22.4c-6.4 0-12.8 6.4-12.8 12.8v230.4c0 6.4 6.4 12.8 12.8 12.8zm-192 0h22.4c6.4 0 12.8-6.4 12.8-12.8V140.8c0-6.4-6.4-12.8-12.8-12.8h-22.4c-6.4 0-12.8 6.4-12.8 12.8v198.4c0 6.4 6.4 12.8 12.8 12.8zm96 0h22.4c6.4 0 12.8-6.4 12.8-12.8V204.8c0-6.4-6.4-12.8-12.8-12.8h-22.4c-6.4 0-12.8 6.4-12.8 12.8v134.4c0 6.4 6.4 12.8 12.8 12.8zM496 400H48V80c0-8.84-7.16-16-16-16H16C7.16 64 0 71.16 0 80v336c0 17.67 14.33 32 32 32h464c8.84 0 16-7.16 16-16v-16c0-8.84-7.16-16-16-16zm-387.2-48h22.4c6.4 0 12.8-6.4 12.8-12.8v-70.4c0-6.4-6.4-12.8-12.8-12.8h-22.4c-6.4 0-12.8 6.4-12.8 12.8v70.4c0 6.4 6.4 12.8 12.8 12.8z\" class=\"\"><\/path><\/svg><\/i> <img loading=\"lazy\" decoding=\"async\" width=\"16\" height=\"16\" alt=\"Loading\" src=\"https:\/\/temucotelevision.cl\/web\/wp-content\/plugins\/page-views-count\/ajax-loader-2x.gif\" border=0 \/><\/p><div class=\"pvc_clear\"><\/div>\n<p><strong>Un nuevo salto de avances en complejidad t\u00e9cnica de procedimientos quir\u00fargicos se registr\u00f3 en el Complejo Asistencial Padre Las Casas con la primera disecci\u00f3n inguinal videoendosc\u00f3pica realizada por el equipo de cirujanos de Cabeza y Cuello a una paciente oncol\u00f3gica de 47 a\u00f1os, residente de la comuna.<\/strong><\/p>\n\n\n\n<p>La cirug\u00eda realizada a la paciente con un melanoma maligno en el pie izquierdo con met\u00e1stasis ganglionares inguinales, es la primera en el CAPLC y en la red p\u00fablica de la provincia de Caut\u00edn que entrega una serie de beneficios, como detalla el cirujano de cabeza y cuello del equipo que realiz\u00f3 el procedimiento, Dr. \u00c1lvaro Visscher.<\/p>\n\n\n\n<p>\u201cEl procedimiento consiste en un abordaje m\u00ednimamente invasivo de la regi\u00f3n inguinal, donde apoyados por laparoscopio, con c\u00e1maras, uno reseca los ganglios para extraerlos, los manda a biopsia y espera el resultado para ver la etapa en que est\u00e1 el c\u00e1ncer del paciente. Las ventajas para la paciente es que tiene menos infecci\u00f3n, menos dolor, una reintegraci\u00f3n a sus actividades diarias anticipada y disminuye la necrosis del colgajo\u201d, se\u00f1al\u00f3 el cirujano.<\/p>\n\n\n\n<p>Por su parte, el cirujano Dr. Sa\u00fal Siso, valor\u00f3 el trabajo colaborativo y complementario entre personal m\u00e9dico, param\u00e9dico y administrativo, que permiti\u00f3 las condiciones favorables para realizar una cirug\u00eda. \u201cEs relevante que se tenga en cuenta, que estos procedimientos que mejoran la calidad de la atenci\u00f3n al paciente, nos entusiasmen a hacer procedimientos cada vez de mayor envergadura, no solo en complejidad, sino tambi\u00e9n en tecnolog\u00eda y avances que nos permitan una salud favorable para toda la comunidad. Y mientras el alcance sea mayor, mejor para la ciudadan\u00eda\u201d.<\/p>\n\n\n\n<p><strong>Aporte a la red asistencial<\/strong><\/p>\n\n\n\n<p>Una disecci\u00f3n inguinal laparosc\u00f3pica es un procedimiento poco frecuente para el manejo de patolog\u00edas como el melanoma, debido a que tiene indicaciones limitadas que se dieron en el caso abordado en el CAPLC, a lo que se suma la capacidad del equipo humano y de equipos necesarios, lo que significa un importante aporte a la red asistencial Araucan\u00eda Sur, como detall\u00f3 la jefa del equipo de cirug\u00eda, Dra. Pilar Schneeberger.<\/p>\n\n\n\n<p>\u201cEn el CAPLC contamos con la tecnolog\u00eda necesaria para resolver casos como este, con est\u00e1ndares de alta calidad, resolviendo patolog\u00edas que corresponden a un hospital de mediana complejidad, con una alta especializaci\u00f3n quir\u00fargica. Esto permite ayudar a la red asistencial de Caut\u00edn para resolver sus patolog\u00edas oncol\u00f3gicas dentro de los plazos que corresponden y con una atenci\u00f3n de alta calidad y los mejores est\u00e1ndares\u201d, concluy\u00f3 la cirujana.<\/p>\n","protected":false},"excerpt":{"rendered":"<div class=\"pvc_clear\"><\/div>\n<p id=\"pvc_stats_26796\" class=\"pvc_stats total_only  \" data-element-id=\"26796\" style=\"\"><i class=\"pvc-stats-icon large\" aria-hidden=\"true\"><svg aria-hidden=\"true\" focusable=\"false\" data-prefix=\"far\" data-icon=\"chart-bar\" role=\"img\" xmlns=\"http:\/\/www.w3.org\/2000\/svg\" viewBox=\"0 0 512 512\" class=\"svg-inline--fa fa-chart-bar fa-w-16 fa-2x\"><path fill=\"currentColor\" d=\"M396.8 352h22.4c6.4 0 12.8-6.4 12.8-12.8V108.8c0-6.4-6.4-12.8-12.8-12.8h-22.4c-6.4 0-12.8 6.4-12.8 12.8v230.4c0 6.4 6.4 12.8 12.8 12.8zm-192 0h22.4c6.4 0 12.8-6.4 12.8-12.8V140.8c0-6.4-6.4-12.8-12.8-12.8h-22.4c-6.4 0-12.8 6.4-12.8 12.8v198.4c0 6.4 6.4 12.8 12.8 12.8zm96 0h22.4c6.4 0 12.8-6.4 12.8-12.8V204.8c0-6.4-6.4-12.8-12.8-12.8h-22.4c-6.4 0-12.8 6.4-12.8 12.8v134.4c0 6.4 6.4 12.8 12.8 12.8zM496 400H48V80c0-8.84-7.16-16-16-16H16C7.16 64 0 71.16 0 80v336c0 17.67 14.33 32 32 32h464c8.84 0 16-7.16 16-16v-16c0-8.84-7.16-16-16-16zm-387.2-48h22.4c6.4 0 12.8-6.4 12.8-12.8v-70.4c0-6.4-6.4-12.8-12.8-12.8h-22.4c-6.4 0-12.8 6.4-12.8 12.8v70.4c0 6.4 6.4 12.8 12.8 12.8z\" class=\"\"><\/path><\/svg><\/i> <img loading=\"lazy\" decoding=\"async\" width=\"16\" height=\"16\" alt=\"Loading\" src=\"https:\/\/temucotelevision.cl\/web\/wp-content\/plugins\/page-views-count\/ajax-loader-2x.gif\" border=0 \/><\/p>\n<div class=\"pvc_clear\"><\/div>\n<p>Un nuevo salto de avances en complejidad t\u00e9cnica de procedimientos quir\u00fargicos se registr\u00f3 en el Complejo Asistencial Padre Las Casas<\/p>\n","protected":false},"author":1,"featured_media":26797,"comment_status":"open","ping_status":"open","sticky":false,"template":"","format":"standard","meta":{"colormag_page_container_layout":"default_layout","colormag_page_sidebar_layout":"default_layout","footnotes":""},"categories":[101],"tags":[4578,4579,999],"class_list":["post-26796","post","type-post","status-publish","format-standard","has-post-thumbnail","hentry","category-actualidad","tag-diseccion","tag-patologia","tag-plc"],"a3_pvc":{"activated":true,"total_views":121,"today_views":0},"_links":{"self":[{"href":"https:\/\/temucotelevision.cl\/web\/wp-json\/wp\/v2\/posts\/26796","targetHints":{"allow":["GET"]}}],"collection":[{"href":"https:\/\/temucotelevision.cl\/web\/wp-json\/wp\/v2\/posts"}],"about":[{"href":"https:\/\/temucotelevision.cl\/web\/wp-json\/wp\/v2\/types\/post"}],"author":[{"embeddable":true,"href":"https:\/\/temucotelevision.cl\/web\/wp-json\/wp\/v2\/users\/1"}],"replies":[{"embeddable":true,"href":"https:\/\/temucotelevision.cl\/web\/wp-json\/wp\/v2\/comments?post=26796"}],"version-history":[{"count":1,"href":"https:\/\/temucotelevision.cl\/web\/wp-json\/wp\/v2\/posts\/26796\/revisions"}],"predecessor-version":[{"id":26798,"href":"https:\/\/temucotelevision.cl\/web\/wp-json\/wp\/v2\/posts\/26796\/revisions\/26798"}],"wp:featuredmedia":[{"embeddable":true,"href":"https:\/\/temucotelevision.cl\/web\/wp-json\/wp\/v2\/media\/26797"}],"wp:attachment":[{"href":"https:\/\/temucotelevision.cl\/web\/wp-json\/wp\/v2\/media?parent=26796"}],"wp:term":[{"taxonomy":"category","embeddable":true,"href":"https:\/\/temucotelevision.cl\/web\/wp-json\/wp\/v2\/categories?post=26796"},{"taxonomy":"post_tag","embeddable":true,"href":"https:\/\/temucotelevision.cl\/web\/wp-json\/wp\/v2\/tags?post=26796"}],"curies":[{"name":"wp","href":"https:\/\/api.w.org\/{rel}","templated":true}]}}