{"id":26793,"date":"2021-10-28T17:38:08","date_gmt":"2021-10-28T20:38:08","guid":{"rendered":"https:\/\/temucotelevision.cl\/web\/?p=26793"},"modified":"2021-10-28T17:38:09","modified_gmt":"2021-10-28T20:38:09","slug":"filarmonica-de-temuco-estrenara-este-viernes-concierto-en-homenaje-a-los-poetas-chilenos","status":"publish","type":"post","link":"https:\/\/temucotelevision.cl\/web\/2021\/10\/28\/filarmonica-de-temuco-estrenara-este-viernes-concierto-en-homenaje-a-los-poetas-chilenos\/","title":{"rendered":"Filarm\u00f3nica de Temuco estrenar\u00e1 este viernes concierto en homenaje a los Poetas Chilenos"},"content":{"rendered":"<div class=\"pvc_clear\"><\/div><p id=\"pvc_stats_26793\" class=\"pvc_stats total_only  \" data-element-id=\"26793\" style=\"\"><i class=\"pvc-stats-icon large\" aria-hidden=\"true\"><svg aria-hidden=\"true\" focusable=\"false\" data-prefix=\"far\" data-icon=\"chart-bar\" role=\"img\" xmlns=\"http:\/\/www.w3.org\/2000\/svg\" viewBox=\"0 0 512 512\" class=\"svg-inline--fa fa-chart-bar fa-w-16 fa-2x\"><path fill=\"currentColor\" d=\"M396.8 352h22.4c6.4 0 12.8-6.4 12.8-12.8V108.8c0-6.4-6.4-12.8-12.8-12.8h-22.4c-6.4 0-12.8 6.4-12.8 12.8v230.4c0 6.4 6.4 12.8 12.8 12.8zm-192 0h22.4c6.4 0 12.8-6.4 12.8-12.8V140.8c0-6.4-6.4-12.8-12.8-12.8h-22.4c-6.4 0-12.8 6.4-12.8 12.8v198.4c0 6.4 6.4 12.8 12.8 12.8zm96 0h22.4c6.4 0 12.8-6.4 12.8-12.8V204.8c0-6.4-6.4-12.8-12.8-12.8h-22.4c-6.4 0-12.8 6.4-12.8 12.8v134.4c0 6.4 6.4 12.8 12.8 12.8zM496 400H48V80c0-8.84-7.16-16-16-16H16C7.16 64 0 71.16 0 80v336c0 17.67 14.33 32 32 32h464c8.84 0 16-7.16 16-16v-16c0-8.84-7.16-16-16-16zm-387.2-48h22.4c6.4 0 12.8-6.4 12.8-12.8v-70.4c0-6.4-6.4-12.8-12.8-12.8h-22.4c-6.4 0-12.8 6.4-12.8 12.8v70.4c0 6.4 6.4 12.8 12.8 12.8z\" class=\"\"><\/path><\/svg><\/i> <img loading=\"lazy\" decoding=\"async\" width=\"16\" height=\"16\" alt=\"Loading\" src=\"https:\/\/temucotelevision.cl\/web\/wp-content\/plugins\/page-views-count\/ajax-loader-2x.gif\" border=0 \/><\/p><div class=\"pvc_clear\"><\/div>\n<p>Octubre de 2021 marc\u00f3 un hito en la actividad cultural de La Araucan\u00eda con el regreso de los espect\u00e1culos masivos a los escenarios, un reto que tambi\u00e9n tendr\u00e1 como protagonista a la Orquesta Filarm\u00f3nica de Temuco y su concierto Poetas Chilenos. Esta propuesta musical, que cobrar\u00e1 vida este viernes 29 de octubre a las 20 horas en el escenario del Teatro Municipal Camilo Salvo, promete el estreno de obras in\u00e9ditas de la m\u00fasica chilena y grandes cl\u00e1sicos del repertorio de la m\u00fasica docta.&nbsp;<\/p>\n\n\n\n<p>Un espect\u00e1culo que se suma a la programaci\u00f3n musical creada por la Filarm\u00f3nica en homenaje a la poes\u00eda chilena, una experiencia que parti\u00f3 el 1 de octubre con el concierto El Mundo Azul de Elicura Chihuailaf, un reconocimiento a un hijo de La Araucan\u00eda y el primer poeta mapuche que obtiene el Premio Nacional de Literatura. Ahora son los Premios Nobel, Gabriela Mistral y Pablo Neruda, los que reciben el tributo de la orquesta local y donde la m\u00fasica se inspira en la poes\u00eda.&nbsp;<\/p>\n\n\n\n<p>El concierto reunir\u00e1 por primera vez a la totalidad de los integrantes de la Filarm\u00f3nica, despu\u00e9s de m\u00e1s de 20 meses de pandemia y la suspensi\u00f3n de las actividades masivas, espect\u00e1culo musical que debutar\u00e1 bajo la batuta del director invitado, Jaime Cofr\u00e9. Posicionado a la orquesta como protagonista de la revitalizaci\u00f3n de los espacios culturales en La Araucan\u00eda, este evento congregar\u00e1 a 37 m\u00fasicos en el escenario del Municipal de Temuco, dando sonoridad a la interpretaci\u00f3n de obras de&nbsp;F\u00e9lix Mendelssohn, Manuel de Falla y los compositores chilenos Felipe Alarc\u00f3n y Jaime Cofr\u00e9.<\/p>\n\n\n\n<p>Se trata de un concierto que repasa algunas obras emblem\u00e1ticas del repertorio cl\u00e1sico, en un viaje musical que se inicia con la obertura&nbsp;Las H\u00e9bridas de&nbsp;Mendelssohn, una pieza&nbsp;que nos sit\u00faa&nbsp;sobre el majestuoso paisaje costero de Escocia. Una joya musical del romanticismo, descrita por los music\u00f3logos como una composici\u00f3n de gran equilibrio formal, un conciso y claro desarrollo de los temas principales, una orquestaci\u00f3n vital pero no exhibicionista y, sobre todo, un gran poder de evocaci\u00f3n.<\/p>\n\n\n\n<p>Otra obra elegida por la orquesta es el Amor Brujo de Falla, una pieza inspirada en un tr\u00edo amoroso donde la acci\u00f3n gira alrededor del recuerdo de un amante que se interpone en el amor de la pareja, hasta el momento que hechizos y f\u00f3rmulas m\u00e1gicas borran un mal recuerdo para dar paso al amor. Definitivamente, la m\u00fasica que Falla pens\u00f3 para esta obra est\u00e1 fuertemente enraizada en la m\u00fasica popular andaluza, con una enorme carga de fuerza y pasi\u00f3n que nos retrata una escena de intenso amor y celos, sentimientos que se reviven en los episodios instrumentales.<\/p>\n\n\n\n<p>La segunda parte del concierto est\u00e1 dedicada a la m\u00fasica chilena con un homenaje a la creaci\u00f3n literaria de los Premios Nobel vinculados a la historia de La Araucan\u00eda. Menci\u00f3n especial para el estreno de&nbsp;Araucana, una obra escrita el 2021 por el compositor porte\u00f1o Felipe Alarc\u00f3n como homenaje al poeta Pablo Neruda, por encargo del Teatro Municipal de Temuco.<\/p>\n\n\n\n<p>En palabras del compositor esta obra se describe \u201ca partir de una serie de elementos sonoros con tintes onomatop\u00e9yicos, la obra transcurre a manera de v\u00eda crucis desplegando im\u00e1genes posibles basando su po\u00e9tica en la Oda a la Araucaria Araucana de Pablo Neruda; la naturaleza muda de la m\u00fasica, expande desde el oyente, sus posibilidades interpretativas, pudiendo as\u00ed brindar un car\u00e1cter \u00fanico a la reflexi\u00f3n necesaria del oyente\u201d.&nbsp;<\/p>\n\n\n\n<p>Sin duda una oportunidad para rememorar la poes\u00eda nerudiana con sonidos contempor\u00e1neos, especialmente en estos d\u00edas que se conmemoran 50 a\u00f1os de la entrega de la m\u00e1xima distinci\u00f3n de la literatura a Neftal\u00ed Reyes, cuya inspiraci\u00f3n po\u00e9tica naci\u00f3 en Temuco.<\/p>\n\n\n\n<p>El concierto finalizar\u00e1 con&nbsp;Yin Yin de Jaime Cofr\u00e9, llenando de emotividad el escenario del Municipal con una&nbsp;obra que describe musicalmente la historia de Juan Miguel Godoy, sobrino de Gabriela Mistral y considerado como su hijo.&nbsp;<\/p>\n\n\n\n<p>Conocido como Yin Yin, Godoy, fue criado desde muy peque\u00f1o por la poetisa y su temprana muerte la envolvi\u00f3 en una profunda tristeza. En 2005, se logr\u00f3 la repatriaci\u00f3n desde Brasil de los restos del querido \u201chijo\u201d de la poetisa, hoy descansan juntos en el mausoleo de Gabriela Mistral en Montegrande.&nbsp;<\/p>\n\n\n\n<p>Esta obra es un homenaje p\u00f3stumo a la parte m\u00e1s desconocida de la vida de la Mistral, la que intenta retratar en una danza impaciente la alegr\u00eda del regreso, la soledad de la poetisa, la desesperaci\u00f3n por la p\u00e9rdida y la paz del reencuentro. Una composici\u00f3n cargada de emociones que se interpretan a trav\u00e9s de la arm\u00f3nica m\u00fasica creada por Cofr\u00e9,&nbsp;compositor y director chileno, que llega a La Araucan\u00eda para dirigir a la Filarm\u00f3nica en este viaje musical.<\/p>\n\n\n\n<p>Las entradas para el concierto est\u00e1n disponibles gratuitamente en teatromunicipaltemuco.cl, dando continuidad a una programaci\u00f3n cultural que busca garantizar el acceso a la cultura a todos los p\u00fablicos.\u00a0\u00a0Esta misma pol\u00edtica permitir\u00e1 la retransmisi\u00f3n de este espect\u00e1culo este s\u00e1bado 30 de octubre, a las 19 hrs., directamente en las redes sociales del teatro.<\/p>\n","protected":false},"excerpt":{"rendered":"<div class=\"pvc_clear\"><\/div>\n<p id=\"pvc_stats_26793\" class=\"pvc_stats total_only  \" data-element-id=\"26793\" style=\"\"><i class=\"pvc-stats-icon large\" aria-hidden=\"true\"><svg aria-hidden=\"true\" focusable=\"false\" data-prefix=\"far\" data-icon=\"chart-bar\" role=\"img\" xmlns=\"http:\/\/www.w3.org\/2000\/svg\" viewBox=\"0 0 512 512\" class=\"svg-inline--fa fa-chart-bar fa-w-16 fa-2x\"><path fill=\"currentColor\" d=\"M396.8 352h22.4c6.4 0 12.8-6.4 12.8-12.8V108.8c0-6.4-6.4-12.8-12.8-12.8h-22.4c-6.4 0-12.8 6.4-12.8 12.8v230.4c0 6.4 6.4 12.8 12.8 12.8zm-192 0h22.4c6.4 0 12.8-6.4 12.8-12.8V140.8c0-6.4-6.4-12.8-12.8-12.8h-22.4c-6.4 0-12.8 6.4-12.8 12.8v198.4c0 6.4 6.4 12.8 12.8 12.8zm96 0h22.4c6.4 0 12.8-6.4 12.8-12.8V204.8c0-6.4-6.4-12.8-12.8-12.8h-22.4c-6.4 0-12.8 6.4-12.8 12.8v134.4c0 6.4 6.4 12.8 12.8 12.8zM496 400H48V80c0-8.84-7.16-16-16-16H16C7.16 64 0 71.16 0 80v336c0 17.67 14.33 32 32 32h464c8.84 0 16-7.16 16-16v-16c0-8.84-7.16-16-16-16zm-387.2-48h22.4c6.4 0 12.8-6.4 12.8-12.8v-70.4c0-6.4-6.4-12.8-12.8-12.8h-22.4c-6.4 0-12.8 6.4-12.8 12.8v70.4c0 6.4 6.4 12.8 12.8 12.8z\" class=\"\"><\/path><\/svg><\/i> <img loading=\"lazy\" decoding=\"async\" width=\"16\" height=\"16\" alt=\"Loading\" src=\"https:\/\/temucotelevision.cl\/web\/wp-content\/plugins\/page-views-count\/ajax-loader-2x.gif\" border=0 \/><\/p>\n<div class=\"pvc_clear\"><\/div>\n<p>Octubre de 2021 marc\u00f3 un hito en la actividad cultural de La Araucan\u00eda con el regreso de los espect\u00e1culos masivos<\/p>\n","protected":false},"author":1,"featured_media":26794,"comment_status":"open","ping_status":"open","sticky":false,"template":"","format":"standard","meta":{"colormag_page_container_layout":"default_layout","colormag_page_sidebar_layout":"default_layout","footnotes":""},"categories":[86],"tags":[2513,2555,3441,283],"class_list":["post-26793","post","type-post","status-publish","format-standard","has-post-thumbnail","hentry","category-panoramas","tag-chilenos","tag-filarmonica","tag-poetas","tag-teatro"],"a3_pvc":{"activated":true,"total_views":69,"today_views":0},"_links":{"self":[{"href":"https:\/\/temucotelevision.cl\/web\/wp-json\/wp\/v2\/posts\/26793","targetHints":{"allow":["GET"]}}],"collection":[{"href":"https:\/\/temucotelevision.cl\/web\/wp-json\/wp\/v2\/posts"}],"about":[{"href":"https:\/\/temucotelevision.cl\/web\/wp-json\/wp\/v2\/types\/post"}],"author":[{"embeddable":true,"href":"https:\/\/temucotelevision.cl\/web\/wp-json\/wp\/v2\/users\/1"}],"replies":[{"embeddable":true,"href":"https:\/\/temucotelevision.cl\/web\/wp-json\/wp\/v2\/comments?post=26793"}],"version-history":[{"count":1,"href":"https:\/\/temucotelevision.cl\/web\/wp-json\/wp\/v2\/posts\/26793\/revisions"}],"predecessor-version":[{"id":26795,"href":"https:\/\/temucotelevision.cl\/web\/wp-json\/wp\/v2\/posts\/26793\/revisions\/26795"}],"wp:featuredmedia":[{"embeddable":true,"href":"https:\/\/temucotelevision.cl\/web\/wp-json\/wp\/v2\/media\/26794"}],"wp:attachment":[{"href":"https:\/\/temucotelevision.cl\/web\/wp-json\/wp\/v2\/media?parent=26793"}],"wp:term":[{"taxonomy":"category","embeddable":true,"href":"https:\/\/temucotelevision.cl\/web\/wp-json\/wp\/v2\/categories?post=26793"},{"taxonomy":"post_tag","embeddable":true,"href":"https:\/\/temucotelevision.cl\/web\/wp-json\/wp\/v2\/tags?post=26793"}],"curies":[{"name":"wp","href":"https:\/\/api.w.org\/{rel}","templated":true}]}}