{"id":26791,"date":"2021-10-28T17:28:45","date_gmt":"2021-10-28T20:28:45","guid":{"rendered":"https:\/\/temucotelevision.cl\/web\/?p=26791"},"modified":"2021-10-28T17:28:47","modified_gmt":"2021-10-28T20:28:47","slug":"tribunal-condena-a-10-anos-y-4-anos-a-autor-de-homicidio-y-porte-de-arma-y-municiones","status":"publish","type":"post","link":"https:\/\/temucotelevision.cl\/web\/2021\/10\/28\/tribunal-condena-a-10-anos-y-4-anos-a-autor-de-homicidio-y-porte-de-arma-y-municiones\/","title":{"rendered":"Tribunal condena a 10 a\u00f1os y 4 a\u00f1os a autor de homicidio y porte de arma y municiones"},"content":{"rendered":"<div class=\"pvc_clear\"><\/div><p id=\"pvc_stats_26791\" class=\"pvc_stats total_only  \" data-element-id=\"26791\" style=\"\"><i class=\"pvc-stats-icon large\" aria-hidden=\"true\"><svg aria-hidden=\"true\" focusable=\"false\" data-prefix=\"far\" data-icon=\"chart-bar\" role=\"img\" xmlns=\"http:\/\/www.w3.org\/2000\/svg\" viewBox=\"0 0 512 512\" class=\"svg-inline--fa fa-chart-bar fa-w-16 fa-2x\"><path fill=\"currentColor\" d=\"M396.8 352h22.4c6.4 0 12.8-6.4 12.8-12.8V108.8c0-6.4-6.4-12.8-12.8-12.8h-22.4c-6.4 0-12.8 6.4-12.8 12.8v230.4c0 6.4 6.4 12.8 12.8 12.8zm-192 0h22.4c6.4 0 12.8-6.4 12.8-12.8V140.8c0-6.4-6.4-12.8-12.8-12.8h-22.4c-6.4 0-12.8 6.4-12.8 12.8v198.4c0 6.4 6.4 12.8 12.8 12.8zm96 0h22.4c6.4 0 12.8-6.4 12.8-12.8V204.8c0-6.4-6.4-12.8-12.8-12.8h-22.4c-6.4 0-12.8 6.4-12.8 12.8v134.4c0 6.4 6.4 12.8 12.8 12.8zM496 400H48V80c0-8.84-7.16-16-16-16H16C7.16 64 0 71.16 0 80v336c0 17.67 14.33 32 32 32h464c8.84 0 16-7.16 16-16v-16c0-8.84-7.16-16-16-16zm-387.2-48h22.4c6.4 0 12.8-6.4 12.8-12.8v-70.4c0-6.4-6.4-12.8-12.8-12.8h-22.4c-6.4 0-12.8 6.4-12.8 12.8v70.4c0 6.4 6.4 12.8 12.8 12.8z\" class=\"\"><\/path><\/svg><\/i> <img loading=\"lazy\" decoding=\"async\" width=\"16\" height=\"16\" alt=\"Loading\" src=\"https:\/\/temucotelevision.cl\/web\/wp-content\/plugins\/page-views-count\/ajax-loader-2x.gif\" border=0 \/><\/p><div class=\"pvc_clear\"><\/div>\n<p>El Tribunal de Juicio Oral en lo Penal de Angol conden\u00f3 a&nbsp;<strong><em>Jos\u00e9 Rodrigo Palma Arriagada<\/em><\/strong>&nbsp;a la pena de 10 a\u00f1os y un d\u00eda de presidio efectivo, en calidad de autor del delito consumado de homicidio simple. Il\u00edcito perpetrado en agosto de 2019, en la comuna de Los Sauces.<\/p>\n\n\n\n<p>En fallo un\u00e1nime, el tribunal \u2013integrado por los magistrados Solange Suf\u00e1n Arias (presidenta), Francisco Boero Villagr\u00e1n y Etienne Fellay Bertholet (redactor)\u2013 aplic\u00f3, adem\u00e1s, a Palma Arriagada las\u00a0accesorias legales de inhabilitaci\u00f3n absoluta perpetua para cargos y oficios p\u00fablicos y derechos pol\u00edticos y la inhabilitaci\u00f3n absoluta para profesiones titulares mientras dure la condena.<\/p>\n\n\n\n<p>Asimismo, Palma Arriagada deber\u00e1 cumplir 4 a\u00f1os de reclusi\u00f3n, accesorias legales de inhabilitaci\u00f3n absoluta perpetua para derechos pol\u00edticos y la inhabilitaci\u00f3n absoluta para cargos y oficios p\u00fablicos por el tiempo que dure la condena, como autor de los delitos consumados de porte de arma prohibida y tenencia ilegal de municiones<\/p>\n\n\n\n<p>Una vez que el fallo quede ejecutoriado, el tribunal dispuso que se proceda a la toma de muestras biol\u00f3gicas del sentenciado para determinar su huella gen\u00e9tica e incorporaci\u00f3n en el registro nacional de ADN de condenados. Adem\u00e1s, se decret\u00f3 el comiso del arma de fuego y municiones incautadas.<\/p>\n\n\n\n<p>El tribunal dio por acreditado, m\u00e1s all\u00e1 de toda duda razonable, que en horas de la tarde del 18 de agosto de 2019, \u201cel acusado estaba en su domicilio ubicado en el sector rural San Ram\u00f3n Alto de la comuna de Los Sauces ingiriendo bebidas alcoh\u00f3licas junto a la v\u00edctima, su amigo Jos\u00e9 Octavio Rivera Vergara, tom\u00f3 una escopeta marca Amadeo Rossi, calibre 16, con la cual le dispar\u00f3 a corta distancia al ofendido, impact\u00e1ndolo en la zona del t\u00f3rax, a consecuencia de lo cual Rivera Vergara falleci\u00f3 en el lugar a causa de traumatismo tor\u00e1cico abdominal complicado por herida con escopeta\u201d.<\/p>\n","protected":false},"excerpt":{"rendered":"<div class=\"pvc_clear\"><\/div>\n<p id=\"pvc_stats_26791\" class=\"pvc_stats total_only  \" data-element-id=\"26791\" style=\"\"><i class=\"pvc-stats-icon large\" aria-hidden=\"true\"><svg aria-hidden=\"true\" focusable=\"false\" data-prefix=\"far\" data-icon=\"chart-bar\" role=\"img\" xmlns=\"http:\/\/www.w3.org\/2000\/svg\" viewBox=\"0 0 512 512\" class=\"svg-inline--fa fa-chart-bar fa-w-16 fa-2x\"><path fill=\"currentColor\" d=\"M396.8 352h22.4c6.4 0 12.8-6.4 12.8-12.8V108.8c0-6.4-6.4-12.8-12.8-12.8h-22.4c-6.4 0-12.8 6.4-12.8 12.8v230.4c0 6.4 6.4 12.8 12.8 12.8zm-192 0h22.4c6.4 0 12.8-6.4 12.8-12.8V140.8c0-6.4-6.4-12.8-12.8-12.8h-22.4c-6.4 0-12.8 6.4-12.8 12.8v198.4c0 6.4 6.4 12.8 12.8 12.8zm96 0h22.4c6.4 0 12.8-6.4 12.8-12.8V204.8c0-6.4-6.4-12.8-12.8-12.8h-22.4c-6.4 0-12.8 6.4-12.8 12.8v134.4c0 6.4 6.4 12.8 12.8 12.8zM496 400H48V80c0-8.84-7.16-16-16-16H16C7.16 64 0 71.16 0 80v336c0 17.67 14.33 32 32 32h464c8.84 0 16-7.16 16-16v-16c0-8.84-7.16-16-16-16zm-387.2-48h22.4c6.4 0 12.8-6.4 12.8-12.8v-70.4c0-6.4-6.4-12.8-12.8-12.8h-22.4c-6.4 0-12.8 6.4-12.8 12.8v70.4c0 6.4 6.4 12.8 12.8 12.8z\" class=\"\"><\/path><\/svg><\/i> <img loading=\"lazy\" decoding=\"async\" width=\"16\" height=\"16\" alt=\"Loading\" src=\"https:\/\/temucotelevision.cl\/web\/wp-content\/plugins\/page-views-count\/ajax-loader-2x.gif\" border=0 \/><\/p>\n<div class=\"pvc_clear\"><\/div>\n<p>El Tribunal de Juicio Oral en lo Penal de Angol conden\u00f3 a&nbsp;Jos\u00e9 Rodrigo Palma Arriagada&nbsp;a la pena de 10 a\u00f1os<\/p>\n","protected":false},"author":1,"featured_media":13693,"comment_status":"open","ping_status":"open","sticky":false,"template":"","format":"standard","meta":{"colormag_page_container_layout":"default_layout","colormag_page_sidebar_layout":"default_layout","footnotes":""},"categories":[15],"tags":[791,789,219,1498,2760],"class_list":["post-26791","post","type-post","status-publish","format-standard","has-post-thumbnail","hentry","category-la-araucania","tag-arma","tag-autor","tag-condena","tag-municiones","tag-porte"],"a3_pvc":{"activated":true,"total_views":34,"today_views":0},"_links":{"self":[{"href":"https:\/\/temucotelevision.cl\/web\/wp-json\/wp\/v2\/posts\/26791","targetHints":{"allow":["GET"]}}],"collection":[{"href":"https:\/\/temucotelevision.cl\/web\/wp-json\/wp\/v2\/posts"}],"about":[{"href":"https:\/\/temucotelevision.cl\/web\/wp-json\/wp\/v2\/types\/post"}],"author":[{"embeddable":true,"href":"https:\/\/temucotelevision.cl\/web\/wp-json\/wp\/v2\/users\/1"}],"replies":[{"embeddable":true,"href":"https:\/\/temucotelevision.cl\/web\/wp-json\/wp\/v2\/comments?post=26791"}],"version-history":[{"count":1,"href":"https:\/\/temucotelevision.cl\/web\/wp-json\/wp\/v2\/posts\/26791\/revisions"}],"predecessor-version":[{"id":26792,"href":"https:\/\/temucotelevision.cl\/web\/wp-json\/wp\/v2\/posts\/26791\/revisions\/26792"}],"wp:featuredmedia":[{"embeddable":true,"href":"https:\/\/temucotelevision.cl\/web\/wp-json\/wp\/v2\/media\/13693"}],"wp:attachment":[{"href":"https:\/\/temucotelevision.cl\/web\/wp-json\/wp\/v2\/media?parent=26791"}],"wp:term":[{"taxonomy":"category","embeddable":true,"href":"https:\/\/temucotelevision.cl\/web\/wp-json\/wp\/v2\/categories?post=26791"},{"taxonomy":"post_tag","embeddable":true,"href":"https:\/\/temucotelevision.cl\/web\/wp-json\/wp\/v2\/tags?post=26791"}],"curies":[{"name":"wp","href":"https:\/\/api.w.org\/{rel}","templated":true}]}}