{"id":26786,"date":"2021-10-27T19:23:55","date_gmt":"2021-10-27T22:23:55","guid":{"rendered":"https:\/\/temucotelevision.cl\/web\/?p=26786"},"modified":"2021-10-27T19:24:28","modified_gmt":"2021-10-27T22:24:28","slug":"tesoros-del-nielol-presenta-este-jueves-a-la-actriz-liliana-castro-y-al-tenor-daniel-farias","status":"publish","type":"post","link":"https:\/\/temucotelevision.cl\/web\/2021\/10\/27\/tesoros-del-nielol-presenta-este-jueves-a-la-actriz-liliana-castro-y-al-tenor-daniel-farias\/","title":{"rendered":"\u201cTesoros del \u00d1ielol\u201d presenta este jueves a la actriz Liliana Castro y al tenor Daniel Far\u00edas"},"content":{"rendered":"<div class=\"pvc_clear\"><\/div><p id=\"pvc_stats_26786\" class=\"pvc_stats total_only  \" data-element-id=\"26786\" style=\"\"><i class=\"pvc-stats-icon large\" aria-hidden=\"true\"><svg aria-hidden=\"true\" focusable=\"false\" data-prefix=\"far\" data-icon=\"chart-bar\" role=\"img\" xmlns=\"http:\/\/www.w3.org\/2000\/svg\" viewBox=\"0 0 512 512\" class=\"svg-inline--fa fa-chart-bar fa-w-16 fa-2x\"><path fill=\"currentColor\" d=\"M396.8 352h22.4c6.4 0 12.8-6.4 12.8-12.8V108.8c0-6.4-6.4-12.8-12.8-12.8h-22.4c-6.4 0-12.8 6.4-12.8 12.8v230.4c0 6.4 6.4 12.8 12.8 12.8zm-192 0h22.4c6.4 0 12.8-6.4 12.8-12.8V140.8c0-6.4-6.4-12.8-12.8-12.8h-22.4c-6.4 0-12.8 6.4-12.8 12.8v198.4c0 6.4 6.4 12.8 12.8 12.8zm96 0h22.4c6.4 0 12.8-6.4 12.8-12.8V204.8c0-6.4-6.4-12.8-12.8-12.8h-22.4c-6.4 0-12.8 6.4-12.8 12.8v134.4c0 6.4 6.4 12.8 12.8 12.8zM496 400H48V80c0-8.84-7.16-16-16-16H16C7.16 64 0 71.16 0 80v336c0 17.67 14.33 32 32 32h464c8.84 0 16-7.16 16-16v-16c0-8.84-7.16-16-16-16zm-387.2-48h22.4c6.4 0 12.8-6.4 12.8-12.8v-70.4c0-6.4-6.4-12.8-12.8-12.8h-22.4c-6.4 0-12.8 6.4-12.8 12.8v70.4c0 6.4 6.4 12.8 12.8 12.8z\" class=\"\"><\/path><\/svg><\/i> <img loading=\"lazy\" decoding=\"async\" width=\"16\" height=\"16\" alt=\"Loading\" src=\"https:\/\/temucotelevision.cl\/web\/wp-content\/plugins\/page-views-count\/ajax-loader-2x.gif\" border=0 \/><\/p><div class=\"pvc_clear\"><\/div>\n<p>\u00b7&nbsp;&nbsp;&nbsp;&nbsp;&nbsp;&nbsp;&nbsp;&nbsp;&nbsp;<strong>La iniciativa tiene como objetivo central promover el quehacer de las y los artistas de la regi\u00f3n.<\/strong><\/p>\n\n\n\n<p>\u00b7&nbsp;&nbsp;&nbsp;&nbsp;&nbsp;&nbsp;&nbsp;&nbsp;&nbsp;<strong>La transmisi\u00f3n se realiza todos los jueves, a las 19.00 horas, a trav\u00e9s de Facebook: Culturas La Araucan\u00eda y Pabell\u00f3n Araucan\u00eda y YouTube: Pabell\u00f3n Araucan\u00eda.<\/strong><\/p>\n\n\n\n<p>\u201cObras y musicales trabajando en equipo\u201d se titula el programa al que este jueves 28 de octubre, a las 19.00 horas,&nbsp;dar\u00e1n vida&nbsp;la actriz Liliana Castro y el tenor Daniel Far\u00edas, quienes han producido importantes musicales y obras en el Teatro Municipal de Temuco.&nbsp;Este espacio surgi\u00f3 fruto de un convenio entre la&nbsp;Seremi de las Culturas y la Corporaci\u00f3n de Desarrollo Araucan\u00eda, a trav\u00e9s del Pabell\u00f3n Araucan\u00eda.&nbsp;<\/p>\n\n\n\n<p>Los invitados de esta semana, en un di\u00e1logo con los mediadores Vasti Michel y Christopher Villalobos, nos contar\u00e1n sobre c\u00f3mo trabajan en equipo y conoceremos de sus trayectorias individuales y como dupla art\u00edstica.&nbsp;<\/p>\n\n\n\n<p>Daniel Far\u00edas artista invitado sostuvo que \u201csoy licenciado en artes, int\u00e9rprete superior en canto de la Universidad de Chile, director del coro del Teatro Municipal y junto a Liliana Castro Hidalgo, directora, actriz profesional, entre muchas otras cosas encargada de educaci\u00f3n de la Orquesta Filarm\u00f3nica de Temuco, somos parte de la compa\u00f1\u00eda itinerante Bandurria Producciones Art\u00edsticas, y es en este contexto que fuimos invitados al programa Tesoros del \u00d1ielol\u201d.&nbsp;<\/p>\n\n\n\n<p>\u201cAqu\u00ed interpretaremos la Escena La Misiva de El Hombre de la Mancha de Aldonza y Sancho Panza, adem\u00e1s seremos parte de una cari\u00f1osa e interesante conversaci\u00f3n con sus presentadores, donde hablaremos de los artistas de La Araucan\u00eda, de Kimun y su nuevo Elenco Vocal del Adulto Mayor, del Coro del Teatro Municipal de Temuco, del arte en pandemia en la regi\u00f3n y de muchos m\u00e1s temas de gran importancia e intereses transversales que nuestro p\u00fablico no se debe perder. Por esto hago la invitaci\u00f3n a todo el p\u00fablico para que sintonicen el programa Tesoros del \u00d1ielol\u201d, enfatiz\u00f3 el artista regional.<\/p>\n\n\n\n<p>El seremi Enzo Cortesi invit\u00f3 a ser parte de este nuevo cap\u00edtulo de Tesoros del \u00d1ielol. \u201cHacemos un llamado muy especial a la ciudadan\u00eda a seguir acompa\u00f1ando a los invitados que tenemos cada semana, en este recorrido por el arte regional. Esta vez contaremos con Daniel Far\u00edas y Liliana Castro, destacados exponentes de La Araucan\u00eda, que tienen una larga trayectoria vinculada al Teatro Municipal de Temuco, desde donde han impulsado diversas actividades y obras, adem\u00e1s nos contar\u00e1n sobre sus carreras y la labor que desarrollan en conjunto. Esperamos que se conecten a la transmisi\u00f3n este jueves\u201d, dijo Cortesi.<\/p>\n\n\n\n<p><strong>Cartelera mensual<\/strong><\/p>\n\n\n\n<p>\u201cTesoros del \u00d1ielol\u201d es un ciclo de mediaciones art\u00edsticas que se ha propuesto generar un espacio de difusi\u00f3n del trabajo de los creadores y creadoras de La Araucan\u00eda. As\u00ed como ayudar a la recuperaci\u00f3n del mundo cultural regional, que ha sufrido las consecuencias de la pandemia. La transmisi\u00f3n se realiza a trav\u00e9s de Facebook: Culturas La Araucan\u00eda y Pabell\u00f3n Araucan\u00eda y YouTube: Pabell\u00f3n Araucan\u00eda. El espacio tiene como coordinador general a Juanjo Montecinos.<\/p>\n\n\n\n<p>La programaci\u00f3n de octubre, contempl\u00f3 expresiones como el muralismo, la m\u00fasica, el teatro y la luther\u00eda. La iniciativa correspondiente a 2021 finaliza en el mes de noviembre en el que se emitir\u00e1n dos cap\u00edtulos, los d\u00edas jueves 4 y 11.\u00a0<\/p>\n\n\n\n<figure class=\"wp-block-image size-large\"><img loading=\"lazy\" decoding=\"async\" width=\"1024\" height=\"1024\" src=\"https:\/\/temucotelevision.cl\/web\/wp-content\/uploads\/2021\/10\/4.INSTA_TESOROS-DEL-NIELOL_28.OCT_-1024x1024.jpg\" alt=\"\" class=\"wp-image-26789\" srcset=\"https:\/\/temucotelevision.cl\/web\/wp-content\/uploads\/2021\/10\/4.INSTA_TESOROS-DEL-NIELOL_28.OCT_-1024x1024.jpg 1024w, https:\/\/temucotelevision.cl\/web\/wp-content\/uploads\/2021\/10\/4.INSTA_TESOROS-DEL-NIELOL_28.OCT_-1000x1000.jpg 1000w, https:\/\/temucotelevision.cl\/web\/wp-content\/uploads\/2021\/10\/4.INSTA_TESOROS-DEL-NIELOL_28.OCT_-768x768.jpg 768w, https:\/\/temucotelevision.cl\/web\/wp-content\/uploads\/2021\/10\/4.INSTA_TESOROS-DEL-NIELOL_28.OCT_.jpg 1200w\" sizes=\"auto, (max-width: 1024px) 100vw, 1024px\" \/><\/figure>\n","protected":false},"excerpt":{"rendered":"<div class=\"pvc_clear\"><\/div>\n<p id=\"pvc_stats_26786\" class=\"pvc_stats total_only  \" data-element-id=\"26786\" style=\"\"><i class=\"pvc-stats-icon large\" aria-hidden=\"true\"><svg aria-hidden=\"true\" focusable=\"false\" data-prefix=\"far\" data-icon=\"chart-bar\" role=\"img\" xmlns=\"http:\/\/www.w3.org\/2000\/svg\" viewBox=\"0 0 512 512\" class=\"svg-inline--fa fa-chart-bar fa-w-16 fa-2x\"><path fill=\"currentColor\" d=\"M396.8 352h22.4c6.4 0 12.8-6.4 12.8-12.8V108.8c0-6.4-6.4-12.8-12.8-12.8h-22.4c-6.4 0-12.8 6.4-12.8 12.8v230.4c0 6.4 6.4 12.8 12.8 12.8zm-192 0h22.4c6.4 0 12.8-6.4 12.8-12.8V140.8c0-6.4-6.4-12.8-12.8-12.8h-22.4c-6.4 0-12.8 6.4-12.8 12.8v198.4c0 6.4 6.4 12.8 12.8 12.8zm96 0h22.4c6.4 0 12.8-6.4 12.8-12.8V204.8c0-6.4-6.4-12.8-12.8-12.8h-22.4c-6.4 0-12.8 6.4-12.8 12.8v134.4c0 6.4 6.4 12.8 12.8 12.8zM496 400H48V80c0-8.84-7.16-16-16-16H16C7.16 64 0 71.16 0 80v336c0 17.67 14.33 32 32 32h464c8.84 0 16-7.16 16-16v-16c0-8.84-7.16-16-16-16zm-387.2-48h22.4c6.4 0 12.8-6.4 12.8-12.8v-70.4c0-6.4-6.4-12.8-12.8-12.8h-22.4c-6.4 0-12.8 6.4-12.8 12.8v70.4c0 6.4 6.4 12.8 12.8 12.8z\" class=\"\"><\/path><\/svg><\/i> <img loading=\"lazy\" decoding=\"async\" width=\"16\" height=\"16\" alt=\"Loading\" src=\"https:\/\/temucotelevision.cl\/web\/wp-content\/plugins\/page-views-count\/ajax-loader-2x.gif\" border=0 \/><\/p>\n<div class=\"pvc_clear\"><\/div>\n<p>\u00b7&nbsp;&nbsp;&nbsp;&nbsp;&nbsp;&nbsp;&nbsp;&nbsp;&nbsp;La iniciativa tiene como objetivo central promover el quehacer de las y los artistas de la regi\u00f3n. \u00b7&nbsp;&nbsp;&nbsp;&nbsp;&nbsp;&nbsp;&nbsp;&nbsp;&nbsp;La transmisi\u00f3n se<\/p>\n","protected":false},"author":1,"featured_media":26787,"comment_status":"open","ping_status":"open","sticky":false,"template":"","format":"standard","meta":{"colormag_page_container_layout":"default_layout","colormag_page_sidebar_layout":"default_layout","footnotes":""},"categories":[86],"tags":[4575,1219,4577,4127],"class_list":["post-26786","post","type-post","status-publish","format-standard","has-post-thumbnail","hentry","category-panoramas","tag-actriz","tag-nielol","tag-tenor","tag-tesoros"],"a3_pvc":{"activated":true,"total_views":40,"today_views":0},"_links":{"self":[{"href":"https:\/\/temucotelevision.cl\/web\/wp-json\/wp\/v2\/posts\/26786","targetHints":{"allow":["GET"]}}],"collection":[{"href":"https:\/\/temucotelevision.cl\/web\/wp-json\/wp\/v2\/posts"}],"about":[{"href":"https:\/\/temucotelevision.cl\/web\/wp-json\/wp\/v2\/types\/post"}],"author":[{"embeddable":true,"href":"https:\/\/temucotelevision.cl\/web\/wp-json\/wp\/v2\/users\/1"}],"replies":[{"embeddable":true,"href":"https:\/\/temucotelevision.cl\/web\/wp-json\/wp\/v2\/comments?post=26786"}],"version-history":[{"count":2,"href":"https:\/\/temucotelevision.cl\/web\/wp-json\/wp\/v2\/posts\/26786\/revisions"}],"predecessor-version":[{"id":26790,"href":"https:\/\/temucotelevision.cl\/web\/wp-json\/wp\/v2\/posts\/26786\/revisions\/26790"}],"wp:featuredmedia":[{"embeddable":true,"href":"https:\/\/temucotelevision.cl\/web\/wp-json\/wp\/v2\/media\/26787"}],"wp:attachment":[{"href":"https:\/\/temucotelevision.cl\/web\/wp-json\/wp\/v2\/media?parent=26786"}],"wp:term":[{"taxonomy":"category","embeddable":true,"href":"https:\/\/temucotelevision.cl\/web\/wp-json\/wp\/v2\/categories?post=26786"},{"taxonomy":"post_tag","embeddable":true,"href":"https:\/\/temucotelevision.cl\/web\/wp-json\/wp\/v2\/tags?post=26786"}],"curies":[{"name":"wp","href":"https:\/\/api.w.org\/{rel}","templated":true}]}}