{"id":26782,"date":"2021-10-27T19:20:50","date_gmt":"2021-10-27T22:20:50","guid":{"rendered":"https:\/\/temucotelevision.cl\/web\/?p=26782"},"modified":"2021-10-27T19:20:51","modified_gmt":"2021-10-27T22:20:51","slug":"carabineros-va-en-ayuda-de-familias-victimas-de-atentado-en-carahue","status":"publish","type":"post","link":"https:\/\/temucotelevision.cl\/web\/2021\/10\/27\/carabineros-va-en-ayuda-de-familias-victimas-de-atentado-en-carahue\/","title":{"rendered":"Carabineros va en ayuda de familias v\u00edctimas de atentado en Carahue"},"content":{"rendered":"<div class=\"pvc_clear\"><\/div><p id=\"pvc_stats_26782\" class=\"pvc_stats total_only  \" data-element-id=\"26782\" style=\"\"><i class=\"pvc-stats-icon large\" aria-hidden=\"true\"><svg aria-hidden=\"true\" focusable=\"false\" data-prefix=\"far\" data-icon=\"chart-bar\" role=\"img\" xmlns=\"http:\/\/www.w3.org\/2000\/svg\" viewBox=\"0 0 512 512\" class=\"svg-inline--fa fa-chart-bar fa-w-16 fa-2x\"><path fill=\"currentColor\" d=\"M396.8 352h22.4c6.4 0 12.8-6.4 12.8-12.8V108.8c0-6.4-6.4-12.8-12.8-12.8h-22.4c-6.4 0-12.8 6.4-12.8 12.8v230.4c0 6.4 6.4 12.8 12.8 12.8zm-192 0h22.4c6.4 0 12.8-6.4 12.8-12.8V140.8c0-6.4-6.4-12.8-12.8-12.8h-22.4c-6.4 0-12.8 6.4-12.8 12.8v198.4c0 6.4 6.4 12.8 12.8 12.8zm96 0h22.4c6.4 0 12.8-6.4 12.8-12.8V204.8c0-6.4-6.4-12.8-12.8-12.8h-22.4c-6.4 0-12.8 6.4-12.8 12.8v134.4c0 6.4 6.4 12.8 12.8 12.8zM496 400H48V80c0-8.84-7.16-16-16-16H16C7.16 64 0 71.16 0 80v336c0 17.67 14.33 32 32 32h464c8.84 0 16-7.16 16-16v-16c0-8.84-7.16-16-16-16zm-387.2-48h22.4c6.4 0 12.8-6.4 12.8-12.8v-70.4c0-6.4-6.4-12.8-12.8-12.8h-22.4c-6.4 0-12.8 6.4-12.8 12.8v70.4c0 6.4 6.4 12.8 12.8 12.8z\" class=\"\"><\/path><\/svg><\/i> <img loading=\"lazy\" decoding=\"async\" width=\"16\" height=\"16\" alt=\"Loading\" src=\"https:\/\/temucotelevision.cl\/web\/wp-content\/plugins\/page-views-count\/ajax-loader-2x.gif\" border=0 \/><\/p><div class=\"pvc_clear\"><\/div>\n<p>Personal de la 1\u00aa Comisar\u00eda Control Orden P\u00fablico (COP) \u201cTemuco\u201d reuni\u00f3 un cami\u00f3n con alimentos, enseres, ropa, colchones, juguetes y dulces para entregarlos al campamento Casablanca. \u201cQuiero reconocer el esp\u00edritu solidario de mis Carabineros\u201d, destac\u00f3 el General C\u00e9sar Bobadilla, Jefe de la Macrozona Sur COP e Intervenci\u00f3n.<\/p>\n\n\n\n<div data-mow_video=\"v-mrd4rmlh5ps\"><\/div>\n\n\n\n<p>El cobarde ataque incendiario del que fueron v\u00edctimas familias que habitaban el campamento Casablanca en la comuna de Carahue, ocurrido el lunes reci\u00e9n pasado, conmovi\u00f3 a la regi\u00f3n y el pa\u00eds, y motiv\u00f3 una serie de muestras de apoyo a las v\u00edctimas y un en\u00e9rgico rechazo a la acci\u00f3n delictual. Es en este contexto, que personal de la 1\u00aa Comisar\u00eda COP \u201cTemuco\u201d, activ\u00f3 sus redes y esp\u00edritu solidario, logrando reunir en tiempo r\u00e9cord, un cami\u00f3n cargado con ayuda.<\/p>\n\n\n\n<p>Se trata de alimentos, enseres, ropa, colchones, juguetes y dulces. Los uniformados, que el lunes concurrieron a auxiliar y proteger a las v\u00edctimas despu\u00e9s del ataque, retornaron al campamento forestal para aportar con las familias y ni\u00f1os que se mantienen en el lugar y que perdieron en minutos el esfuerzo de toda una vida.<\/p>\n\n\n\n<p>\u201cQuiero reconocer el esp\u00edritu solidario de mis Carabineros de la Zona Control Orden P\u00fablico. Han hecho una tremenda campa\u00f1a y vamos a ir en ayuda de estas v\u00edctimas que hoy en d\u00eda lo necesitan todo porque est\u00e1n sufriendo, pasando momentos muy dif\u00edciles y queremos estar presentes como siempre lo hemos estado. Se ha reunido una serie de enseres, colchones, alimentos no perecibles y cosas b\u00e1sicas para los hogares que hoy lo necesitan\u201d, destac\u00f3 el General C\u00e9sar Bobadilla, Jefe de la Macrozona Sur Control Orden P\u00fablico e Intervenci\u00f3n.<\/p>\n\n\n\n<p>\u201cComo mam\u00e1 fue impactante ver el video que circula en redes sociales donde se escucha a un ni\u00f1o llorar (tras el atentado). Hay que ser emp\u00e1ticos, tenemos que prestar la cooperaci\u00f3n a ellos (a las familias afectadas), ayudarlos y entregarles lo mejor de nosotros\u201d, se\u00f1al\u00f3 la Suboficial Mar\u00eda Torres, de la 1\u00aa Comisar\u00eda COP \u201cTemuco\u201d.<\/p>\n\n\n\n<p>\u201cCarabineros no puede quedar ajeno al dolor que sienten las personas en situaciones como la ocurrida en Carahue, es por ello que nace en forma espont\u00e1nea de parte de nuestros camaradas de armas la necesidad de ir en ayuda de aquellas personas que lo han perdido todo. Cada vez que Carabineros ha podido, ha aportado su granito de arena para ir en ayuda de las familias necesitadas de nuestro pa\u00eds en situaciones complejas y esta no va a ser la excepci\u00f3n\u201d, agreg\u00f3 el Sargento 1\u00b0 Bernardo Morales, de la 1\u00aa Comisar\u00eda COP \u201cTemuco\u201d.<\/p>\n\n\n\n<p>El lunes pasado, encapuchados armados incendiaron el campamento ubicado en la ruta S-158 a unos 30 kil\u00f3metros de la zona urbana de Carahue. Al lugar, Carabineros arrib\u00f3 r\u00e1pidamente auxiliando a las v\u00edctimas, evacu\u00e1ndolas a una zona segura, lo que permiti\u00f3 que, finalmente, no se registraran personas lesionadas.<\/p>\n\n\n\n<p>El personal de Control y Orden P\u00fablico, fue recibido con alegr\u00eda por las familias de Casablanca, quienes agradecieron enormemente la ayuda recibida de manos de los hombres y mujeres de la 1\u00aa Comisar\u00eda COP, cuyo profesionalismo y compromiso con la ciudadan\u00eda, una vez m\u00e1s, fue m\u00e1s all\u00e1 del cumplimiento del deber.<\/p>\n\n\n\n<figure class=\"wp-block-image size-large\"><img loading=\"lazy\" decoding=\"async\" width=\"1024\" height=\"683\" src=\"https:\/\/temucotelevision.cl\/web\/wp-content\/uploads\/2021\/10\/COP1-1024x683.jpg\" alt=\"\" class=\"wp-image-26784\" srcset=\"https:\/\/temucotelevision.cl\/web\/wp-content\/uploads\/2021\/10\/COP1-1024x683.jpg 1024w, https:\/\/temucotelevision.cl\/web\/wp-content\/uploads\/2021\/10\/COP1-768x512.jpg 768w, https:\/\/temucotelevision.cl\/web\/wp-content\/uploads\/2021\/10\/COP1-1536x1024.jpg 1536w, https:\/\/temucotelevision.cl\/web\/wp-content\/uploads\/2021\/10\/COP1-2048x1365.jpg 2048w\" sizes=\"auto, (max-width: 1024px) 100vw, 1024px\" \/><\/figure>\n","protected":false},"excerpt":{"rendered":"<div class=\"pvc_clear\"><\/div>\n<p id=\"pvc_stats_26782\" class=\"pvc_stats total_only  \" data-element-id=\"26782\" style=\"\"><i class=\"pvc-stats-icon large\" aria-hidden=\"true\"><svg aria-hidden=\"true\" focusable=\"false\" data-prefix=\"far\" data-icon=\"chart-bar\" role=\"img\" xmlns=\"http:\/\/www.w3.org\/2000\/svg\" viewBox=\"0 0 512 512\" class=\"svg-inline--fa fa-chart-bar fa-w-16 fa-2x\"><path fill=\"currentColor\" d=\"M396.8 352h22.4c6.4 0 12.8-6.4 12.8-12.8V108.8c0-6.4-6.4-12.8-12.8-12.8h-22.4c-6.4 0-12.8 6.4-12.8 12.8v230.4c0 6.4 6.4 12.8 12.8 12.8zm-192 0h22.4c6.4 0 12.8-6.4 12.8-12.8V140.8c0-6.4-6.4-12.8-12.8-12.8h-22.4c-6.4 0-12.8 6.4-12.8 12.8v198.4c0 6.4 6.4 12.8 12.8 12.8zm96 0h22.4c6.4 0 12.8-6.4 12.8-12.8V204.8c0-6.4-6.4-12.8-12.8-12.8h-22.4c-6.4 0-12.8 6.4-12.8 12.8v134.4c0 6.4 6.4 12.8 12.8 12.8zM496 400H48V80c0-8.84-7.16-16-16-16H16C7.16 64 0 71.16 0 80v336c0 17.67 14.33 32 32 32h464c8.84 0 16-7.16 16-16v-16c0-8.84-7.16-16-16-16zm-387.2-48h22.4c6.4 0 12.8-6.4 12.8-12.8v-70.4c0-6.4-6.4-12.8-12.8-12.8h-22.4c-6.4 0-12.8 6.4-12.8 12.8v70.4c0 6.4 6.4 12.8 12.8 12.8z\" class=\"\"><\/path><\/svg><\/i> <img loading=\"lazy\" decoding=\"async\" width=\"16\" height=\"16\" alt=\"Loading\" src=\"https:\/\/temucotelevision.cl\/web\/wp-content\/plugins\/page-views-count\/ajax-loader-2x.gif\" border=0 \/><\/p>\n<div class=\"pvc_clear\"><\/div>\n<p>Personal de la 1\u00aa Comisar\u00eda Control Orden P\u00fablico (COP) \u201cTemuco\u201d reuni\u00f3 un cami\u00f3n con alimentos, enseres, ropa, colchones, juguetes y<\/p>\n","protected":false},"author":1,"featured_media":26783,"comment_status":"open","ping_status":"open","sticky":false,"template":"","format":"standard","meta":{"colormag_page_container_layout":"default_layout","colormag_page_sidebar_layout":"default_layout","footnotes":""},"categories":[16],"tags":[1236,125,147,386,1405],"class_list":["post-26782","post","type-post","status-publish","format-standard","has-post-thumbnail","hentry","category-policial","tag-ataques","tag-carabineros","tag-familias","tag-ninos","tag-victimas"],"a3_pvc":{"activated":true,"total_views":52,"today_views":0},"_links":{"self":[{"href":"https:\/\/temucotelevision.cl\/web\/wp-json\/wp\/v2\/posts\/26782","targetHints":{"allow":["GET"]}}],"collection":[{"href":"https:\/\/temucotelevision.cl\/web\/wp-json\/wp\/v2\/posts"}],"about":[{"href":"https:\/\/temucotelevision.cl\/web\/wp-json\/wp\/v2\/types\/post"}],"author":[{"embeddable":true,"href":"https:\/\/temucotelevision.cl\/web\/wp-json\/wp\/v2\/users\/1"}],"replies":[{"embeddable":true,"href":"https:\/\/temucotelevision.cl\/web\/wp-json\/wp\/v2\/comments?post=26782"}],"version-history":[{"count":1,"href":"https:\/\/temucotelevision.cl\/web\/wp-json\/wp\/v2\/posts\/26782\/revisions"}],"predecessor-version":[{"id":26785,"href":"https:\/\/temucotelevision.cl\/web\/wp-json\/wp\/v2\/posts\/26782\/revisions\/26785"}],"wp:featuredmedia":[{"embeddable":true,"href":"https:\/\/temucotelevision.cl\/web\/wp-json\/wp\/v2\/media\/26783"}],"wp:attachment":[{"href":"https:\/\/temucotelevision.cl\/web\/wp-json\/wp\/v2\/media?parent=26782"}],"wp:term":[{"taxonomy":"category","embeddable":true,"href":"https:\/\/temucotelevision.cl\/web\/wp-json\/wp\/v2\/categories?post=26782"},{"taxonomy":"post_tag","embeddable":true,"href":"https:\/\/temucotelevision.cl\/web\/wp-json\/wp\/v2\/tags?post=26782"}],"curies":[{"name":"wp","href":"https:\/\/api.w.org\/{rel}","templated":true}]}}