{"id":26776,"date":"2021-10-27T18:55:28","date_gmt":"2021-10-27T21:55:28","guid":{"rendered":"https:\/\/temucotelevision.cl\/web\/?p=26776"},"modified":"2021-10-27T18:55:29","modified_gmt":"2021-10-27T21:55:29","slug":"araucania-aprueban-importantes-recursos-para-el-cuerpo-de-bomberos-de-las-32-comunas","status":"publish","type":"post","link":"https:\/\/temucotelevision.cl\/web\/2021\/10\/27\/araucania-aprueban-importantes-recursos-para-el-cuerpo-de-bomberos-de-las-32-comunas\/","title":{"rendered":"Araucan\u00eda: Aprueban importantes recursos para el Cuerpo de Bomberos de las 32 comunas"},"content":{"rendered":"<div class=\"pvc_clear\"><\/div><p id=\"pvc_stats_26776\" class=\"pvc_stats total_only  \" data-element-id=\"26776\" style=\"\"><i class=\"pvc-stats-icon large\" aria-hidden=\"true\"><svg aria-hidden=\"true\" focusable=\"false\" data-prefix=\"far\" data-icon=\"chart-bar\" role=\"img\" xmlns=\"http:\/\/www.w3.org\/2000\/svg\" viewBox=\"0 0 512 512\" class=\"svg-inline--fa fa-chart-bar fa-w-16 fa-2x\"><path fill=\"currentColor\" d=\"M396.8 352h22.4c6.4 0 12.8-6.4 12.8-12.8V108.8c0-6.4-6.4-12.8-12.8-12.8h-22.4c-6.4 0-12.8 6.4-12.8 12.8v230.4c0 6.4 6.4 12.8 12.8 12.8zm-192 0h22.4c6.4 0 12.8-6.4 12.8-12.8V140.8c0-6.4-6.4-12.8-12.8-12.8h-22.4c-6.4 0-12.8 6.4-12.8 12.8v198.4c0 6.4 6.4 12.8 12.8 12.8zm96 0h22.4c6.4 0 12.8-6.4 12.8-12.8V204.8c0-6.4-6.4-12.8-12.8-12.8h-22.4c-6.4 0-12.8 6.4-12.8 12.8v134.4c0 6.4 6.4 12.8 12.8 12.8zM496 400H48V80c0-8.84-7.16-16-16-16H16C7.16 64 0 71.16 0 80v336c0 17.67 14.33 32 32 32h464c8.84 0 16-7.16 16-16v-16c0-8.84-7.16-16-16-16zm-387.2-48h22.4c6.4 0 12.8-6.4 12.8-12.8v-70.4c0-6.4-6.4-12.8-12.8-12.8h-22.4c-6.4 0-12.8 6.4-12.8 12.8v70.4c0 6.4 6.4 12.8 12.8 12.8z\" class=\"\"><\/path><\/svg><\/i> <img loading=\"lazy\" decoding=\"async\" width=\"16\" height=\"16\" alt=\"Loading\" src=\"https:\/\/temucotelevision.cl\/web\/wp-content\/plugins\/page-views-count\/ajax-loader-2x.gif\" border=0 \/><\/p><div class=\"pvc_clear\"><\/div>\n<p><em>El Consejo Regional aprob\u00f3 los recursos presentados en Mensaje por el Gobernador Rivas y que permitir\u00e1 apoyar a los 36 cuarteles de bomberos de la regi\u00f3n con equipos aut\u00f3nomos de respiraci\u00f3n, adem\u00e1s de la reposici\u00f3n de las instalaciones del Cuartel de Lonquimay<\/em><\/p>\n\n\n\n<p>Dos importantes proyectos fueron aprobados en la sesi\u00f3n extraordinaria del Consejo Regional por m\u00e1s de $2.500 millones de pesos y que beneficiar\u00e1n a los 36 cuarteles de bomberos de La Araucan\u00eda.<\/p>\n\n\n\n<p>Se trata de recursos por $1.400 millones de pesos para la adquisici\u00f3n de 524 equipos de respiraci\u00f3n para voluntarios de las 32 comunas de la regi\u00f3n, que les permitir\u00e1 ejercer sus funciones de manera m\u00e1s segura y con mayor eficiencia.<\/p>\n\n\n\n<p>Adem\u00e1s, se aprobaron m\u00e1s de $1.000 millones de pesos para la anhelada reposici\u00f3n de las instalaciones del cuartel de Bomberos de Lonquimay, un importante proyecto que entregar\u00e1 condiciones adecuadas para los voluntarios de la cordillerana comuna, que, junto a los equipos de respiraci\u00f3n, fue presentado mediante Mensaje por el gobernador Luciano Rivas, y aprobado por el pleno de los consejeros de la regi\u00f3n.<\/p>\n\n\n\n<p>Sobre la aprobaci\u00f3n de los recursos para bomberos, el gobernador Luciano Rivas, dijo: \u201cestamos muy contentos de haber confirmado este compromiso que adquirimos como Gobierno Regional\u201d, el tambi\u00e9n presidente del Consejo Regional agreg\u00f3 que \u201ccreemos que es relevante el apoyo a bomberos, en temas tan importantes como el aporte de equipos aut\u00f3nomos de respiraci\u00f3n que se entregar\u00e1n a las 36 compa\u00f1\u00edas de la regi\u00f3n y que beneficiar\u00e1n directamente a sus voluntarios, al entregarles una mayor seguridad a la hora de enfrentar siniestros\u201d.<\/p>\n\n\n\n<p>Por otro lado, el gobernador Rivas se refiri\u00f3 a la reposici\u00f3n del cuartel de Bomberos de Lonquimay: \u201ces un edificio que est\u00e1 en muy mal estado y, tras dos meses de asumir mis funciones, levantamos este mensaje recientemente aprobado; as\u00ed que estamos muy contentos porque reconocemos la relevante labor que cumple la instituci\u00f3n en nuestra regi\u00f3n, y desde el Gobierno Regional mantendremos nuestro apoyo y buena disposici\u00f3n para con ellos\u201d.<\/p>\n\n\n\n<p>El presidente regional de Bomberos de La Araucan\u00eda, Luis Carmach, tambi\u00e9n se refiri\u00f3 a los recursos aprobados por el Consejo y coment\u00f3 que, \u201cestamos muy contentos por esta buena noticia que beneficia a bomberos y que fue ratificada por el pleno del Consejo, lo que significa que ya estamos con esos recursos disponibles para las inversiones como es el Cuartel General de la Primera y Segunda Compa\u00f1\u00eda del Cuerpo de Bomberos de Lonquimay, que era una necesidad muy sentida de parte de la comunidad y los bomberos, ya que hoy en d\u00eda operan en un cuartel que no brinda las seguridades necesarias y mucho menos en caso de emergencia. Obviamente su reposici\u00f3n era imperiosa, as\u00ed lo entendi\u00f3 la autoridad y hoy se est\u00e1n asignando los recursos para ello.\u201d.&nbsp;<\/p>\n\n\n\n<p>Respecto de los equipos de respiraci\u00f3n aut\u00f3nomo, Luis Carmach explic\u00f3 que son elementos \u201cque usamos como protecci\u00f3n personal y que nos permite en \u00e1reas confinadas, con mucho humo o con contaminantes, poder operar en los casos de incendios con la debida protecci\u00f3n para los voluntarios, as\u00ed que muy contentos con esta iniciativa que vemos materializado, porque finalmente benefician a todos los bomberos de la regi\u00f3n de La Araucan\u00eda\u201d.<\/p>\n","protected":false},"excerpt":{"rendered":"<div class=\"pvc_clear\"><\/div>\n<p id=\"pvc_stats_26776\" class=\"pvc_stats total_only  \" data-element-id=\"26776\" style=\"\"><i class=\"pvc-stats-icon large\" aria-hidden=\"true\"><svg aria-hidden=\"true\" focusable=\"false\" data-prefix=\"far\" data-icon=\"chart-bar\" role=\"img\" xmlns=\"http:\/\/www.w3.org\/2000\/svg\" viewBox=\"0 0 512 512\" class=\"svg-inline--fa fa-chart-bar fa-w-16 fa-2x\"><path fill=\"currentColor\" d=\"M396.8 352h22.4c6.4 0 12.8-6.4 12.8-12.8V108.8c0-6.4-6.4-12.8-12.8-12.8h-22.4c-6.4 0-12.8 6.4-12.8 12.8v230.4c0 6.4 6.4 12.8 12.8 12.8zm-192 0h22.4c6.4 0 12.8-6.4 12.8-12.8V140.8c0-6.4-6.4-12.8-12.8-12.8h-22.4c-6.4 0-12.8 6.4-12.8 12.8v198.4c0 6.4 6.4 12.8 12.8 12.8zm96 0h22.4c6.4 0 12.8-6.4 12.8-12.8V204.8c0-6.4-6.4-12.8-12.8-12.8h-22.4c-6.4 0-12.8 6.4-12.8 12.8v134.4c0 6.4 6.4 12.8 12.8 12.8zM496 400H48V80c0-8.84-7.16-16-16-16H16C7.16 64 0 71.16 0 80v336c0 17.67 14.33 32 32 32h464c8.84 0 16-7.16 16-16v-16c0-8.84-7.16-16-16-16zm-387.2-48h22.4c6.4 0 12.8-6.4 12.8-12.8v-70.4c0-6.4-6.4-12.8-12.8-12.8h-22.4c-6.4 0-12.8 6.4-12.8 12.8v70.4c0 6.4 6.4 12.8 12.8 12.8z\" class=\"\"><\/path><\/svg><\/i> <img loading=\"lazy\" decoding=\"async\" width=\"16\" height=\"16\" alt=\"Loading\" src=\"https:\/\/temucotelevision.cl\/web\/wp-content\/plugins\/page-views-count\/ajax-loader-2x.gif\" border=0 \/><\/p>\n<div class=\"pvc_clear\"><\/div>\n<p>El Consejo Regional aprob\u00f3 los recursos presentados en Mensaje por el Gobernador Rivas y que permitir\u00e1 apoyar a los 36<\/p>\n","protected":false},"author":1,"featured_media":26777,"comment_status":"open","ping_status":"open","sticky":false,"template":"","format":"standard","meta":{"colormag_page_container_layout":"default_layout","colormag_page_sidebar_layout":"default_layout","footnotes":""},"categories":[15],"tags":[304,199,210,170],"class_list":["post-26776","post","type-post","status-publish","format-standard","has-post-thumbnail","hentry","category-la-araucania","tag-bomberos","tag-comunas","tag-recursos","tag-region"],"a3_pvc":{"activated":true,"total_views":30,"today_views":0},"_links":{"self":[{"href":"https:\/\/temucotelevision.cl\/web\/wp-json\/wp\/v2\/posts\/26776","targetHints":{"allow":["GET"]}}],"collection":[{"href":"https:\/\/temucotelevision.cl\/web\/wp-json\/wp\/v2\/posts"}],"about":[{"href":"https:\/\/temucotelevision.cl\/web\/wp-json\/wp\/v2\/types\/post"}],"author":[{"embeddable":true,"href":"https:\/\/temucotelevision.cl\/web\/wp-json\/wp\/v2\/users\/1"}],"replies":[{"embeddable":true,"href":"https:\/\/temucotelevision.cl\/web\/wp-json\/wp\/v2\/comments?post=26776"}],"version-history":[{"count":1,"href":"https:\/\/temucotelevision.cl\/web\/wp-json\/wp\/v2\/posts\/26776\/revisions"}],"predecessor-version":[{"id":26778,"href":"https:\/\/temucotelevision.cl\/web\/wp-json\/wp\/v2\/posts\/26776\/revisions\/26778"}],"wp:featuredmedia":[{"embeddable":true,"href":"https:\/\/temucotelevision.cl\/web\/wp-json\/wp\/v2\/media\/26777"}],"wp:attachment":[{"href":"https:\/\/temucotelevision.cl\/web\/wp-json\/wp\/v2\/media?parent=26776"}],"wp:term":[{"taxonomy":"category","embeddable":true,"href":"https:\/\/temucotelevision.cl\/web\/wp-json\/wp\/v2\/categories?post=26776"},{"taxonomy":"post_tag","embeddable":true,"href":"https:\/\/temucotelevision.cl\/web\/wp-json\/wp\/v2\/tags?post=26776"}],"curies":[{"name":"wp","href":"https:\/\/api.w.org\/{rel}","templated":true}]}}