{"id":26579,"date":"2021-10-21T20:21:30","date_gmt":"2021-10-21T23:21:30","guid":{"rendered":"https:\/\/temucotelevision.cl\/web\/?p=26579"},"modified":"2021-10-21T20:21:32","modified_gmt":"2021-10-21T23:21:32","slug":"funcionarios-de-gendarmeria-se-capacitan-en-manejo-de-situaciones-de-emergencia","status":"publish","type":"post","link":"https:\/\/temucotelevision.cl\/web\/2021\/10\/21\/funcionarios-de-gendarmeria-se-capacitan-en-manejo-de-situaciones-de-emergencia\/","title":{"rendered":"Funcionarios de Gendarmer\u00eda se capacitan en manejo de situaciones de emergencia"},"content":{"rendered":"<div class=\"pvc_clear\"><\/div><p id=\"pvc_stats_26579\" class=\"pvc_stats total_only  \" data-element-id=\"26579\" style=\"\"><i class=\"pvc-stats-icon large\" aria-hidden=\"true\"><svg aria-hidden=\"true\" focusable=\"false\" data-prefix=\"far\" data-icon=\"chart-bar\" role=\"img\" xmlns=\"http:\/\/www.w3.org\/2000\/svg\" viewBox=\"0 0 512 512\" class=\"svg-inline--fa fa-chart-bar fa-w-16 fa-2x\"><path fill=\"currentColor\" d=\"M396.8 352h22.4c6.4 0 12.8-6.4 12.8-12.8V108.8c0-6.4-6.4-12.8-12.8-12.8h-22.4c-6.4 0-12.8 6.4-12.8 12.8v230.4c0 6.4 6.4 12.8 12.8 12.8zm-192 0h22.4c6.4 0 12.8-6.4 12.8-12.8V140.8c0-6.4-6.4-12.8-12.8-12.8h-22.4c-6.4 0-12.8 6.4-12.8 12.8v198.4c0 6.4 6.4 12.8 12.8 12.8zm96 0h22.4c6.4 0 12.8-6.4 12.8-12.8V204.8c0-6.4-6.4-12.8-12.8-12.8h-22.4c-6.4 0-12.8 6.4-12.8 12.8v134.4c0 6.4 6.4 12.8 12.8 12.8zM496 400H48V80c0-8.84-7.16-16-16-16H16C7.16 64 0 71.16 0 80v336c0 17.67 14.33 32 32 32h464c8.84 0 16-7.16 16-16v-16c0-8.84-7.16-16-16-16zm-387.2-48h22.4c6.4 0 12.8-6.4 12.8-12.8v-70.4c0-6.4-6.4-12.8-12.8-12.8h-22.4c-6.4 0-12.8 6.4-12.8 12.8v70.4c0 6.4 6.4 12.8 12.8 12.8z\" class=\"\"><\/path><\/svg><\/i> <img loading=\"lazy\" decoding=\"async\" width=\"16\" height=\"16\" alt=\"Loading\" src=\"https:\/\/temucotelevision.cl\/web\/wp-content\/plugins\/page-views-count\/ajax-loader-2x.gif\" border=0 \/><\/p><div class=\"pvc_clear\"><\/div>\n<p><em>Capacitaci\u00f3n est\u00e1 dirigida a funcionarios que integran las Brigadas Contra Incendios en las distintas Unidades Penales y Especiales de la Regi\u00f3n.&nbsp;<\/em><\/p>\n\n\n\n<p>En la ciudad de Traigu\u00e9n, espec\u00edficamente en el&nbsp;Centro de Formaci\u00f3n, Capacitaci\u00f3n y Entrenamiento de Gendarmer\u00eda de Chile, se lleva a cabo una capacitaci\u00f3n denominada \u201cManejo Te\u00f3rico Pr\u00e1ctico de Situaciones de Emergencia Penitenciarias con Presencia de Fuego\u201d.&nbsp;<\/p>\n\n\n\n<p>El objetivo principal de dicha capacitaci\u00f3n es entregar herramientas te\u00f3rico y pr\u00e1cticas a m\u00e1s de 140 funcionarios de Gendarmer\u00eda que integran las Brigadas contra Incendios en las distintas Unidades Penales y Especiales de la Regi\u00f3n de La Araucan\u00eda, en situaciones de eventos cr\u00edticos con presencia de fuego, los cuales originan una gama de acciones que apuntan a limitar su propagaci\u00f3n y por tanto sus consecuencias.&nbsp;<\/p>\n\n\n\n<p>Al respecto, uno de los relatores de la capacitaci\u00f3n el prevencionista de riesgos suboficial Ulises Callum\u00e1n se\u00f1al\u00f3 \u201cLa presente capacitaci\u00f3n tiene como fines principales entregar aspectos t\u00e9cnicos, actualizar conocimientos y potenciar las habilidades del personal, en materia de uso y manejo de equipos de emergencia contra incendios, adem\u00e1s de fortalecer el liderazgo en eventos cr\u00edticos, mejorar las capacidades de reacci\u00f3n, recibiendo herramientas concretas para dirigir en terreno el proceso de control de emergencia en las brigadas instaladas en cada establecimiento penitenciario\u201d.&nbsp;<\/p>\n\n\n\n<p>Cabe destacar el importante apoyo brindado por el Cuerpo de Bomberos de Traigu\u00e9n, quienes en conjunto con personal de la Unidad Operativa Regional y el relator, bombero y rescatista Cabo 1\u00b0 Freddy Riquelme realizan laboratorios de fuego con ejecuci\u00f3n de diversas pruebas, que facilitan la comprensi\u00f3n del comportamiento del fuego y sus m\u00e9todos de extinci\u00f3n, a trav\u00e9s del uso real de equipos de combate y extinci\u00f3n de incendios en simuladores espec\u00edficos relacionados con el \u00e1mbito penitenciario.\u00a0<\/p>\n\n\n\n<figure class=\"wp-block-image size-full\"><img loading=\"lazy\" decoding=\"async\" width=\"918\" height=\"559\" src=\"https:\/\/temucotelevision.cl\/web\/wp-content\/uploads\/2021\/10\/Gendarmeria.jpg\" alt=\"\" class=\"wp-image-26581\" srcset=\"https:\/\/temucotelevision.cl\/web\/wp-content\/uploads\/2021\/10\/Gendarmeria.jpg 918w, https:\/\/temucotelevision.cl\/web\/wp-content\/uploads\/2021\/10\/Gendarmeria-768x468.jpg 768w\" sizes=\"auto, (max-width: 918px) 100vw, 918px\" \/><\/figure>\n","protected":false},"excerpt":{"rendered":"<div class=\"pvc_clear\"><\/div>\n<p id=\"pvc_stats_26579\" class=\"pvc_stats total_only  \" data-element-id=\"26579\" style=\"\"><i class=\"pvc-stats-icon large\" aria-hidden=\"true\"><svg aria-hidden=\"true\" focusable=\"false\" data-prefix=\"far\" data-icon=\"chart-bar\" role=\"img\" xmlns=\"http:\/\/www.w3.org\/2000\/svg\" viewBox=\"0 0 512 512\" class=\"svg-inline--fa fa-chart-bar fa-w-16 fa-2x\"><path fill=\"currentColor\" d=\"M396.8 352h22.4c6.4 0 12.8-6.4 12.8-12.8V108.8c0-6.4-6.4-12.8-12.8-12.8h-22.4c-6.4 0-12.8 6.4-12.8 12.8v230.4c0 6.4 6.4 12.8 12.8 12.8zm-192 0h22.4c6.4 0 12.8-6.4 12.8-12.8V140.8c0-6.4-6.4-12.8-12.8-12.8h-22.4c-6.4 0-12.8 6.4-12.8 12.8v198.4c0 6.4 6.4 12.8 12.8 12.8zm96 0h22.4c6.4 0 12.8-6.4 12.8-12.8V204.8c0-6.4-6.4-12.8-12.8-12.8h-22.4c-6.4 0-12.8 6.4-12.8 12.8v134.4c0 6.4 6.4 12.8 12.8 12.8zM496 400H48V80c0-8.84-7.16-16-16-16H16C7.16 64 0 71.16 0 80v336c0 17.67 14.33 32 32 32h464c8.84 0 16-7.16 16-16v-16c0-8.84-7.16-16-16-16zm-387.2-48h22.4c6.4 0 12.8-6.4 12.8-12.8v-70.4c0-6.4-6.4-12.8-12.8-12.8h-22.4c-6.4 0-12.8 6.4-12.8 12.8v70.4c0 6.4 6.4 12.8 12.8 12.8z\" class=\"\"><\/path><\/svg><\/i> <img loading=\"lazy\" decoding=\"async\" width=\"16\" height=\"16\" alt=\"Loading\" src=\"https:\/\/temucotelevision.cl\/web\/wp-content\/plugins\/page-views-count\/ajax-loader-2x.gif\" border=0 \/><\/p>\n<div class=\"pvc_clear\"><\/div>\n<p>Capacitaci\u00f3n est\u00e1 dirigida a funcionarios que integran las Brigadas Contra Incendios en las distintas Unidades Penales y Especiales de la<\/p>\n","protected":false},"author":1,"featured_media":26580,"comment_status":"open","ping_status":"open","sticky":false,"template":"","format":"standard","meta":{"colormag_page_container_layout":"default_layout","colormag_page_sidebar_layout":"default_layout","footnotes":""},"categories":[14],"tags":[1660,268,326,3081],"class_list":["post-26579","post","type-post","status-publish","format-standard","has-post-thumbnail","hentry","category-temuco","tag-capacitacion","tag-emergencias","tag-gendarmeria","tag-manejo"],"a3_pvc":{"activated":true,"total_views":79,"today_views":0},"_links":{"self":[{"href":"https:\/\/temucotelevision.cl\/web\/wp-json\/wp\/v2\/posts\/26579","targetHints":{"allow":["GET"]}}],"collection":[{"href":"https:\/\/temucotelevision.cl\/web\/wp-json\/wp\/v2\/posts"}],"about":[{"href":"https:\/\/temucotelevision.cl\/web\/wp-json\/wp\/v2\/types\/post"}],"author":[{"embeddable":true,"href":"https:\/\/temucotelevision.cl\/web\/wp-json\/wp\/v2\/users\/1"}],"replies":[{"embeddable":true,"href":"https:\/\/temucotelevision.cl\/web\/wp-json\/wp\/v2\/comments?post=26579"}],"version-history":[{"count":1,"href":"https:\/\/temucotelevision.cl\/web\/wp-json\/wp\/v2\/posts\/26579\/revisions"}],"predecessor-version":[{"id":26582,"href":"https:\/\/temucotelevision.cl\/web\/wp-json\/wp\/v2\/posts\/26579\/revisions\/26582"}],"wp:featuredmedia":[{"embeddable":true,"href":"https:\/\/temucotelevision.cl\/web\/wp-json\/wp\/v2\/media\/26580"}],"wp:attachment":[{"href":"https:\/\/temucotelevision.cl\/web\/wp-json\/wp\/v2\/media?parent=26579"}],"wp:term":[{"taxonomy":"category","embeddable":true,"href":"https:\/\/temucotelevision.cl\/web\/wp-json\/wp\/v2\/categories?post=26579"},{"taxonomy":"post_tag","embeddable":true,"href":"https:\/\/temucotelevision.cl\/web\/wp-json\/wp\/v2\/tags?post=26579"}],"curies":[{"name":"wp","href":"https:\/\/api.w.org\/{rel}","templated":true}]}}